{"id":193142,"date":"2019-08-12T17:31:53","date_gmt":"2019-08-12T14:31:53","guid":{"rendered":"http:\/\/www.tvturk.com\/index.php\/askonda-bayramlasma-etkinligi\/"},"modified":"2019-08-12T17:31:53","modified_gmt":"2019-08-12T14:31:53","slug":"askonda-bayramlasma-etkinligi","status":"publish","type":"post","link":"http:\/\/www.tvturk.com\/index.php\/askonda-bayramlasma-etkinligi\/","title":{"rendered":"ASKON\u2019da bayramla\u015fma etkinli\u011fi"},"content":{"rendered":"<p>Anadolu Aslanlar\u0131 \u0130\u015f Adamlar\u0131 Derne\u011fi (ASKON) Diyarbak\u0131r \u0130l Ba\u015fkanl\u0131\u011f\u0131nda ger\u00e7ekle\u015fen etkinlikte Genel Ba\u015fkan Orhan Ayd\u0131n programa g\u00f6r\u00fcnt\u00fcl\u00fc ba\u011flanarak Diyarbak\u0131rl\u0131lar\u0131n bayram\u0131n\u0131 kutlad\u0131.<\/p>\n<p>ASKON Diyarbak\u0131r \u0130l Ba\u015fkan\u0131 Av. Cevdet Nas\u0131ranl\u0131, Kurban Bayram\u0131 m\u00fcnasebetiyle, ASKON \u00fcyeleri ve vatanda\u015flarla il ba\u015fkanl\u0131\u011f\u0131nda bir araya gelerek bayramla\u015ft\u0131. Bayramla\u015fma s\u0131ras\u0131nda programa cep telefonu ile g\u00f6r\u00fcnt\u00fcl\u00fc ba\u011flanan ASKON Genel Ba\u015fkan\u0131 Orhan Ayd\u0131n, vatanda\u015flar\u0131n bayramlar\u0131n\u0131 kutlad\u0131. Vatanda\u015flar ile k\u0131sa s\u00fcreli\u011fine sohbet eden Ayd\u0131n, G\u00fcneydo\u011fu Anadolu B\u00f6lgesi ile ilgili \u00e7al\u0131\u015fmalar\u0131n\u0131n devam etti\u011fini dile getirdi.<\/p>\n<p>ASKON Diyarbak\u0131r \u0130l Ba\u015fkan\u0131 Cevdet Nas\u0131ranl\u0131, Diyarbak\u0131rl\u0131lar\u0131n selam\u0131n\u0131 ileterek yap\u0131lan g\u00f6r\u00fcnt\u00fcl\u00fc aramadan dolay\u0131 mutlu olduklar\u0131n\u0131 kaydetti. Bayramla\u015fma etkinli\u011finde bir konu\u015fma yapan Nas\u0131ranl\u0131, bayram\u0131, birlik, beraberlik ve huzur i\u00e7inde idrak ederken bu bayram\u0131n ba\u015fta Diyarbak\u0131r, T\u00fcrkiye ve t\u00fcm \u0130slam alemi ile d\u00fcnyaya huzur, bar\u0131\u015f ve karde\u015flikler getirmesini dilediklerini s\u00f6yledi. Ba\u015fkan Nas\u0131ranl\u0131, \u201cBug\u00fcn bayram\u0131n 2\u2019nci g\u00fcn\u00fc ASKON ailesi olarak hem y\u00f6netim \u00fcyelerimiz hem de vatanda\u015flar\u0131m\u0131z ile bir araday\u0131z. Bayram\u0131m\u0131z\u0131 ger\u00e7ekle\u015ftirdik, bu noktada Genel Ba\u015fkan\u0131m\u0131z Orhan Ayd\u0131n\u2019\u0131 g\u00f6r\u00fcnt\u00fcl\u00fc olarak arad\u0131k, kendisi de Diyarbak\u0131r\u2019a ba\u011flan\u0131p burada bulunan b\u00fct\u00fcn arkada\u015flar ve Diyarbak\u0131rl\u0131lar\u0131n bayram\u0131n\u0131 kutlad\u0131. Kendilerine \u00e7ok te\u015fekk\u00fcr ediyoruz\u201d dedi.<\/p>\n","protected":false},"excerpt":{"rendered":"<p>D\u0130YARBAKIR ANADOLU ASLANLARI \u0130\u015e ADAMLARI DERNE\u011e\u0130 \u0130L BA\u015eKANLI\u011eINDA GER\u00c7EKLE\u015eEN BAYRAMLA\u015eMADA, GENEL BA\u015eKAN ORHAN AYDIN G\u00d6R\u00dcNT\u00dcL\u00dc BA\u011eLANARAK D\u0130YARBAKIRLILARIN BAYRAMINI KUTLADI.<\/p>\n","protected":false},"author":1,"featured_media":193143,"comment_status":"closed","ping_status":"open","sticky":false,"template":"","format":"standard","meta":{"jetpack_post_was_ever_published":false,"_jetpack_newsletter_access":"","_jetpack_dont_email_post_to_subs":false,"_jetpack_newsletter_tier_id":0,"_jetpack_memberships_contains_paywalled_content":false,"_jetpack_memberships_contains_paid_content":false,"footnotes":"","jetpack_publicize_message":"","jetpack_publicize_feature_enabled":true,"jetpack_social_post_already_shared":true,"jetpack_social_options":{"image_generator_settings":{"template":"highway","default_image_id":0,"font":"","enabled":false},"version":2}},"categories":[1],"tags":[48340,39511,69],"class_list":["post-193142","post","type-post","status-publish","format-standard","has-post-thumbnail","hentry","category-genel","tag-askonda","tag-bayramlasma","tag-etkinligi"],"jetpack_publicize_connections":[],"jetpack_featured_media_url":"https:\/\/i0.wp.com\/www.tvturk.com\/wp-content\/uploads\/2019\/08\/askonda-bayramlasma-etkinligi_9fc4b0f.jpg?fit=1000%2C562","jetpack_sharing_enabled":true,"jetpack_shortlink":"https:\/\/wp.me\/paKIfm-Ofc","_links":{"self":[{"href":"http:\/\/www.tvturk.com\/index.php\/wp-json\/wp\/v2\/posts\/193142","targetHints":{"allow":["GET"]}}],"collection":[{"href":"http:\/\/www.tvturk.com\/index.php\/wp-json\/wp\/v2\/posts"}],"about":[{"href":"http:\/\/www.tvturk.com\/index.php\/wp-json\/wp\/v2\/types\/post"}],"author":[{"embeddable":true,"href":"http:\/\/www.tvturk.com\/index.php\/wp-json\/wp\/v2\/users\/1"}],"replies":[{"embeddable":true,"href":"http:\/\/www.tvturk.com\/index.php\/wp-json\/wp\/v2\/comments?post=193142"}],"version-history":[{"count":0,"href":"http:\/\/www.tvturk.com\/index.php\/wp-json\/wp\/v2\/posts\/193142\/revisions"}],"wp:featuredmedia":[{"embeddable":true,"href":"http:\/\/www.tvturk.com\/index.php\/wp-json\/wp\/v2\/media\/193143"}],"wp:attachment":[{"href":"http:\/\/www.tvturk.com\/index.php\/wp-json\/wp\/v2\/media?parent=193142"}],"wp:term":[{"taxonomy":"category","embeddable":true,"href":"http:\/\/www.tvturk.com\/index.php\/wp-json\/wp\/v2\/categories?post=193142"},{"taxonomy":"post_tag","embeddable":true,"href":"http:\/\/www.tvturk.com\/index.php\/wp-json\/wp\/v2\/tags?post=193142"}],"curies":[{"name":"wp","href":"https:\/\/api.w.org\/{rel}","templated":true}]}}