{"id":193146,"date":"2019-08-12T17:46:33","date_gmt":"2019-08-12T14:46:33","guid":{"rendered":"http:\/\/www.tvturk.com\/index.php\/disisleri-bakani-yardimcisi-kiran-mecliste-alinan-karar-turkiyede-birligimizi-tekrar-gosterdi\/"},"modified":"2019-08-12T17:46:33","modified_gmt":"2019-08-12T14:46:33","slug":"disisleri-bakani-yardimcisi-kiran-mecliste-alinan-karar-turkiyede-birligimizi-tekrar-gosterdi","status":"publish","type":"post","link":"http:\/\/www.tvturk.com\/index.php\/disisleri-bakani-yardimcisi-kiran-mecliste-alinan-karar-turkiyede-birligimizi-tekrar-gosterdi\/","title":{"rendered":"D\u0131\u015fi\u015fleri Bakan\u0131 Yard\u0131mc\u0131s\u0131 K\u0131ran: &#8220;Mecliste al\u0131nan karar T\u00fcrkiye\u2019de birli\u011fimizi tekrar g\u00f6sterdi&#8221;"},"content":{"rendered":"<p>D\u0131\u015fi\u015fleri Bakan\u0131 Yard\u0131mc\u0131s\u0131 Yavuz Selim K\u0131ran, Ordu\u2019nun \u00dcnye il\u00e7esinde d\u00fczenlenen Kent Bayramla\u015fmas\u0131 program\u0131na kat\u0131ld\u0131. K\u0131ran, &#8220;T\u00fcrkiye Cumhuriyeti\u2019nin \u015fu anki bulundu\u011fu co\u011frafyas\u0131nda \u00fclke olarak zor bir s\u0131navdan ge\u00e7ti\u011fini belirterek, bayramlar\u0131n millet olarak g\u00fc\u00e7l\u00fc bir birliktelik katt\u0131\u011f\u0131n\u0131 ifade etti.<\/p>\n<p>Atat\u00fcrk Park\u0131 Sosyal Tesislerinde d\u00fczenlenen programda konu\u015fan D\u0131\u015fi\u015fleri Bakan\u0131 Yard\u0131mc\u0131s\u0131 Yavuz Selim K\u0131ran, &#8220;Bayramlar\u0131n yediden yetmi\u015fe b\u00fct\u00fcn farkl\u0131l\u0131klar\u0131yla siyasi partilerimizin, sivil toplum kurulu\u015flar\u0131m\u0131z\u0131n, medyam\u0131z\u0131n ve her kesimden vatanda\u015flar\u0131m\u0131z\u0131n bir araya gelmesi bayram\u0131n heyecan\u0131n\u0131 birlikte ya\u015famas\u0131 \u00fclkemizde ve d\u00fcnyam\u0131zda birliktelik anlam\u0131nda \u00e7ok \u00f6nemli bir \u00f6rnek olmaktad\u0131r. Ge\u00e7ti\u011fimiz g\u00fcnlerde meclisimizde \u00f6rnek bir karar al\u0131nd\u0131. T\u00fcrkiye\u2019nin kar\u015f\u0131 kar\u015f\u0131ya kald\u0131\u011f\u0131 en \u00f6nemli tehditlerden biri olan FET\u00d6 ile m\u00fccadelede mecliste bulunan siyasi partilerimizden birinin haricinde b\u00fct\u00fcn partiler bir araya geldi ve ter\u00f6r \u00f6rg\u00fct\u00fc ele ba\u015f\u0131n\u0131n T\u00fcrkiye\u2019ye iadesi noktas\u0131nda son derece \u00f6nemli bir dayan\u0131\u015fma g\u00f6sterdi. Yine ayn\u0131 \u015fekilde T\u00fcrkiye\u2019nin bu g\u00fcn kar\u015f\u0131 kar\u015f\u0131ya kald\u0131\u011f\u0131 en \u00f6nemli s\u0131namas\u0131ndan biri olan Do\u011fu Akdeniz\u2019deki geli\u015fmelerle ilgili yine mecliste bulunan bir siyasi partinin teklifiyle b\u00fct\u00fcn siyasi parti gruplar\u0131 bir araya gelerek T\u00fcrkiye\u2019nin Do\u011fu Akdeniz\u2019deki \u00e7\u0131karlar\u0131n\u0131 asla halel gelmemesi ve K\u0131br\u0131s T\u00fcrklerinin haklar\u0131n\u0131n korunmas\u0131 i\u00e7in bu \u00f6rnek dayan\u0131\u015fmay\u0131 g\u00f6sterdi&#8221; dedi.<\/p>\n<p>&#8220;\u00dclkemiz d\u00f6rt bir taraftan ate\u015f \u00e7emberiyle kar\u015f\u0131 kar\u015f\u0131ya&#8221;<\/p>\n<p>T\u00fcrkiye\u2019nin i\u00e7inde bulundu\u011fu zorlu co\u011frafyada zor durumlardan ge\u00e7ti\u011fini ifade eden K\u0131ran, &#8220;T\u00fcrkiye son derece zorlu bir co\u011frafya i\u00e7erisinde yer almaktad\u0131r. \u0130\u00e7inde bulundu\u011fumuz bu co\u011frafyada \u00e7evremizde son derece s\u0131k\u0131nt\u0131l\u0131 krizlerle kar\u015f\u0131 kar\u015f\u0131yay\u0131z. Irak\u2019a bakt\u0131\u011f\u0131m\u0131zda bir tarafta \u00fclkedeki istikrars\u0131zl\u0131k, di\u011fer taraftan kuzeyden \u00fclkemize y\u00f6nelen ter\u00f6r tehdidi bulunmaktad\u0131r. Tabii burada bir ba\u015fka \u00fclke olan Suriye\u2019ye bakt\u0131\u011f\u0131m\u0131zda m\u00fclteci boyutu bir tarafa kuzeyde F\u0131rat\u2019\u0131n do\u011fusunda olu\u015fturulmaya \u00e7al\u0131\u015f\u0131lan ter\u00f6r koridoru yer almaktad\u0131r. Burada T\u00fcrkiye\u2019nin vermi\u015f oldu\u011fu tepkiler. D\u00fcnya \u00fczerindeki M\u00fcsl\u00fcmanlar i\u00e7erisinde olan Yemen\u2019deki geli\u015fmeler ve Libya\u2019da ate\u015fkese ra\u011fmen ya\u015fanan sald\u0131r\u0131. Daha Mescidi-i Aksa\u2019da ya\u015fan\u0131lan hunharca sald\u0131r\u0131lar ile d\u00fcnyan\u0131n d\u00f6rt bir taraf\u0131nda \u00fclkemizi ku\u015fatan ate\u015f \u00e7emberleri ile kar\u015f\u0131 kar\u015f\u0131yay\u0131z&#8221; ifadelerini kulland\u0131.<\/p>\n<p>&#8220;\u00dclkesel kalk\u0131nmay\u0131 ba\u015far\u0131rsak, k\u00fcresel kalk\u0131nmay\u0131 \u00f6nc\u00fcl\u00fck ederiz&#8221;<\/p>\n<p>Bayramlar\u0131n il\u00e7elerden, illerden ve \u00fclkelerden birlik ve beraberlik olarak kalk\u0131narak k\u00fcresel kalk\u0131nmayan \u00f6nc\u00fcl\u00fck edece\u011fini s\u00f6zlerine ekleyen K\u0131ran,&#8221; Bu kadar krizlere ra\u011fmen millet olarak birlik ve beraberli\u011fimizi bozmadan \u00dcnye, Fatsa, Akku\u015f, Ulubey ve Ordu\u2019muzun her bir k\u00f6\u015fesinden ba\u015flayarak \u00f6ncelikle yerel kalk\u0131nmay\u0131 ard\u0131ndan \u00fclkesel kalk\u0131nmay\u0131 ba\u015far\u0131rsak d\u00fcnya \u00fczerindeki k\u00fcresel kalk\u0131nmaya \u00f6nc\u00fcl\u00fck etmi\u015f oluruz. D\u0131\u015fi\u015fleri Bakanl\u0131\u011f\u0131 olarak her y\u0131l geleneksel olarak b\u00fcy\u00fckel\u00e7iler konferans\u0131 d\u00fczenliyoruz. Bu y\u0131l ki b\u00fcy\u00fckel\u00e7iler konferans\u0131m\u0131z\u0131n konusu sahada ve masada g\u00fc\u00e7l\u00fc diplomasiydi. T\u00fcrkiye T\u00fcrkiye\u2019den b\u00fcy\u00fckt\u00fcr anlay\u0131\u015f\u0131 ile Cumhurba\u015fkan\u0131m\u0131z\u0131n liderli\u011finde d\u00fcnya be\u015ften b\u00fcy\u00fckt\u00fcr iddias\u0131n\u0131 b\u00fct\u00fcn mazlum co\u011frafyalara yaym\u0131\u015f bir \u00fclke olarak \u00fczerimizde \u00e7ok b\u00fcy\u00fck bir sorumluluk bulunmaktad\u0131r. Bu sorumlulu\u011fu yerine getirmenin en \u00f6nemli yolu da hem sahada hem masada g\u00fc\u00e7l\u00fc olmakt\u0131r&#8221; diyerek s\u00f6zlerini tamamlad\u0131.<\/p>\n","protected":false},"excerpt":{"rendered":"<p>DI\u015e\u0130\u015eLER\u0130 BAKAN YARDIMCISI YAVUZ SEL\u0130M KIRAN ORDU&#8217;NUN \u00dcNYE \u0130L\u00c7ES\u0130NDE D\u00dcZENLENEN KENT BAYRAMLA\u015eMASI PROGRAMINA KATILDI.<\/p>\n","protected":false},"author":1,"featured_media":193147,"comment_status":"closed","ping_status":"open","sticky":false,"template":"","format":"standard","meta":{"jetpack_post_was_ever_published":false,"_jetpack_newsletter_access":"","_jetpack_dont_email_post_to_subs":false,"_jetpack_newsletter_tier_id":0,"_jetpack_memberships_contains_paywalled_content":false,"_jetpack_memberships_contains_paid_content":false,"footnotes":"","jetpack_publicize_message":"","jetpack_publicize_feature_enabled":true,"jetpack_social_post_already_shared":true,"jetpack_social_options":{"image_generator_settings":{"template":"highway","default_image_id":0,"font":"","enabled":false},"version":2}},"categories":[1],"tags":[3422,933,18973,1498,4279,2110,18433,544,842,2383,199],"class_list":["post-193146","post","type-post","status-publish","format-standard","has-post-thumbnail","hentry","category-genel","tag-alinan","tag-bakani","tag-birligimizi","tag-disisleri","tag-gosterdi","tag-karar","tag-kiran","tag-mecliste","tag-tekrar","tag-turkiyede","tag-yardimcisi"],"jetpack_publicize_connections":[],"jetpack_featured_media_url":"https:\/\/i0.wp.com\/www.tvturk.com\/wp-content\/uploads\/2019\/08\/disisleri-bakani-yardimcisi-kiran-mecliste-alinan-karar-turkiyede-birligimizi-tekrar-gosterdi_5f58e35.jpg?fit=1000%2C666","jetpack_sharing_enabled":true,"jetpack_shortlink":"https:\/\/wp.me\/paKIfm-Ofg","_links":{"self":[{"href":"http:\/\/www.tvturk.com\/index.php\/wp-json\/wp\/v2\/posts\/193146","targetHints":{"allow":["GET"]}}],"collection":[{"href":"http:\/\/www.tvturk.com\/index.php\/wp-json\/wp\/v2\/posts"}],"about":[{"href":"http:\/\/www.tvturk.com\/index.php\/wp-json\/wp\/v2\/types\/post"}],"author":[{"embeddable":true,"href":"http:\/\/www.tvturk.com\/index.php\/wp-json\/wp\/v2\/users\/1"}],"replies":[{"embeddable":true,"href":"http:\/\/www.tvturk.com\/index.php\/wp-json\/wp\/v2\/comments?post=193146"}],"version-history":[{"count":0,"href":"http:\/\/www.tvturk.com\/index.php\/wp-json\/wp\/v2\/posts\/193146\/revisions"}],"wp:featuredmedia":[{"embeddable":true,"href":"http:\/\/www.tvturk.com\/index.php\/wp-json\/wp\/v2\/media\/193147"}],"wp:attachment":[{"href":"http:\/\/www.tvturk.com\/index.php\/wp-json\/wp\/v2\/media?parent=193146"}],"wp:term":[{"taxonomy":"category","embeddable":true,"href":"http:\/\/www.tvturk.com\/index.php\/wp-json\/wp\/v2\/categories?post=193146"},{"taxonomy":"post_tag","embeddable":true,"href":"http:\/\/www.tvturk.com\/index.php\/wp-json\/wp\/v2\/tags?post=193146"}],"curies":[{"name":"wp","href":"https:\/\/api.w.org\/{rel}","templated":true}]}}