{"id":193152,"date":"2019-08-12T18:01:43","date_gmt":"2019-08-12T15:01:43","guid":{"rendered":"http:\/\/www.tvturk.com\/index.php\/emniyet-genel-muduru-aktas-en-mutlu-gunumuze-aci-karismasin-uzulmeyelim\/"},"modified":"2019-08-12T18:01:43","modified_gmt":"2019-08-12T15:01:43","slug":"emniyet-genel-muduru-aktas-en-mutlu-gunumuze-aci-karismasin-uzulmeyelim","status":"publish","type":"post","link":"http:\/\/www.tvturk.com\/index.php\/emniyet-genel-muduru-aktas-en-mutlu-gunumuze-aci-karismasin-uzulmeyelim\/","title":{"rendered":"Emniyet Genel M\u00fcd\u00fcr\u00fc Akta\u015f: \u201cEn mutlu g\u00fcn\u00fcm\u00fcze ac\u0131 kar\u0131\u015fmas\u0131n, \u00fcz\u00fclmeyelim\u201d"},"content":{"rendered":"<p>Bing\u00f6l\u2019e giden Emniyet Genel M\u00fcd\u00fcr\u00fc Mehmet Akta\u015f, \u201c\u015e\u00fck\u00fcrler olsun, rakamlar g\u00f6steriyor ki, ge\u00e7mi\u015f y\u0131llarla k\u0131yasland\u0131\u011f\u0131nda \u00e7ok daha iyi sonu\u00e7lar\u0131 elde etmi\u015fiz. Tabii amac\u0131m\u0131z, hedefimiz bu en mutlu g\u00fcn\u00fcm\u00fcze ac\u0131 kar\u0131\u015fmas\u0131n, \u00fcz\u00fclmeyelim\u201d dedi.<\/p>\n<p>Emniyet Genel M\u00fcd\u00fcr\u00fc Mehmet Akta\u015f, Bing\u00f6l\u2019e geldi. \u0130lk olarak Bing\u00f6l Valisi Kadir Ekinci\u2019yi makam\u0131nda ziyaret eden Akta\u015f, daha sonra \u0130\u00e7i\u015fleri Bakanl\u0131\u011f\u0131n\u0131n tatil s\u00fcresince ald\u0131\u011f\u0131 tedbirler kapsam\u0131nda, Elaz\u0131\u011f-Bing\u00f6l Karayolu\u2019nda bulunan \u2019Ya\u015fam \u00c7ad\u0131r\u0131\u2019nda vatanda\u015flar\u0131 bilgilendirdi. Burada ara\u00e7larda bulunan \u00e7ocuklara \u00e7e\u015fitli hediyeler veren  Akta\u015f, kazalar\u0131 en aza indirmek i\u00e7in seferberlik ilan ettiklerini s\u00f6yledi.<\/p>\n<p>64 bin ekip 100 bin personelin sahada oldu\u011funu aktaran Emniyet Genel M\u00fcd\u00fcr\u00fc Akta\u015f, \u201cEmniyet Genel M\u00fcd\u00fcrl\u00fc\u011f\u00fcm\u00fcz bayram boyunca toplam 7 g\u00fcn, kaza olmas\u0131n diye veya trafik kazalar\u0131n\u0131 en aza indirebilmek i\u00e7in b\u00fcy\u00fck bir seferberlik ilan etti. Bu kapsamda, tatil boyunca g\u00fcnl\u00fck ortama 7 bin 700 noktada 13 bin 500 personelin g\u00f6rev yapaca\u011f\u0131 bir tedbir uygulamas\u0131 ba\u015flatt\u0131k. 7 g\u00fcn s\u00fcresi i\u00e7in toplam 64 bin ekip 100 bin personelle arkada\u015flar\u0131m\u0131z sahada oldular, olacaklar. Amac\u0131m\u0131z kaza oran\u0131n\u0131 en aza indirebilmek. Can ve mal kayb\u0131na engel olmak. \u015e\u00fck\u00fcrler olsun, rakamlar g\u00f6steriyor ki, ge\u00e7mi\u015f y\u0131llarla k\u0131yasland\u0131\u011f\u0131nda \u00e7ok daha iyi sonu\u00e7lar\u0131 elde etmi\u015fiz. Tabii amac\u0131m\u0131z, hedefimiz bu en mutlu g\u00fcn\u00fcm\u00fcze ac\u0131 kar\u0131\u015fmas\u0131n, \u00fcz\u00fclmeyelim\u201d \u015feklinde konu\u015ftu.<\/p>\n<p>Kontrol noktalar\u0131ndaki ama\u00e7lar\u0131na de\u011finen Akta\u015f, \u201cKontrol noktalar\u0131nda arkada\u015flar\u0131m\u0131z, y\u00fcz y\u00fcze ileti\u015fime ge\u00e7erek hem trafik bilincinin artt\u0131r\u0131lmas\u0131na y\u00f6nelik \u00e7al\u0131\u015fmalar\u0131 ortaya koyuyorlar hem de normal, rutin denetimlerini yap\u0131yorlar. Bing\u00f6l\u2019de de kontrol noktas\u0131nday\u0131z. Ayn\u0131 zamanda da ya\u015fam t\u00fcneli uygulamas\u0131n\u0131n oldu\u011fu noktaday\u0131z. Ya\u015fam T\u00fcneli Uygulamas\u0131ndaki en b\u00fcy\u00fck ama\u00e7, insanlar\u0131m\u0131z birebir y\u00fcz y\u00fcze ileti\u015fim kurarak, onlar\u0131n hem yorgunluklar\u0131n\u0131 gidermek hem trafik kurallar\u0131 ile ilgili bir bilin\u00e7 olu\u015fturmak hem de \u00e7ocuklar\u0131m\u0131z\u0131n i\u00e7in uygulamaya koydu\u011fumuz projeler hakk\u0131nda onlar\u0131 bilgilendirmek\u201difadelerini kulland\u0131.<\/p>\n<p>Akta\u015f\u2019\u0131n uygulama noktas\u0131ndaki ziyaretine, Vali Kadir Ekinci ve \u0130l Emniyet M\u00fcd\u00fcr\u00fc Metin Akay e\u015flik etti.<\/p>\n","protected":false},"excerpt":{"rendered":"<p>EMN\u0130YET GENEL M\u00dcD\u00dcR\u00dc MEHMET AKTA\u015e, B\u0130NG\u00d6L\u2019E GELD\u0130. \u0130LK OLARAK B\u0130NG\u00d6L VAL\u0130S\u0130 KAD\u0130R EK\u0130NC\u0130\u2019Y\u0130 MAKAMINDA Z\u0130YARET EDEN EMN\u0130YET GENEL M\u00dcD\u00dcR\u00dc AKTA\u015e, DAHA SONRA \u0130\u00c7\u0130\u015eLER\u0130 BAKANLI\u011eI&#8217;NIN TAT\u0130L S\u00dcRES\u0130NCE ALDI\u011eI TEDB\u0130RLER KAPSAMINDA, ELAZI\u011e-B\u0130NG\u00d6L KARAYOLU\u2019NDA BULUNAN &#8220;YA\u015eAM \u00c7ADIRI&#8221;NDA VATANDA\u015eLARI B\u0130LG\u0130LEND\u0130RD\u0130.<\/p>\n","protected":false},"author":1,"featured_media":193153,"comment_status":"closed","ping_status":"open","sticky":false,"template":"","format":"standard","meta":{"jetpack_post_was_ever_published":false,"_jetpack_newsletter_access":"","_jetpack_dont_email_post_to_subs":false,"_jetpack_newsletter_tier_id":0,"_jetpack_memberships_contains_paywalled_content":false,"_jetpack_memberships_contains_paid_content":false,"footnotes":"","jetpack_publicize_message":"","jetpack_publicize_feature_enabled":true,"jetpack_social_post_already_shared":true,"jetpack_social_options":{"image_generator_settings":{"template":"highway","default_image_id":0,"font":"","enabled":false},"version":2}},"categories":[1],"tags":[2370,872,2369,253,869,6593,29431,254,4828,48346],"class_list":["post-193152","post","type-post","status-publish","format-standard","has-post-thumbnail","hentry","category-genel","tag-en","tag-aci","tag-aktas","tag-emniyet","tag-genel","tag-gunumuze","tag-karismasin","tag-muduru","tag-mutlu","tag-uzulmeyelim"],"jetpack_publicize_connections":[],"jetpack_featured_media_url":"https:\/\/i0.wp.com\/www.tvturk.com\/wp-content\/uploads\/2019\/08\/emniyet-genel-muduru-aktas-en-mutlu-gunumuze-aci-karismasin-uzulmeyelim_842e0a2.jpg?fit=1000%2C666","jetpack_sharing_enabled":true,"jetpack_shortlink":"https:\/\/wp.me\/paKIfm-Ofm","_links":{"self":[{"href":"http:\/\/www.tvturk.com\/index.php\/wp-json\/wp\/v2\/posts\/193152","targetHints":{"allow":["GET"]}}],"collection":[{"href":"http:\/\/www.tvturk.com\/index.php\/wp-json\/wp\/v2\/posts"}],"about":[{"href":"http:\/\/www.tvturk.com\/index.php\/wp-json\/wp\/v2\/types\/post"}],"author":[{"embeddable":true,"href":"http:\/\/www.tvturk.com\/index.php\/wp-json\/wp\/v2\/users\/1"}],"replies":[{"embeddable":true,"href":"http:\/\/www.tvturk.com\/index.php\/wp-json\/wp\/v2\/comments?post=193152"}],"version-history":[{"count":0,"href":"http:\/\/www.tvturk.com\/index.php\/wp-json\/wp\/v2\/posts\/193152\/revisions"}],"wp:featuredmedia":[{"embeddable":true,"href":"http:\/\/www.tvturk.com\/index.php\/wp-json\/wp\/v2\/media\/193153"}],"wp:attachment":[{"href":"http:\/\/www.tvturk.com\/index.php\/wp-json\/wp\/v2\/media?parent=193152"}],"wp:term":[{"taxonomy":"category","embeddable":true,"href":"http:\/\/www.tvturk.com\/index.php\/wp-json\/wp\/v2\/categories?post=193152"},{"taxonomy":"post_tag","embeddable":true,"href":"http:\/\/www.tvturk.com\/index.php\/wp-json\/wp\/v2\/tags?post=193152"}],"curies":[{"name":"wp","href":"https:\/\/api.w.org\/{rel}","templated":true}]}}