{"id":193154,"date":"2019-08-12T18:01:48","date_gmt":"2019-08-12T15:01:48","guid":{"rendered":"http:\/\/www.tvturk.com\/index.php\/cocuguna-iskence-yapan-anne-tutuklandi\/"},"modified":"2019-08-12T18:01:48","modified_gmt":"2019-08-12T15:01:48","slug":"cocuguna-iskence-yapan-anne-tutuklandi","status":"publish","type":"post","link":"http:\/\/www.tvturk.com\/index.php\/cocuguna-iskence-yapan-anne-tutuklandi\/","title":{"rendered":"\u00c7ocu\u011funa i\u015fkence yapan anne tutukland\u0131"},"content":{"rendered":"<p>SAMSUN (\u0130HA) \u2013 Samsun\u2019da babas\u0131yla ya\u015fayan 7 ya\u015f\u0131ndaki bir \u00e7ocu\u011fun ayr\u0131 ya\u015fad\u0131\u011f\u0131 annesi taraf\u0131ndan Van\u2019a ka\u00e7\u0131r\u0131lmas\u0131n\u0131n ard\u0131ndan birlikte ya\u015fad\u0131\u011f\u0131 \u015fah\u0131sla birlikte i\u015fkence uygulayan anne tutukland\u0131. Annenin tutuklanmas\u0131na ili\u015fkin baba Emrah Asan, \u201cAdalet yerini buldu\u201d dedi.<\/p>\n<p>Samsun\u2019un \u0130lkad\u0131m il\u00e7esi \u0130lyask\u00f6y Mahallesi\u2019nde esnafl\u0131k yapan Emrah Asan (40), yakla\u015f\u0131k 5 y\u0131l \u00f6nce e\u015fi Ayla K.\u2019dan bo\u015fand\u0131. \u0130ddiaya g\u00f6re, Van\u2019da bir ilkokulda \u00f6\u011fretmenlik yapan Ayla K., 1 ay \u00f6nce 7 ya\u015f\u0131ndaki \u00e7ocuklar\u0131 \u00d6.Y.A.\u2019y\u0131 Van\u2019a ka\u00e7\u0131rd\u0131. K\u00fc\u00e7\u00fck \u00e7ocuk, Van\u2019a gittikten birka\u00e7 g\u00fcn sonra \u201cbabama gidece\u011fim\u201d deyince annesi Ayla K. ve annesinin birlikte ya\u015fad\u0131\u011f\u0131 \u0130nan K. taraf\u0131ndan i\u015fkencelere maruz kald\u0131. Annesi ve birlikte ya\u015fad\u0131\u011f\u0131 \u015fah\u0131s taraf\u0131ndan eli matkapla delinmeye \u00e7al\u0131\u015f\u0131lan k\u00fc\u00e7\u00fck \u00e7ocuk daha sonra uykusundan uyand\u0131r\u0131l\u0131p v\u00fccudunun \u00e7o\u011fu yeri \u0131s\u0131r\u0131larak tahrip edildi. En sonra nokta olarak anne ve birlikte ya\u015fad\u0131\u011f\u0131 adam taraf\u0131ndan \u00f6lmesi i\u00e7in Van G\u00f6l\u00fc\u2019ne at\u0131ld\u0131\u011f\u0131 ileri s\u00fcr\u00fclen 7 ya\u015f\u0131ndaki \u00e7ocuk y\u00fczme bilmesi sayesinde hayatta kald\u0131.<\/p>\n<p>Anne ve birlikte ya\u015fad\u0131\u011f\u0131 \u015fah\u0131s tutukland\u0131<\/p>\n<p>\u00c7ocu\u011fun durumunu g\u00f6ren bir ba\u015fka aile ise \u00e7ocu\u011fun yan\u0131na gidip babas\u0131n\u0131n numaras\u0131n\u0131 istedi. Durumu \u00f6\u011frenen baba Emrah Asan, Samsun\u2019daki i\u015fini b\u0131rakarak Van\u2019a gidip \u00e7ocu\u011funu annesinin yan\u0131ndan ald\u0131. Anneden ve yan\u0131nda ya\u015fad\u0131\u011f\u0131 \u015fah\u0131stan \u015fikayet\u00e7i olan Emrah Asan\u2019\u0131n \u015fikayetinin ard\u0131ndan \u00f6nce \u0130nan K. sonra ise Ayla K. \u00e7\u0131kar\u0131ld\u0131klar\u0131 mahkemece tutukland\u0131.<\/p>\n<p>\u201cAdalet yerini buldu\u201d<\/p>\n<p>Anne Ayla K. ve birlikte ya\u015fad\u0131\u011f\u0131 \u015fahs\u0131n tutuklanmas\u0131n\u0131 sevin\u00e7le kar\u015f\u0131layan Emrah Asan, \u201c\u00c7ok \u015f\u00fck\u00fcr o\u011fluma i\u015fkence yapan ve \u00f6\u011fretmen olan o kad\u0131n da art\u0131k tutukland\u0131. \u0130n\u015fallah gerekli en a\u011f\u0131r cezay\u0131 alacak ikisi de. Bu olay\u0131 \u00f6rtbas etmeye \u00e7al\u0131\u015fanlar hakk\u0131nda da gerekli su\u00e7 duyurusunda bulundum. Bu olaya kar\u0131\u015fan herkes in\u015fallah gerekli cezay\u0131 alacak. Adalet yerini buldu. \u015euan cezaevindeler. Daha ne kadar ceza alacaklar\u0131 belli de\u011fil. En a\u011f\u0131r cezay\u0131 alacaklar in\u015fallah. Milli E\u011fitim Bakanl\u0131\u011f\u0131 da gerekli hassasiyeti g\u00f6sterir ve \u00f6\u011fretmenlikten uzakla\u015ft\u0131r\u0131l\u0131r o kad\u0131n in\u015fallah. Gerekli hassasiyeti g\u00f6steren herkese te\u015fekk\u00fcr ediyorum\u201d dedi.<\/p>\n<p>\u201cBabam\u0131n yan\u0131nda mutluyum\u201d<\/p>\n<p>K\u00fc\u00e7\u00fck \u00e7ocuk ise &#8220;Bana bunlar\u0131 yapan kad\u0131n ve adam\u0131n tutuklanmalar\u0131na sevindim. Babam\u0131n yan\u0131ndan ayr\u0131lmayaca\u011f\u0131m. Babam\u0131n yan\u0131nda kalaca\u011f\u0131m art\u0131k. \u00c7ok mutluyum burada\u201d diye konu\u015ftu.<\/p>\n","protected":false},"excerpt":{"rendered":"<p>SAMSUN\u2019DA BABASIYLA YA\u015eAYAN 7 YA\u015eINDAK\u0130 B\u0130R \u00c7OCU\u011eUN AYRI YA\u015eADI\u011eI ANNES\u0130 TARAFINDAN VAN\u2019A KA\u00c7IRILMASININ ARDINDAN B\u0130RL\u0130KTE YA\u015eADI\u011eI \u015eAHISLA B\u0130RL\u0130KTE \u0130\u015eKENCE UYGULAYAN ANNE TUTUKLANDI. ANNEN\u0130N TUTUKLANMASINA \u0130L\u0130\u015eK\u0130N BABA EMRAH ASAN, \u201cADALET YER\u0130N\u0130 BULDU\u201d DED\u0130.<\/p>\n","protected":false},"author":1,"featured_media":193155,"comment_status":"closed","ping_status":"open","sticky":false,"template":"","format":"standard","meta":{"jetpack_post_was_ever_published":false,"_jetpack_newsletter_access":"","_jetpack_dont_email_post_to_subs":false,"_jetpack_newsletter_tier_id":0,"_jetpack_memberships_contains_paywalled_content":false,"_jetpack_memberships_contains_paid_content":false,"footnotes":"","jetpack_publicize_message":"","jetpack_publicize_feature_enabled":true,"jetpack_social_post_already_shared":true,"jetpack_social_options":{"image_generator_settings":{"template":"highway","default_image_id":0,"font":"","enabled":false},"version":2}},"categories":[1],"tags":[5582,16956,16476,1804,1420],"class_list":["post-193154","post","type-post","status-publish","format-standard","has-post-thumbnail","hentry","category-genel","tag-anne","tag-cocuguna","tag-iskence","tag-tutuklandi","tag-yapan"],"jetpack_publicize_connections":[],"jetpack_featured_media_url":"https:\/\/i0.wp.com\/www.tvturk.com\/wp-content\/uploads\/2019\/08\/cocuguna-iskence-yapan-anne-tutuklandi_e07b4d5.jpg?fit=1000%2C562","jetpack_sharing_enabled":true,"jetpack_shortlink":"https:\/\/wp.me\/paKIfm-Ofo","_links":{"self":[{"href":"http:\/\/www.tvturk.com\/index.php\/wp-json\/wp\/v2\/posts\/193154","targetHints":{"allow":["GET"]}}],"collection":[{"href":"http:\/\/www.tvturk.com\/index.php\/wp-json\/wp\/v2\/posts"}],"about":[{"href":"http:\/\/www.tvturk.com\/index.php\/wp-json\/wp\/v2\/types\/post"}],"author":[{"embeddable":true,"href":"http:\/\/www.tvturk.com\/index.php\/wp-json\/wp\/v2\/users\/1"}],"replies":[{"embeddable":true,"href":"http:\/\/www.tvturk.com\/index.php\/wp-json\/wp\/v2\/comments?post=193154"}],"version-history":[{"count":0,"href":"http:\/\/www.tvturk.com\/index.php\/wp-json\/wp\/v2\/posts\/193154\/revisions"}],"wp:featuredmedia":[{"embeddable":true,"href":"http:\/\/www.tvturk.com\/index.php\/wp-json\/wp\/v2\/media\/193155"}],"wp:attachment":[{"href":"http:\/\/www.tvturk.com\/index.php\/wp-json\/wp\/v2\/media?parent=193154"}],"wp:term":[{"taxonomy":"category","embeddable":true,"href":"http:\/\/www.tvturk.com\/index.php\/wp-json\/wp\/v2\/categories?post=193154"},{"taxonomy":"post_tag","embeddable":true,"href":"http:\/\/www.tvturk.com\/index.php\/wp-json\/wp\/v2\/tags?post=193154"}],"curies":[{"name":"wp","href":"https:\/\/api.w.org\/{rel}","templated":true}]}}