{"id":193170,"date":"2019-08-12T20:01:22","date_gmt":"2019-08-12T17:01:22","guid":{"rendered":"http:\/\/www.tvturk.com\/index.php\/guatemalada-secimleri-trumpin-anlasmasini-reddeden-giammattei-kazandi\/"},"modified":"2019-08-12T20:01:22","modified_gmt":"2019-08-12T17:01:22","slug":"guatemalada-secimleri-trumpin-anlasmasini-reddeden-giammattei-kazandi","status":"publish","type":"post","link":"http:\/\/www.tvturk.com\/index.php\/guatemalada-secimleri-trumpin-anlasmasini-reddeden-giammattei-kazandi\/","title":{"rendered":"Guatemala\u2019da se\u00e7imleri Trump\u2019\u0131n anla\u015fmas\u0131n\u0131 reddeden Giammattei kazand\u0131"},"content":{"rendered":"<p>Orta Amerika \u00fclkesi Guatemala\u2019daki se\u00e7imleri, ABD ile yap\u0131lan \u201cg\u00fcvenli \u00fc\u00e7\u00fcnc\u00fc \u00fclke\u201d anla\u015fmas\u0131n\u0131 reddeden Vamos (Haydi) Partisi lideri Alejandro Giammattei kazand\u0131.<\/p>\n<p>Guatemala Y\u00fcksek Se\u00e7im Mahkemesi (TSE) muhafazakar Vamos (Haydi) Partisi lideri Alejandro Giammattei\u2019yi 2020-2024 d\u00f6neminde devlet ba\u015fkan\u0131 olarak onaylad\u0131. TSE\u2019den yap\u0131lan yaz\u0131l\u0131 a\u00e7\u0131klamada, \u201cHakimler Giammattei\u2019ye olan e\u011filimi onaylad\u0131. Vamos Partisi\u2019nin lideri Alejandro Giammattei\u2019yi Guatemala\u2019n\u0131n yeni ba\u015fkan\u0131 olarak kabul etti\u201d denildi.<\/p>\n<p>&#8220;Halktan uzakta bir ba\u015fkan bulmayacaklar&#8221;<\/p>\n<p>Giammattei yapt\u0131\u011f\u0131 ilk a\u00e7\u0131klamada, \u201cHalktan uzakta bir ba\u015fkan bulmayacaklar. Halk\u0131n yak\u0131n\u0131nda bir ba\u015fkanlar\u0131 olacak. Bizim yapmam\u0131z gereken \u00fclkemizi yeniden in\u015fa etmek\u201d s\u00f6zlerini kulland\u0131.<\/p>\n<p>Ayn\u0131 zamanda doktor olan yeni Devlet Ba\u015fkan\u0131, mesaj\u0131nda \u00fclkenin kutupla\u015fm\u0131\u015f ve b\u00f6l\u00fcnm\u00fc\u015f oldu\u011funu bu y\u00fczden farkl\u0131 bir Guatemala in\u015fa etme m\u00fccadelesine odaklanacaklar\u0131n\u0131 s\u00f6yledi. Se\u00e7imin galibi Giammatei 14 Ocak 2020\u2019de, yard\u0131mc\u0131s\u0131 Guillermo Reyes ile birlikte g\u00f6reve ba\u015flayacak.<\/p>\n<p>Se\u00e7imi kaybeden mevcut Devlet Ba\u015fkan\u0131 Jimmy Morales ise, \u201cSe\u00e7ime giden ve bu se\u00e7im s\u00fcrecinin kahraman\u0131 olan Guatemalam\u0131z\u0131 tebrik ediyorum. Rakibim Alejandro Giammattei\u2019ye tebriklerimi sunmama izin verin&#8221; dedi.<\/p>\n<p>Umut \u0130\u00e7in Ulusal Birlik Partisi\u2019nin aday\u0131 Sandra Torres de d\u00fczenledi\u011fi bas\u0131n toplant\u0131s\u0131nda Giammattei\u2019nin zaferini Guatemala halk\u0131n\u0131n iradesinin bir ifadesi oldu\u011funu kabul etti.<\/p>\n<p>Guatemala\u2019da 8,1 milyon kay\u0131tl\u0131 se\u00e7men olmas\u0131na ra\u011fmen halk\u0131n y\u00fczde 40\u2019\u0131ndan biraz az\u0131 bu hakk\u0131n\u0131 kulland\u0131. Y\u00fcksek Se\u00e7im Mahkemesi\u2019nin (TSE) verdi\u011fi resmi sonu\u00e7lara g\u00f6re, Giammattei 1 milyon 377 bin 057 (y\u00fczde 58.01), Torres ise 1 milyon 373 bin 025 (y\u00fczde 41.99) oy almay\u0131 ba\u015fard\u0131.<\/p>\n<p>Trump, yard\u0131m\u0131 kesmekle tehdit ediyor<\/p>\n<p>Guatemala \u00f6zellikle son d\u00f6nemde ABD\u2019ye giden g\u00f6\u00e7 kervanlar\u0131 sayesinde d\u00fcnyan\u0131n ilgisini \u00e7ekti. Bu \u00fclkeden yola \u00e7\u0131kan insanlar daha iyi hayat \u015fartlar\u0131 i\u00e7in Meksika \u00fczerinden ABD\u2019ye ula\u015fmaya \u00e7al\u0131\u015f\u0131yor. Trump y\u00f6netimi ise Guatemala ile beraber Meksika,  Honduras ve El Salvador\u2019dan yasa d\u0131\u015f\u0131 g\u00f6\u00e7\u00fc \u00f6nlemelerini talep ediyor, \u201cDestek g\u00f6rmezsek yard\u0131m vermeyi b\u0131rak\u0131r\u0131z\u201d tehdidinde bulunuyor. Buna ra\u011fmen g\u00f6\u00e7men ak\u0131\u015f\u0131 engellenemiyor. K\u0131sa s\u00fcre \u00f6nce de Meksika\u2019dan ABD\u2019ye ge\u00e7mek isteyen 4 Guatemalal\u0131 g\u00f6\u00e7men, Rio Grande nehrinde bo\u011fularak \u00f6lm\u00fc\u015ft\u00fc.<\/p>\n<p>Bir s\u00fcre \u00f6nce ise ABD ile Guatemala aras\u0131nda Orta Amerika\u2019dan iltica i\u00e7in ABD\u2019ye giden kervanlar\u0131n ge\u00e7i\u015f yapt\u0131klar\u0131 bu \u00fclkede kalmalar\u0131n\u0131 \u00f6ng\u00f6ren \u2019g\u00fcvenli \u00fc\u00e7\u00fcnc\u00fc \u00fclke\u2019 anla\u015fmas\u0131 imzalanm\u0131\u015ft\u0131. Se\u00e7imin ilk turunda Torres\u2019in gerisinde kalan Giammattei, se\u00e7im s\u00fcrecinde bu anla\u015fmay\u0131 reddetti\u011fini a\u00e7\u0131klay\u0131nca pop\u00fclerli\u011fi artarak se\u00e7imi kazand\u0131.<\/p>\n","protected":false},"excerpt":{"rendered":"<p>ORTA AMER\u0130KA \u00dcLKELER\u0130NDEN GUATEMALA\u2019DA YAPILAN SE\u00c7\u0130MLER\u0130 ABD \u0130LE YAPILAN \u201cG\u00dcVENL\u0130 \u00dc\u00c7\u00dcNC\u00dc \u00dcLKE\u201d ANLA\u015eMASINI REDDEDEN VAMOS (HAYD\u0130) PART\u0130S\u0130 L\u0130DER\u0130 ALEJANDRO G\u0130AMMATTE\u0130 KAZANDI.<\/p>\n","protected":false},"author":1,"featured_media":193171,"comment_status":"closed","ping_status":"open","sticky":false,"template":"","format":"standard","meta":{"jetpack_post_was_ever_published":false,"_jetpack_newsletter_access":"","_jetpack_dont_email_post_to_subs":false,"_jetpack_newsletter_tier_id":0,"_jetpack_memberships_contains_paywalled_content":false,"_jetpack_memberships_contains_paid_content":false,"footnotes":"","jetpack_publicize_message":"","jetpack_publicize_feature_enabled":true,"jetpack_social_post_already_shared":true,"jetpack_social_options":{"image_generator_settings":{"template":"highway","default_image_id":0,"font":"","enabled":false},"version":2}},"categories":[10],"tags":[4803,48353,28310,3801,28813,6949,16440],"class_list":["post-193170","post","type-post","status-publish","format-standard","has-post-thumbnail","hentry","category-dunya","tag-anlasmasini","tag-giammattei","tag-guatemalada","tag-kazandi","tag-reddeden","tag-secimleri","tag-trumpin"],"jetpack_publicize_connections":[],"jetpack_featured_media_url":"https:\/\/i0.wp.com\/www.tvturk.com\/wp-content\/uploads\/2019\/08\/guatemalada-secimleri-trumpin-anlasmasini-reddeden-giammattei-kazandi_6fdf764.jpg?fit=1000%2C666","jetpack_sharing_enabled":true,"jetpack_shortlink":"https:\/\/wp.me\/paKIfm-OfE","_links":{"self":[{"href":"http:\/\/www.tvturk.com\/index.php\/wp-json\/wp\/v2\/posts\/193170","targetHints":{"allow":["GET"]}}],"collection":[{"href":"http:\/\/www.tvturk.com\/index.php\/wp-json\/wp\/v2\/posts"}],"about":[{"href":"http:\/\/www.tvturk.com\/index.php\/wp-json\/wp\/v2\/types\/post"}],"author":[{"embeddable":true,"href":"http:\/\/www.tvturk.com\/index.php\/wp-json\/wp\/v2\/users\/1"}],"replies":[{"embeddable":true,"href":"http:\/\/www.tvturk.com\/index.php\/wp-json\/wp\/v2\/comments?post=193170"}],"version-history":[{"count":0,"href":"http:\/\/www.tvturk.com\/index.php\/wp-json\/wp\/v2\/posts\/193170\/revisions"}],"wp:featuredmedia":[{"embeddable":true,"href":"http:\/\/www.tvturk.com\/index.php\/wp-json\/wp\/v2\/media\/193171"}],"wp:attachment":[{"href":"http:\/\/www.tvturk.com\/index.php\/wp-json\/wp\/v2\/media?parent=193170"}],"wp:term":[{"taxonomy":"category","embeddable":true,"href":"http:\/\/www.tvturk.com\/index.php\/wp-json\/wp\/v2\/categories?post=193170"},{"taxonomy":"post_tag","embeddable":true,"href":"http:\/\/www.tvturk.com\/index.php\/wp-json\/wp\/v2\/tags?post=193170"}],"curies":[{"name":"wp","href":"https:\/\/api.w.org\/{rel}","templated":true}]}}