{"id":193192,"date":"2019-08-12T23:31:44","date_gmt":"2019-08-12T20:31:44","guid":{"rendered":"http:\/\/www.tvturk.com\/index.php\/dunya-plaj-guresi-dunya-sampiyonu-zeynepe-memleketinde-davul-zurnali-karsilama\/"},"modified":"2019-08-12T23:31:44","modified_gmt":"2019-08-12T20:31:44","slug":"dunya-plaj-guresi-dunya-sampiyonu-zeynepe-memleketinde-davul-zurnali-karsilama","status":"publish","type":"post","link":"http:\/\/www.tvturk.com\/index.php\/dunya-plaj-guresi-dunya-sampiyonu-zeynepe-memleketinde-davul-zurnali-karsilama\/","title":{"rendered":"D\u00fcnya Plaj G\u00fcre\u015fi D\u00fcnya \u015eampiyonu Zeynep\u2019e memleketinde davul zurnal\u0131 kar\u015f\u0131lama"},"content":{"rendered":"<p>Ukrayna\u2019n\u0131n Odessa \u015fehrindeki Plaj G\u00fcre\u015fi D\u00fcnya \u015eampiyonas\u0131\u2019nda 60 kiloda y\u0131ld\u0131zlarda d\u00fcnya \u015fampiyonu olan Zeynep Y\u0131ld\u0131r\u0131m, memleketi Antalya\u2019n\u0131n Korkuteli il\u00e7esinde davul zurnayla kar\u015f\u0131land\u0131.<\/p>\n<p>10-11 A\u011fustos tarihleri aras\u0131nda Ukrayna\u2019n\u0131n Odessa \u015fehrinde d\u00fczenlenen y\u0131ld\u0131z-gen\u00e7 kad\u0131n ve erkekler Plaj G\u00fcre\u015fi D\u00fcnya \u015eampiyonas\u0131\u2019nda T\u00fcrkiye, hem y\u0131ld\u0131zlarda hem de gen\u00e7lerde tak\u0131m halinde d\u00fcnya ikincisi oldu. \u015eampiyonada Korkuteli Lokman Hekim Mesleki ve Teknik Anadolu Lisesi 12\u2019inci s\u0131n\u0131f \u00f6\u011frencisi Zeynep Y\u0131ld\u0131r\u0131m, 60 kiloda y\u0131ld\u0131zlarda d\u00fcnya \u015fampiyonu oldu.<\/p>\n<p>Korkuteli giri\u015finde konvoylar ile kar\u015f\u0131lanan plaj g\u00fcre\u015fi d\u00fcnya \u015fampiyonu Zeynep Y\u0131ld\u0131r\u0131m, davul zurna e\u015fli\u011finde \u015fehitler an\u0131t\u0131na geldi. Burada Korkuteli Kaymakam\u0131m \u00d6mer \u00c7im\u015fit, Belediye Ba\u015fken vekili \u0130smet Senek\u00e7i, Gen\u00e7lik Hizmetleri ve Spor \u0130l\u00e7e M\u00fcd\u00fcr\u00fc Ahmet Tun\u00e7, Korkuteli \u0130l\u00e7e Milli E\u011fitim M\u00fcd\u00fcr\u00fc \u0130smet Y\u0131ld\u0131z ve Korkutelililer taraf\u0131ndan kar\u015f\u0131lanan D\u00fcnya \u015fampiyonu Zeynep Y\u0131ld\u0131r\u0131m\u2019a Korkuteli Kaymakam\u0131 \u00d6mer \u00c7im\u015fit taraf\u0131ndan buket takdim edildi.<\/p>\n<p>T\u00f6rende konu\u015fan Belediye Ba\u015fkanvekili \u0130smet Senek\u00e7i, &#8220;Bu ba\u015far\u0131 Korkuteli\u2019miz i\u00e7in \u00e7ok \u00f6nemli bir gurur. Korkuteli\u2019miz ba\u015fpehlivanlar\u0131 ile me\u015fhur. Zeynep karde\u015fimizde bizleri Yurtd\u0131\u015f\u0131nda bir ba\u015far\u0131 elde ederek bizleri gururland\u0131rd\u0131. Kendisini tebrik ediyorum\u201d \u015feklinde konu\u015ftu<\/p>\n<p>Korkuteli Kaymakam\u0131 \u00d6mer \u00c7im\u015fit ise, bayram sevin\u00e7lerinin ikiye katland\u0131\u011f\u0131n\u0131 belirterek Zeynep Y\u0131ld\u0131r\u0131m\u2019\u0131 tebrik etti.  \u00c7im\u015fik, \u201cGen\u00e7 karde\u015fimizin bu ba\u015far\u0131s\u0131yla birlikte yakla\u015f\u0131k bir ay kadar \u00f6nce ba\u015fkan bir mutlulu\u011fu da ya\u015fam\u0131\u015ft\u0131k. Malumuzun hem\u015ferimiz Ali G\u00fcrb\u00fcz, Tarihi K\u0131rkp\u0131nar\u2019da 1\u2019inci olarak Antalya\u2019ya ve Korkuteli\u2019ne alt\u0131n kemeri getirdiler. O ba\u015far\u0131dan sonra Zeynep Y\u0131ld\u0131r\u0131m karde\u015fimizin ba\u015far\u0131s\u0131 mutlulu\u011fumuza ayr\u0131 bir mutluluk katm\u0131\u015ft\u0131r. Bu ba\u015far\u0131lardan sonra Korkuteli olarak, Korkuteli Kaymakaml\u0131\u011f\u0131 ve Belediye olarak \u015funun fark\u0131nday\u0131z, bu ba\u015far\u0131lar il\u00e7e olarak il\u00e7e y\u00f6neticileri olarak bizim s\u0131rt\u0131m\u0131zdaki sorumlulu\u011fu sporcu karde\u015flerimizi destekleme noktas\u0131nda gayretimizi ve sorumlulu\u011fumuzu iki kat\u0131na \u00e7\u0131kar\u0131yor. Bundan sonra bu t\u00fcr ba\u015far\u0131larda \u00f6zel caba sarf edece\u011fiz\u201d dedi.<\/p>\n<p>D\u00fcnya \u015fampiyonu Zeynep Y\u0131ld\u0131r\u0131m ise, Ba\u015fka Belediye ba\u015fkan\u0131m\u0131z ve Kaymakam\u0131m\u0131za te\u015fekk\u00fcr diyorum. Buradan aileme ve hocama ve benimle ter d\u00f6ken herkese te\u015fekk\u00fcr ediyorum\u201d diye konu\u015ftu.<\/p>\n<p>Milliler 4 alt\u0131n, 3 g\u00fcm\u00fc\u015f,4 bronz olmak \u00fczere toplam 11 madalya kazand\u0131.<\/p>\n","protected":false},"excerpt":{"rendered":"<p>UKRAYNA\u2019NIN ODESSA \u015eEHR\u0130NDEK\u0130 PLAJ G\u00dcRE\u015e\u0130 D\u00dcNYA \u015eAMP\u0130YONASI\u2019NDA 60 K\u0130LODA YILDIZLARDA D\u00dcNYA \u015eAMP\u0130YONU OLAN ZEYNEP YILDIRIM, MEMLEKET\u0130 ANTALYA\u2019NIN KORKUTEL\u0130 \u0130L\u00c7ES\u0130NDE DAVUL ZURNAYLA KAR\u015eILANDI.<\/p>\n","protected":false},"author":1,"featured_media":193193,"comment_status":"closed","ping_status":"open","sticky":false,"template":"","format":"standard","meta":{"jetpack_post_was_ever_published":false,"_jetpack_newsletter_access":"","_jetpack_dont_email_post_to_subs":false,"_jetpack_newsletter_tier_id":0,"_jetpack_memberships_contains_paywalled_content":false,"_jetpack_memberships_contains_paid_content":false,"footnotes":"","jetpack_publicize_message":"","jetpack_publicize_feature_enabled":true,"jetpack_social_post_already_shared":true,"jetpack_social_options":{"image_generator_settings":{"template":"highway","default_image_id":0,"font":"","enabled":false},"version":2}},"categories":[1],"tags":[349,17149,5658,680,18477,14148,2415,35196,1673],"class_list":["post-193192","post","type-post","status-publish","format-standard","has-post-thumbnail","hentry","category-genel","tag-dunya","tag-davul","tag-guresi","tag-karsilama","tag-memleketinde","tag-plaj","tag-sampiyonu","tag-zeynepe","tag-zurnali"],"jetpack_publicize_connections":[],"jetpack_featured_media_url":"https:\/\/i0.wp.com\/www.tvturk.com\/wp-content\/uploads\/2019\/08\/dunya-plaj-guresi-dunya-sampiyonu-zeynepe-memleketinde-davul-zurnali-karsilama_c2ebb96.jpg?fit=1000%2C668","jetpack_sharing_enabled":true,"jetpack_shortlink":"https:\/\/wp.me\/paKIfm-Og0","_links":{"self":[{"href":"http:\/\/www.tvturk.com\/index.php\/wp-json\/wp\/v2\/posts\/193192","targetHints":{"allow":["GET"]}}],"collection":[{"href":"http:\/\/www.tvturk.com\/index.php\/wp-json\/wp\/v2\/posts"}],"about":[{"href":"http:\/\/www.tvturk.com\/index.php\/wp-json\/wp\/v2\/types\/post"}],"author":[{"embeddable":true,"href":"http:\/\/www.tvturk.com\/index.php\/wp-json\/wp\/v2\/users\/1"}],"replies":[{"embeddable":true,"href":"http:\/\/www.tvturk.com\/index.php\/wp-json\/wp\/v2\/comments?post=193192"}],"version-history":[{"count":0,"href":"http:\/\/www.tvturk.com\/index.php\/wp-json\/wp\/v2\/posts\/193192\/revisions"}],"wp:featuredmedia":[{"embeddable":true,"href":"http:\/\/www.tvturk.com\/index.php\/wp-json\/wp\/v2\/media\/193193"}],"wp:attachment":[{"href":"http:\/\/www.tvturk.com\/index.php\/wp-json\/wp\/v2\/media?parent=193192"}],"wp:term":[{"taxonomy":"category","embeddable":true,"href":"http:\/\/www.tvturk.com\/index.php\/wp-json\/wp\/v2\/categories?post=193192"},{"taxonomy":"post_tag","embeddable":true,"href":"http:\/\/www.tvturk.com\/index.php\/wp-json\/wp\/v2\/tags?post=193192"}],"curies":[{"name":"wp","href":"https:\/\/api.w.org\/{rel}","templated":true}]}}