{"id":193204,"date":"2019-08-13T00:16:23","date_gmt":"2019-08-12T21:16:23","guid":{"rendered":"http:\/\/www.tvturk.com\/index.php\/kutahya-valisi-toraman-50-hektarlik-alan-zarar-gordu\/"},"modified":"2019-08-13T00:16:23","modified_gmt":"2019-08-12T21:16:23","slug":"kutahya-valisi-toraman-50-hektarlik-alan-zarar-gordu","status":"publish","type":"post","link":"http:\/\/www.tvturk.com\/index.php\/kutahya-valisi-toraman-50-hektarlik-alan-zarar-gordu\/","title":{"rendered":"K\u00fctahya Valisi Toraman: \u201c50 hektarl\u0131k alan zarar g\u00f6rd\u00fc\u201d"},"content":{"rendered":"<p>K\u00fctahya Valisi \u00d6mer Toraman, Tav\u015fanl\u0131 il\u00e7esinde \u00e7\u0131kan orman yang\u0131n\u0131nda 50 hektarl\u0131k alan\u0131n zarar g\u00f6rd\u00fc\u011f\u00fcn\u00fc, alevlere m\u00fcdahalenin s\u00fcrd\u00fc\u011f\u00fcn\u00fc a\u00e7\u0131klad\u0131.<\/p>\n<p>Vali Toraman, Tav\u015fanl\u0131 il\u00e7esine ba\u011fl\u0131 E\u011fri\u00f6z k\u00f6y\u00fcnde \u00e7\u0131kan yang\u0131nla m\u00fccadele \u00e7al\u0131\u015fmalar\u0131n\u0131 Yang\u0131n Y\u00f6netim arac\u0131ndan takip ederek bilgi ald\u0131. Orman yang\u0131n\u0131yla ilgili a\u00e7\u0131klama yapan  Vali \u00d6mer Toraman, \u201cBug\u00fcn saat 17.00 s\u0131ralar\u0131nda yap\u0131lan bir ihbarla Tav\u015fanl\u0131 il\u00e7emiz E\u011fri\u00f6z k\u00f6y\u00fcnde bir yang\u0131n ihbar\u0131 ald\u0131k. K\u00fctahya Orman B\u00f6lge M\u00fcd\u00fcrl\u00fc\u011f\u00fc\u2019ne ba\u011fl\u0131 b\u00fct\u00fcn ekipler harekete ge\u00e7ti, yang\u0131na m\u00fcdahale etmeye ba\u015flad\u0131. \u00dc\u00e7 helikopterle yang\u0131n \u00e7al\u0131\u015fmalar\u0131na destek verildi. Kara\u00e7am orman yang\u0131n\u0131 \u015feklinde seyrediyor. Tahmin ediyoruz yakla\u015f\u0131k 40-50 hektar bir alan zarar g\u00f6rd\u00fc\u201d dedi.<\/p>\n<p>Yang\u0131na m\u00fcdahalenin s\u00fcrd\u00fc\u011f\u00fcn\u00fc ifade eden Vali Toraman, ayr\u0131ca i\u015f makinalar\u0131 ve dozerlerle yang\u0131n\u0131n etraf\u0131n\u0131 \u00e7evirmek i\u00e7in m\u00fccadele verildi\u011fini ifade ederek, \u201c\u0130\u015f makinalar\u0131n\u0131n da \u00e7al\u0131\u015fmas\u0131yla birlikte sabah\u0131n ilk \u0131\u015f\u0131klar\u0131nda yang\u0131n\u0131n iyice etkisini kaybetmesini bekliyoruz. G\u00fcnd\u00fcz \u00e7ok y\u00fcksek bir s\u0131cakl\u0131k ve nem oran\u0131n\u0131n d\u00fc\u015fmesi ile kurakl\u0131k vard\u0131. Herhangi can ve mal kayb\u0131 yok. Herhangi bir yerle\u015fim yerine tesir veya tehdit yok. O y\u00f6nlerden m\u00fcsterihiz. Amac\u0131m\u0131z yang\u0131n\u0131 kontrol alt\u0131na alarak s\u00f6nd\u00fcrmek. Bilecik, Bursa, Eski\u015fehir ve muhtelif illerden araz\u00f6z ve teknik ekipler yang\u0131n mahalindeler. Havan\u0131n a\u011farmas\u0131 ile helikopterler yeniden m\u00fcdahaleye ba\u015flayacaklar\u201d diye konu\u015ftu.<\/p>\n<p>Yang\u0131n nedeniyle tatilden \u00e7a\u011fr\u0131lan Tav\u015fanl\u0131 Orman \u0130\u015fletme M\u00fcd\u00fcrl\u00fc\u011f\u00fc personelinin yan\u0131 s\u0131ra Bursa, Denizli, Bilecik, U\u015fak, Afyonkarahisar, Eski\u015fehir\u2019den de araz\u00f6z ve dozerli ekipler yang\u0131n s\u00f6nd\u00fcrme \u00e7al\u0131\u015fmalar\u0131na destek verdi. Ayr\u0131ca E\u011fri\u00f6z ve \u00e7evre k\u00f6ylerden gelenler de yang\u0131n s\u00f6nd\u00fcrme \u00e7al\u0131\u015fmalar\u0131na kat\u0131ld\u0131. Tav\u015fanl\u0131 il\u00e7esinde orman yang\u0131n\u0131n 50 hektarl\u0131k alanda etkili olmas\u0131 \u00fczerine K\u00fctahya Valili\u011fi kriz masas\u0131 olu\u015fturdu.<\/p>\n","protected":false},"excerpt":{"rendered":"<p>K\u00dcTAHYA VAL\u0130S\u0130 \u00d6MER TORAMAN, TAV\u015eANLI \u0130L\u00c7ES\u0130NE BA\u011eLI E\u011eR\u0130\u00d6Z K\u00d6Y\u00dc MEVK\u0130\u0130NDEK\u0130 ORMAN YANGININ S\u00dcRD\u00dc\u011e\u00dc VE 50 HEKTARLIK ALANIN ZARAR G\u00d6RD\u00dc\u011e\u00dcN\u00dc B\u0130LD\u0130RD\u0130.<\/p>\n","protected":false},"author":1,"featured_media":193205,"comment_status":"closed","ping_status":"open","sticky":false,"template":"","format":"standard","meta":{"jetpack_post_was_ever_published":false,"_jetpack_newsletter_access":"","_jetpack_dont_email_post_to_subs":false,"_jetpack_newsletter_tier_id":0,"_jetpack_memberships_contains_paywalled_content":false,"_jetpack_memberships_contains_paid_content":false,"footnotes":"","jetpack_publicize_message":"","jetpack_publicize_feature_enabled":true,"jetpack_social_post_already_shared":true,"jetpack_social_options":{"image_generator_settings":{"template":"highway","default_image_id":0,"font":"","enabled":false},"version":2}},"categories":[1],"tags":[5517,1802,244,39904,1773,15345,639,900],"class_list":["post-193204","post","type-post","status-publish","format-standard","has-post-thumbnail","hentry","category-genel","tag-5517","tag-alan","tag-gordu","tag-hektarlik","tag-kutahya","tag-toraman","tag-valisi","tag-zarar"],"jetpack_publicize_connections":[],"jetpack_featured_media_url":"https:\/\/i0.wp.com\/www.tvturk.com\/wp-content\/uploads\/2019\/08\/kutahya-valisi-toraman-50-hektarlik-alan-zarar-gordu_400ed62.jpg?fit=1000%2C750","jetpack_sharing_enabled":true,"jetpack_shortlink":"https:\/\/wp.me\/paKIfm-Ogc","_links":{"self":[{"href":"http:\/\/www.tvturk.com\/index.php\/wp-json\/wp\/v2\/posts\/193204","targetHints":{"allow":["GET"]}}],"collection":[{"href":"http:\/\/www.tvturk.com\/index.php\/wp-json\/wp\/v2\/posts"}],"about":[{"href":"http:\/\/www.tvturk.com\/index.php\/wp-json\/wp\/v2\/types\/post"}],"author":[{"embeddable":true,"href":"http:\/\/www.tvturk.com\/index.php\/wp-json\/wp\/v2\/users\/1"}],"replies":[{"embeddable":true,"href":"http:\/\/www.tvturk.com\/index.php\/wp-json\/wp\/v2\/comments?post=193204"}],"version-history":[{"count":0,"href":"http:\/\/www.tvturk.com\/index.php\/wp-json\/wp\/v2\/posts\/193204\/revisions"}],"wp:featuredmedia":[{"embeddable":true,"href":"http:\/\/www.tvturk.com\/index.php\/wp-json\/wp\/v2\/media\/193205"}],"wp:attachment":[{"href":"http:\/\/www.tvturk.com\/index.php\/wp-json\/wp\/v2\/media?parent=193204"}],"wp:term":[{"taxonomy":"category","embeddable":true,"href":"http:\/\/www.tvturk.com\/index.php\/wp-json\/wp\/v2\/categories?post=193204"},{"taxonomy":"post_tag","embeddable":true,"href":"http:\/\/www.tvturk.com\/index.php\/wp-json\/wp\/v2\/tags?post=193204"}],"curies":[{"name":"wp","href":"https:\/\/api.w.org\/{rel}","templated":true}]}}