{"id":193216,"date":"2019-08-13T10:01:29","date_gmt":"2019-08-13T07:01:29","guid":{"rendered":"http:\/\/www.tvturk.com\/index.php\/en-buyuk-hayali-polis-olmakti-polisler-mezarini-ziyaret-etti\/"},"modified":"2019-08-13T10:01:29","modified_gmt":"2019-08-13T07:01:29","slug":"en-buyuk-hayali-polis-olmakti-polisler-mezarini-ziyaret-etti","status":"publish","type":"post","link":"http:\/\/www.tvturk.com\/index.php\/en-buyuk-hayali-polis-olmakti-polisler-mezarini-ziyaret-etti\/","title":{"rendered":"En b\u00fcy\u00fck hayali polis olmakt\u0131, polisler mezar\u0131n\u0131 ziyaret etti"},"content":{"rendered":"<p>Adana\u2019da polisler, denizde bo\u011fularak hayat\u0131n\u0131 kaybeden ve en b\u00fcy\u00fck hayali polislik olan 7 ya\u015f\u0131ndaki Alptu\u011f Sencer Oskay\u2019\u0131n mezar\u0131n\u0131, annesinin daveti \u00fczerine ziyaret etti. Mezar ba\u015f\u0131nda dua eden polisler g\u00f6zya\u015f\u0131 d\u00f6ken anneye sar\u0131l\u0131p teskin etti.<\/p>\n<p>Olay, 26 Temmuz Cuma g\u00fcn\u00fc \u00f6\u011fleden sonra Karata\u015f il\u00e7esinde Mavi Kum Halk Plaj\u0131\u2019nda meydana geldi. \u0130ddiaya g\u00f6re, 7 ya\u015f\u0131ndaki Alptu\u011f Sencer Oskay, a\u011fabeyi G\u00f6ktu\u011f Alp Oskay (8), halas\u0131 ve babaannesi ile g\u00fcn\u00fcbirlik tatil ama\u00e7l\u0131 Karata\u015f\u2019a geldi. Denize girmek i\u00e7in plaja giden aileden babaanne k\u0131y\u0131da otururken Alptu\u011f, G\u00f6ktu\u011f ve halas\u0131 denize girdi. Bir s\u00fcre sonra halas\u0131na k\u0131y\u0131da oturan babaannesinin yan\u0131na gidece\u011fini s\u00f6yleyen Alptu\u011f Sencer Oskay, k\u0131y\u0131ya do\u011fru ilerlemeye ba\u015flad\u0131. Y\u00fczme bilmeyen k\u00fc\u00e7\u00fck Oskay, suyun i\u00e7inde kayboldu. Yakla\u015f\u0131k 40 dakika sonra denizdeki bir ki\u015finin fark etmesiyle suyun i\u00e7inden \u00e7\u0131kar\u0131lan k\u00fc\u00e7\u00fck \u00e7ocuk kald\u0131r\u0131ld\u0131\u011f\u0131 hastanede 1 g\u00fcn sonra ya\u015fam\u0131n\u0131 yitirdi. \u00c7ocu\u011fun cenazesi Adana Adli T\u0131p Kurumu\u2019nda yap\u0131lan otopsi i\u015flemlerinin ard\u0131ndan Akkap\u0131 Mezarl\u0131\u011f\u0131\u2019na defnedildi. En b\u00fcy\u00fck hayali polislik olan 7 ya\u015f\u0131ndaki \u00e7ocuk do\u011fum g\u00fcn\u00fcnden 14 g\u00fcn sonra topra\u011fa verildi.<\/p>\n<p>Bo\u011fulmalara kar\u015f\u0131 uyaran polislere ula\u015ft\u0131<\/p>\n<p>Anne T\u00fcrkan Oskay (31) denizde, kanal ve g\u00f6lde ba\u015fka \u00e7ocuklar\u0131n bo\u011fulmamas\u0131 i\u00e7in hukuk m\u00fccadelesi ba\u015flatmaya haz\u0131rlan\u0131rken, Adana Emniyet M\u00fcd\u00fcr\u00fc Zafer Akta\u015f\u2019\u0131n talimat\u0131yla Toplum Destekli Polislik \u015eube M\u00fcd\u00fcrl\u00fc\u011f\u00fc ekiplerinin sulama kanallar\u0131n\u0131 tek tek gezip \u00e7ocuklar\u0131 toplay\u0131p bo\u011fulmamalar\u0131 i\u00e7in havuza g\u00f6t\u00fcrd\u00fc\u011f\u00fcn\u00fc televizyonlardan haber olarak izledi.<\/p>\n<p>Bir s\u00fcre sonra ise ayn\u0131 polislerin bo\u011fulmalar\u0131n \u00f6n\u00fcne ge\u00e7mek i\u00e7in ev ev gezerek aileleri uyard\u0131\u011f\u0131n\u0131 izledi. Bunun \u00fczerine en b\u00fcy\u00fck hayali polislik olan o\u011flu da bo\u011fularak hayat\u0131n\u0131 kaybeden anne emniyet m\u00fcd\u00fcrl\u00fc\u011f\u00fcne gelip bo\u011fulmalara kar\u015f\u0131 uyar\u0131 yapan polisleri buldu. Polislere yapt\u0131klar\u0131 i\u015fin \u00e7ok kutsal oldu\u011funu s\u00f6yleyip kendisinin de destek vermek istedi\u011fini, 7 ya\u015f\u0131ndaki o\u011flunun bo\u011fularak hayat\u0131n\u0131 kaybetti\u011fini ve hayattayken polis olmak istedi\u011fini s\u00f6yleyerek polisleri o\u011flunun mezar\u0131na davet etti. Polislerde ac\u0131l\u0131 anneyi k\u0131rmayarak bo\u011fularak \u00f6len \u00e7ocu\u011fun mezar\u0131na gitti. Mezar ba\u015f\u0131nda dua eden polisler anneye sar\u0131l\u0131p onun ac\u0131s\u0131n\u0131 bir an olsun dindirmeye \u00e7al\u0131\u015ft\u0131. Anne polislere sar\u0131larak g\u00f6zya\u015flar\u0131na bo\u011fuldu.<\/p>\n<p>&#8220;\u00c7ocu\u011fumun gelece\u011fini elinden ald\u0131lar&#8221;<\/p>\n<p>T\u00fcrkan Oskay, o\u011flunun yakla\u015f\u0131k 45 dakika suyun alt\u0131nda kald\u0131\u011f\u0131n\u0131 belirterek, &#8220;Bunu hi\u00e7 kimse g\u00f6rmemi\u015f. Ne bir cankurtaran ne bir g\u00fcvenlik. Hi\u00e7bir \u015fekilde \u00f6nlem al\u0131nmam\u0131\u015f. Suyun alt\u0131nda 45 dakika kald\u0131ktan sonra kuzumu bulmu\u015flar ama \u00e7ok ge\u00e7 kal\u0131nm\u0131\u015f. Orada sadece paran\u0131n derdine d\u00fc\u015fm\u00fc\u015f insanlar. Ertesi g\u00fcn gitti\u011fim zaman herkes hayat\u0131na devam ediyordu. Hi\u00e7bir \u00f6nlem yoktu. Benim y\u00fcre\u011fim yand\u0131, ba\u015fka y\u00fcrekler yanmas\u0131n. Ba\u015fka anneler a\u011flamas\u0131n&#8221; diyerek g\u00f6zya\u015flar\u0131na bo\u011fuldu.<\/p>\n<p>O\u011flunun en b\u00fcy\u00fck hayalinin polislik oldu\u011funu s\u00f6yleyen Oskay, \u015funlar\u0131 dile getirdi:<\/p>\n<p>&#8220;Alptu\u011f polis olmak istiyordu. \u2018Anne polis olaca\u011f\u0131m. Vatan\u0131ma devletime hay\u0131rl\u0131 bir evlat olaca\u011f\u0131m\u2019 diyordu. \u00c7ok ak\u0131ll\u0131 bir \u00e7ocuktu. Ona \u2018b\u00fcy\u00fcm\u00fc\u015f de k\u00fc\u00e7\u00fclm\u00fc\u015f gibisin\u2019 diyordum. S\u0131n\u0131f birincisiydi, okulunda ba\u015far\u0131l\u0131yd\u0131. \u00d6\u011fretmenleri \u00e7ok seviyordu onu. \u00c7ocu\u011fumun gelece\u011fini elinden ald\u0131lar, \u00e7ocu\u011fumu yok ettiler beni parampar\u00e7a ettiler. G\u00fcvenlik olsayd\u0131, cankurtaran olsayd\u0131 o\u011flum \u015fimdi yan\u0131mda olacakt\u0131. Allah raz\u0131 olsun b\u00fct\u00fcn polisler geldi o\u011flum sadece polis olmak istiyordu. Polisleri g\u00f6r\u00fcnce sar\u0131l\u0131rd\u0131. \u00c7ocu\u011fumun gelece\u011fini ald\u0131lar elinden.&#8221;<\/p>\n","protected":false},"excerpt":{"rendered":"<p>ADANA&#8217;DA EN B\u00dcY\u00dcK HAYAL\u0130 POL\u0130S OLMAK OLAN 7 YA\u015eINDAK\u0130 \u00c7OCUK DEN\u0130ZDE BO\u011eULARAK HAYATINI KAYBED\u0130NCE ANNES\u0130 HEM BO\u011eULMALARA D\u0130KKAT \u00c7EKMEK HEM DE O\u011eLUNUN \u00c7OK SEVD\u0130\u011e\u0130 POL\u0130SLER\u0130 MEZARDA G\u00d6RMEK \u0130STEYECE\u011e\u0130N\u0130 D\u00dc\u015e\u00dcNEREK POL\u0130S\u0130 O\u011eLUNUN MEZARINA DAVET ETT\u0130<\/p>\n","protected":false},"author":1,"featured_media":193217,"comment_status":"closed","ping_status":"open","sticky":false,"template":"","format":"standard","meta":{"jetpack_post_was_ever_published":false,"_jetpack_newsletter_access":"","_jetpack_dont_email_post_to_subs":false,"_jetpack_newsletter_tier_id":0,"_jetpack_memberships_contains_paywalled_content":false,"_jetpack_memberships_contains_paid_content":false,"footnotes":"","jetpack_publicize_message":"","jetpack_publicize_feature_enabled":true,"jetpack_social_post_already_shared":true,"jetpack_social_options":{"image_generator_settings":{"template":"highway","default_image_id":0,"font":"","enabled":false},"version":2}},"categories":[1],"tags":[545,207,8368,5914,28223,996,225,150],"class_list":["post-193216","post","type-post","status-publish","format-standard","has-post-thumbnail","hentry","category-genel","tag-buyuk","tag-etti","tag-hayali","tag-mezarini","tag-olmakti","tag-polis","tag-polisler","tag-ziyaret"],"jetpack_publicize_connections":[],"jetpack_featured_media_url":"https:\/\/i0.wp.com\/www.tvturk.com\/wp-content\/uploads\/2019\/08\/en-buyuk-hayali-polis-olmakti-polisler-mezarini-ziyaret-etti_aec1710.jpg?fit=1000%2C662","jetpack_sharing_enabled":true,"jetpack_shortlink":"https:\/\/wp.me\/paKIfm-Ogo","_links":{"self":[{"href":"http:\/\/www.tvturk.com\/index.php\/wp-json\/wp\/v2\/posts\/193216","targetHints":{"allow":["GET"]}}],"collection":[{"href":"http:\/\/www.tvturk.com\/index.php\/wp-json\/wp\/v2\/posts"}],"about":[{"href":"http:\/\/www.tvturk.com\/index.php\/wp-json\/wp\/v2\/types\/post"}],"author":[{"embeddable":true,"href":"http:\/\/www.tvturk.com\/index.php\/wp-json\/wp\/v2\/users\/1"}],"replies":[{"embeddable":true,"href":"http:\/\/www.tvturk.com\/index.php\/wp-json\/wp\/v2\/comments?post=193216"}],"version-history":[{"count":0,"href":"http:\/\/www.tvturk.com\/index.php\/wp-json\/wp\/v2\/posts\/193216\/revisions"}],"wp:featuredmedia":[{"embeddable":true,"href":"http:\/\/www.tvturk.com\/index.php\/wp-json\/wp\/v2\/media\/193217"}],"wp:attachment":[{"href":"http:\/\/www.tvturk.com\/index.php\/wp-json\/wp\/v2\/media?parent=193216"}],"wp:term":[{"taxonomy":"category","embeddable":true,"href":"http:\/\/www.tvturk.com\/index.php\/wp-json\/wp\/v2\/categories?post=193216"},{"taxonomy":"post_tag","embeddable":true,"href":"http:\/\/www.tvturk.com\/index.php\/wp-json\/wp\/v2\/tags?post=193216"}],"curies":[{"name":"wp","href":"https:\/\/api.w.org\/{rel}","templated":true}]}}