{"id":193226,"date":"2019-08-13T10:31:46","date_gmt":"2019-08-13T07:31:46","guid":{"rendered":"http:\/\/www.tvturk.com\/index.php\/ozel-okul-potasini-kiran-ogrenciler-gorduklerine-sasirdi\/"},"modified":"2019-08-13T10:31:46","modified_gmt":"2019-08-13T07:31:46","slug":"ozel-okul-potasini-kiran-ogrenciler-gorduklerine-sasirdi","status":"publish","type":"post","link":"http:\/\/www.tvturk.com\/index.php\/ozel-okul-potasini-kiran-ogrenciler-gorduklerine-sasirdi\/","title":{"rendered":"(\u00d6zel) Okul potas\u0131n\u0131 k\u0131ran \u00f6\u011frenciler g\u00f6rd\u00fcklerine \u015fa\u015f\u0131rd\u0131"},"content":{"rendered":"<p>Bal\u0131kesir\u2019de, Mithatpa\u015fa Anaokulunun basketbol potalar\u0131 mahalle gen\u00e7leri taraf\u0131ndan k\u0131r\u0131ld\u0131. Kameralar\u0131 inceleyen Okul M\u00fcd\u00fcr\u00fc Ali Erdem, \u00f6\u011frencileri uyarmak yerine ilgin\u00e7 bir y\u00f6ntem geli\u015ftirdi ve \u00f6\u011frenciler potalarda g\u00f6rd\u00fcklerine hem \u015fa\u015f\u0131rd\u0131, hem de g\u00fcvenlik kameras\u0131ndan m\u00fcd\u00fcre te\u015fekk\u00fcr etti.<\/p>\n<p>Bal\u0131kesir\u2019de, Mithatpa\u015fa Anaokulu M\u00fcd\u00fcr\u00fc Ali Erdem, okul bah\u00e7esindeki potalar\u0131 k\u0131ran mahalle \u00e7ocuklar\u0131na ilgin\u00e7 bir y\u00f6ntemle yakla\u015ft\u0131. G\u00fcvenlik kameras\u0131na tak\u0131lan \u00f6\u011frenciler, k\u0131rd\u0131klar\u0131 potalarda ertesi g\u00fcn \u015feker g\u00f6r\u00fcnce hem yapt\u0131klar\u0131ndan pi\u015fman oldu, hem de kameraya bakarak daha fazla \u015feker istedi. G\u00f6rd\u00fckleri kar\u015f\u0131s\u0131nda sevindi\u011fini s\u00f6yleyen okul m\u00fcd\u00fcr\u00fc Ali Erdem, bu y\u00f6ntem sayesinde \u00e7ocuklar\u0131n bir daha potalara zarar vermediklerini belirtti.<\/p>\n<p>Erdem, &#8220;Okulumuzda \u00f6\u011frencilerimizin oynamas\u0131 i\u00e7in basketbol potalar\u0131 yapm\u0131\u015ft\u0131k. Mahallemizin \u00e7ocuklar\u0131 istemeden de olsa potaya zarar veriyorlard\u0131. Potaya zarar verdiklerini g\u00fcvenlik kameram\u0131zdan tespit ettik&#8221; dedi.<\/p>\n<p>Potalara ka\u011f\u0131t asarak, g\u00fcvenlik kameras\u0131 oldu\u011funu ve potalar\u0131n kullan\u0131m d\u0131\u015f\u0131 oldu\u011funu yazd\u0131klar\u0131n\u0131, ancak bunun da i\u015fe yaramad\u0131\u011f\u0131n\u0131 s\u00f6yleyen Erdem, &#8220;Bunun dikkate al\u0131nmad\u0131\u011f\u0131n\u0131 g\u00f6rd\u00fck. Sonra akl\u0131m\u0131za potalar\u0131n \u00fczerine \u015feker koyup \u00e7ocuklara bir mesaj verme fikri geldi. Her bir potan\u0131n i\u00e7ine \u015feker koyduk ve ertesi g\u00fcn yine kameralardan izledik. \u00c7ok ho\u015fumuza giden bir durum oldu. \u00c7ocuklar\u0131n potaya zarar vermediklerini g\u00f6rd\u00fck, \u015fekeri ald\u0131lar ve potaya zarar vermediler. Bu \u015fekilde maksad\u0131m\u0131za ula\u015fm\u0131\u015f olduk. Dolay\u0131s\u0131yla \u00e7ok mutlu olduk&#8221; \u015feklinde konu\u015ftu.<\/p>\n","protected":false},"excerpt":{"rendered":"<p>BALIKES\u0130R&#8217;DE M\u0130THATPA\u015eA ANAOKULUNDA, MAHALLE GEN\u00c7LER\u0130 TARAFINDAN OKULDAK\u0130 BASKETBOL POTALARI KIRILDI. KAMERALARI \u0130NCELEYEN OKUL M\u00dcD\u00dcR\u00dc AL\u0130 ERDEM, \u00d6\u011eRENC\u0130LER\u0130 UYARMAK YER\u0130NE \u0130LG\u0130N\u00c7 B\u0130R Y\u00d6NTEM GEL\u0130\u015eT\u0130RD\u0130 VE \u00d6\u011eRENC\u0130LER POTALARDA G\u00d6RD\u00dcKLER\u0130NE HEM \u015eA\u015eIRDI, HEM DE G\u00dcVENL\u0130K KAMERASINDAN M\u00dcD\u00dcRE TE\u015eEKK\u00dcR ETT\u0130.<\/p>\n","protected":false},"author":1,"featured_media":193227,"comment_status":"closed","ping_status":"open","sticky":false,"template":"","format":"standard","meta":{"jetpack_post_was_ever_published":false,"_jetpack_newsletter_access":"","_jetpack_dont_email_post_to_subs":false,"_jetpack_newsletter_tier_id":0,"_jetpack_memberships_contains_paywalled_content":false,"_jetpack_memberships_contains_paid_content":false,"footnotes":"","jetpack_publicize_message":"","jetpack_publicize_feature_enabled":true,"jetpack_social_post_already_shared":true,"jetpack_social_options":{"image_generator_settings":{"template":"highway","default_image_id":0,"font":"","enabled":false},"version":2}},"categories":[1],"tags":[1073,48370,18433,1293,120,48369,20637],"class_list":["post-193226","post","type-post","status-publish","format-standard","has-post-thumbnail","hentry","category-genel","tag-ozel","tag-gorduklerine","tag-kiran","tag-ogrenciler","tag-okul","tag-potasini","tag-sasirdi"],"jetpack_publicize_connections":[],"jetpack_featured_media_url":"https:\/\/i0.wp.com\/www.tvturk.com\/wp-content\/uploads\/2019\/08\/ozel-okul-potasini-kiran-ogrenciler-gorduklerine-sasirdi_085a27a.jpg?fit=1000%2C779","jetpack_sharing_enabled":true,"jetpack_shortlink":"https:\/\/wp.me\/paKIfm-Ogy","_links":{"self":[{"href":"http:\/\/www.tvturk.com\/index.php\/wp-json\/wp\/v2\/posts\/193226","targetHints":{"allow":["GET"]}}],"collection":[{"href":"http:\/\/www.tvturk.com\/index.php\/wp-json\/wp\/v2\/posts"}],"about":[{"href":"http:\/\/www.tvturk.com\/index.php\/wp-json\/wp\/v2\/types\/post"}],"author":[{"embeddable":true,"href":"http:\/\/www.tvturk.com\/index.php\/wp-json\/wp\/v2\/users\/1"}],"replies":[{"embeddable":true,"href":"http:\/\/www.tvturk.com\/index.php\/wp-json\/wp\/v2\/comments?post=193226"}],"version-history":[{"count":0,"href":"http:\/\/www.tvturk.com\/index.php\/wp-json\/wp\/v2\/posts\/193226\/revisions"}],"wp:featuredmedia":[{"embeddable":true,"href":"http:\/\/www.tvturk.com\/index.php\/wp-json\/wp\/v2\/media\/193227"}],"wp:attachment":[{"href":"http:\/\/www.tvturk.com\/index.php\/wp-json\/wp\/v2\/media?parent=193226"}],"wp:term":[{"taxonomy":"category","embeddable":true,"href":"http:\/\/www.tvturk.com\/index.php\/wp-json\/wp\/v2\/categories?post=193226"},{"taxonomy":"post_tag","embeddable":true,"href":"http:\/\/www.tvturk.com\/index.php\/wp-json\/wp\/v2\/tags?post=193226"}],"curies":[{"name":"wp","href":"https:\/\/api.w.org\/{rel}","templated":true}]}}