{"id":193234,"date":"2019-08-13T10:46:10","date_gmt":"2019-08-13T07:46:10","guid":{"rendered":"http:\/\/www.tvturk.com\/index.php\/vestelin-engelli-hayvanlari-hayata-baglayan-yurutec-projesine-ingiltereden-odul-geldi\/"},"modified":"2019-08-13T10:46:10","modified_gmt":"2019-08-13T07:46:10","slug":"vestelin-engelli-hayvanlari-hayata-baglayan-yurutec-projesine-ingiltereden-odul-geldi","status":"publish","type":"post","link":"http:\/\/www.tvturk.com\/index.php\/vestelin-engelli-hayvanlari-hayata-baglayan-yurutec-projesine-ingiltereden-odul-geldi\/","title":{"rendered":"Vestel\u2019in engelli hayvanlar\u0131 hayata ba\u011flayan y\u00fcr\u00fcte\u00e7 projesine \u0130ngiltere\u2019den \u00f6d\u00fcl geldi"},"content":{"rendered":"<p>Vestel Beyaz E\u015fya, s\u00fcrd\u00fcr\u00fclebilirlik vizyonu \u00e7er\u00e7evesinde engelli hayvanlar\u0131 hayata d\u00f6nd\u00fcren y\u00fcr\u00fcte\u00e7 projesiyle Birle\u015fik Krall\u0131k\u2019\u0131n en prestijli sosyal sorumluluk \u00f6d\u00fcl\u00fcne lay\u0131k g\u00f6r\u00fcld\u00fc. The International CSR Excellence Awards organizasyonunda Vestel Beyaz E\u015fya bronz \u00f6d\u00fcl kazand\u0131.<\/p>\n<p>Vestel Beyaz E\u015fya, s\u00fcrd\u00fcr\u00fclebilirlik vizyonu kapsam\u0131nda yapt\u0131\u011f\u0131 engelli hayvanlar\u0131 hayata ba\u011flayan y\u00fcr\u00fcte\u00e7 projesi ile \u0130ngiltere\u2019den \u00f6d\u00fcl ald\u0131. Birle\u015fik Krall\u0131k merkezli The Green Organisation taraf\u0131ndan d\u00fczenlenen International CSR Excellence Awards\u2019da bronz \u00f6d\u00fcl kazanan Vestel Beyaz E\u015fya, geri d\u00f6n\u00fc\u015f\u00fcme ayr\u0131lm\u0131\u015f Vestel \u00fcr\u00fcnlerin par\u00e7alar\u0131ndan tasarlanan y\u00fcr\u00fcte\u00e7lerle bar\u0131naklardaki engelli hayvanlar\u0131 hayata ba\u011fl\u0131yor.<\/p>\n<p>The Royal Academy of Dramatic Art\u2019ta d\u00fczenlenen t\u00f6rende \u00f6d\u00fcl\u00fc Vestel Beyaz E\u015fya Y\u00f6netim Sistemleri ve M\u00fc\u015fteri \u0130li\u015fkileri M\u00fcd\u00fcr\u00fc Memed Umut \u00d6zkaban teslim ald\u0131. The International CSR Excellence Awards, ba\u011f\u0131ms\u0131z j\u00fcrisiyle d\u00fcnya \u00e7ap\u0131ndaki \u015firketlerin en ba\u015far\u0131l\u0131, kamuoyunda ses getiren ve topluma hizmet alan\u0131nda en sayg\u0131n sosyal sorumluluk projelerini de\u011ferlendiriyor.<\/p>\n","protected":false},"excerpt":{"rendered":"<p>VESTEL\u2019\u0130N ENGELL\u0130 HAYVANLARI HAYATA BA\u011eLAYAN Y\u00dcR\u00dcTE\u00c7 PROJES\u0130NE \u0130NG\u0130LTERE\u2019DEN \u00d6D\u00dcL GELD\u0130<\/p>\n","protected":false},"author":1,"featured_media":193235,"comment_status":"closed","ping_status":"open","sticky":false,"template":"","format":"standard","meta":{"jetpack_post_was_ever_published":false,"_jetpack_newsletter_access":"","_jetpack_dont_email_post_to_subs":false,"_jetpack_newsletter_tier_id":0,"_jetpack_memberships_contains_paywalled_content":false,"_jetpack_memberships_contains_paid_content":false,"footnotes":"","jetpack_publicize_message":"","jetpack_publicize_feature_enabled":true,"jetpack_social_post_already_shared":true,"jetpack_social_options":{"image_generator_settings":{"template":"highway","default_image_id":0,"font":"","enabled":false},"version":2}},"categories":[19],"tags":[18407,1784,127,4467,9205,30491,4204,706,21121,32564],"class_list":["post-193234","post","type-post","status-publish","format-standard","has-post-thumbnail","hentry","category-ekonomi","tag-baglayan","tag-engelli","tag-geldi","tag-hayata","tag-hayvanlari","tag-ingiltereden","tag-odul","tag-projesine","tag-vestelin","tag-yurutec"],"jetpack_publicize_connections":[],"jetpack_featured_media_url":"https:\/\/i0.wp.com\/www.tvturk.com\/wp-content\/uploads\/2019\/08\/vestelin-engelli-hayvanlari-hayata-baglayan-yurutec-projesine-ingiltereden-odul-geldi_cc5d906.jpg?fit=1000%2C691","jetpack_sharing_enabled":true,"jetpack_shortlink":"https:\/\/wp.me\/paKIfm-OgG","_links":{"self":[{"href":"http:\/\/www.tvturk.com\/index.php\/wp-json\/wp\/v2\/posts\/193234","targetHints":{"allow":["GET"]}}],"collection":[{"href":"http:\/\/www.tvturk.com\/index.php\/wp-json\/wp\/v2\/posts"}],"about":[{"href":"http:\/\/www.tvturk.com\/index.php\/wp-json\/wp\/v2\/types\/post"}],"author":[{"embeddable":true,"href":"http:\/\/www.tvturk.com\/index.php\/wp-json\/wp\/v2\/users\/1"}],"replies":[{"embeddable":true,"href":"http:\/\/www.tvturk.com\/index.php\/wp-json\/wp\/v2\/comments?post=193234"}],"version-history":[{"count":0,"href":"http:\/\/www.tvturk.com\/index.php\/wp-json\/wp\/v2\/posts\/193234\/revisions"}],"wp:featuredmedia":[{"embeddable":true,"href":"http:\/\/www.tvturk.com\/index.php\/wp-json\/wp\/v2\/media\/193235"}],"wp:attachment":[{"href":"http:\/\/www.tvturk.com\/index.php\/wp-json\/wp\/v2\/media?parent=193234"}],"wp:term":[{"taxonomy":"category","embeddable":true,"href":"http:\/\/www.tvturk.com\/index.php\/wp-json\/wp\/v2\/categories?post=193234"},{"taxonomy":"post_tag","embeddable":true,"href":"http:\/\/www.tvturk.com\/index.php\/wp-json\/wp\/v2\/tags?post=193234"}],"curies":[{"name":"wp","href":"https:\/\/api.w.org\/{rel}","templated":true}]}}