{"id":193346,"date":"2019-08-13T15:16:31","date_gmt":"2019-08-13T12:16:31","guid":{"rendered":"http:\/\/www.tvturk.com\/index.php\/tedavisi-tamamlanan-at-sahiplendirildi\/"},"modified":"2019-08-13T15:16:31","modified_gmt":"2019-08-13T12:16:31","slug":"tedavisi-tamamlanan-at-sahiplendirildi","status":"publish","type":"post","link":"http:\/\/www.tvturk.com\/index.php\/tedavisi-tamamlanan-at-sahiplendirildi\/","title":{"rendered":"Tedavisi tamamlanan at sahiplendirildi"},"content":{"rendered":"<p>Adana\u2019n\u0131n Ceyhan il\u00e7esinde meydana gelen trafik kazas\u0131nda yaralanan 4 ya\u015f\u0131ndaki at, Adana B\u00fcy\u00fck\u015fehir Belediyesi Hayvan Bar\u0131na\u011f\u0131\u2019nda sa\u011fl\u0131\u011f\u0131na kavu\u015ftu. At, tedavisinin ard\u0131ndan bir \u00e7ift\u00e7iye sahiplendirildi.<\/p>\n<p>Ceyhan\u2019da 13 May\u0131s 2019 tarihinde meydana gelen trafik kazas\u0131nda yaralanan at, Adana B\u00fcy\u00fck\u015fehir Belediyesi Tar\u0131msal ve K\u0131rsal Kalk\u0131nma Dairesi Ba\u015fkanl\u0131\u011f\u0131 Hayvan Sa\u011fl\u0131\u011f\u0131 ve Yeti\u015ftiricili\u011fi \u015eube M\u00fcd\u00fcrl\u00fc\u011f\u00fc Rehabilitasyon Merkezi\u2019nde tedavi alt\u0131na al\u0131nd\u0131.<\/p>\n<p>Adana B\u00fcy\u00fck\u015fehir Belediyesi Hayvan Bar\u0131na\u011f\u0131 Veteriner Hekimi Ramazan \u00d6zdemir, at\u0131n bar\u0131na\u011fa getirildi\u011finde \u00e7ene b\u00f6lgesinde yaralanma, burunda travma sonucu par\u00e7al\u0131 yaralanmalar ve sol alt \u00e7ene kemi\u011finde ise k\u0131r\u0131k tespit ettiklerini belirterek, &#8220;Yaral\u0131 ata an\u0131nda m\u00fcdahale edilerek ameliyata al\u0131nd\u0131. Ameliyata ald\u0131\u011f\u0131m\u0131z at\u0131n k\u0131r\u0131k olan sol alt \u00e7enesi onar\u0131larak \u00e7eneye platin tak\u0131ld\u0131. Burun b\u00f6lgesinde travma sonucu olu\u015fan doku par\u00e7alanmalar\u0131na ba\u011fl\u0131 par\u00e7al\u0131 yaralar\u0131 da tedavi edildi. Oral beslenmeye ba\u015flay\u0131ncaya kadar yumu\u015fak g\u0131dalarla besledi\u011fimiz at, yakla\u015f\u0131k 6 hafta sonra normal sa\u011fl\u0131\u011f\u0131na kavu\u015farak yem yemeye ba\u015flad\u0131&#8221; dedi.<\/p>\n<p>Eski sa\u011fl\u0131\u011f\u0131na kavu\u015fan at, Servan K\u0131l\u0131\u00e7 adl\u0131 \u00e7ift\u00e7i taraf\u0131ndan sahiplenilerek yeni hayat\u0131na ba\u015flad\u0131.<\/p>\n<p>&#8220;Onlar i\u00e7in bir sevgi yeter&#8221;<\/p>\n<p>Adana B\u00fcy\u00fck\u015fehir Belediye Ba\u015fkan\u0131 Zeydan Karalar, hayvanlar\u0131n, sokakta, trafikte, evde hayat\u0131n her alan\u0131nda her an\u0131nda yer ald\u0131\u011f\u0131n\u0131 vurgulayarak, &#8220;D\u00fcnyan\u0131n sahiplerinden olan hayvanlar, hayat\u0131m\u0131z\u0131 kolayla\u015ft\u0131r\u0131yor, ekolojik dengenin sa\u011flanmas\u0131na yard\u0131mc\u0131 oluyor. Bazen \u00e7ocuklar\u0131m\u0131z\u0131n en yak\u0131n arkada\u015f\u0131, bazen evde yolda\u015f\u0131m\u0131z bazen de bizi koruyup kollayan hayvanlara yap\u0131lan eziyet ve i\u015fkence asla kabul edebilece\u011fimiz bir \u015fey de\u011fildir, k\u0131rm\u0131z\u0131 \u00e7izgilerimizdendir. Onlar i\u00e7in bir sevgi yeter. L\u00fctfen onlardan sevginizi eksik etmeyin. Meydana gelen trafik kazlar\u0131nda y\u00fczlerce hayvan ilgisizlikten veya bilgisizlikten dolay\u0131 telef olmakta. Vatanda\u015flar\u0131m\u0131z bu gibi durumlarda Alo 153\u2019\u00fc arayarak bizlere bilgi verdiklerinde, yaral\u0131 hayvanlar\u0131m\u0131z\u0131n t\u00fcm bak\u0131m ve sa\u011fl\u0131k problemleri ile ilgileniyoruz. Adanal\u0131 hem\u015fehrilerim unutmas\u0131n ki, bir hayvan i\u00e7in edecekleri telefonla belki bir can kurtaracaklar&#8221; diye konu\u015ftu.<\/p>\n","protected":false},"excerpt":{"rendered":"<p>ADANA\u2019NIN CEYHAN \u0130L\u00c7ES\u0130NDE MEYDANA GELEN TRAF\u0130K KAZASINDA YARALANAN 4 YA\u015eINDAK\u0130 AT, ADANA B\u00dcY\u00dcK\u015eEH\u0130R BELED\u0130YES\u0130 HAYVAN BARINA\u011eI\u2019NDA SA\u011eLI\u011eINA KAVU\u015eTU. AT, TEDAV\u0130S\u0130N\u0130N ARDINDAN B\u0130R \u00c7\u0130FT\u00c7\u0130YE SAH\u0130PLEND\u0130R\u0130LD\u0130.<\/p>\n","protected":false},"author":1,"featured_media":193347,"comment_status":"closed","ping_status":"open","sticky":false,"template":"","format":"standard","meta":{"jetpack_post_was_ever_published":false,"_jetpack_newsletter_access":"","_jetpack_dont_email_post_to_subs":false,"_jetpack_newsletter_tier_id":0,"_jetpack_memberships_contains_paywalled_content":false,"_jetpack_memberships_contains_paid_content":false,"footnotes":"","jetpack_publicize_message":"","jetpack_publicize_feature_enabled":true,"jetpack_social_post_already_shared":true,"jetpack_social_options":{"image_generator_settings":{"template":"highway","default_image_id":0,"font":"","enabled":false},"version":2}},"categories":[1],"tags":[48406,3579,6552],"class_list":["post-193346","post","type-post","status-publish","format-standard","has-post-thumbnail","hentry","category-genel","tag-sahiplendirildi","tag-tamamlanan","tag-tedavisi"],"jetpack_publicize_connections":[],"jetpack_featured_media_url":"https:\/\/i0.wp.com\/www.tvturk.com\/wp-content\/uploads\/2019\/08\/tedavisi-tamamlanan-at-sahiplendirildi_1bce93e.jpg?fit=711%2C701","jetpack_sharing_enabled":true,"jetpack_shortlink":"https:\/\/wp.me\/paKIfm-Oiu","_links":{"self":[{"href":"http:\/\/www.tvturk.com\/index.php\/wp-json\/wp\/v2\/posts\/193346","targetHints":{"allow":["GET"]}}],"collection":[{"href":"http:\/\/www.tvturk.com\/index.php\/wp-json\/wp\/v2\/posts"}],"about":[{"href":"http:\/\/www.tvturk.com\/index.php\/wp-json\/wp\/v2\/types\/post"}],"author":[{"embeddable":true,"href":"http:\/\/www.tvturk.com\/index.php\/wp-json\/wp\/v2\/users\/1"}],"replies":[{"embeddable":true,"href":"http:\/\/www.tvturk.com\/index.php\/wp-json\/wp\/v2\/comments?post=193346"}],"version-history":[{"count":0,"href":"http:\/\/www.tvturk.com\/index.php\/wp-json\/wp\/v2\/posts\/193346\/revisions"}],"wp:featuredmedia":[{"embeddable":true,"href":"http:\/\/www.tvturk.com\/index.php\/wp-json\/wp\/v2\/media\/193347"}],"wp:attachment":[{"href":"http:\/\/www.tvturk.com\/index.php\/wp-json\/wp\/v2\/media?parent=193346"}],"wp:term":[{"taxonomy":"category","embeddable":true,"href":"http:\/\/www.tvturk.com\/index.php\/wp-json\/wp\/v2\/categories?post=193346"},{"taxonomy":"post_tag","embeddable":true,"href":"http:\/\/www.tvturk.com\/index.php\/wp-json\/wp\/v2\/tags?post=193346"}],"curies":[{"name":"wp","href":"https:\/\/api.w.org\/{rel}","templated":true}]}}