{"id":193356,"date":"2019-08-13T15:46:33","date_gmt":"2019-08-13T12:46:33","guid":{"rendered":"http:\/\/www.tvturk.com\/index.php\/istanbullular-akin-etti-plajlar-dolup-tasti\/"},"modified":"2019-08-13T15:46:33","modified_gmt":"2019-08-13T12:46:33","slug":"istanbullular-akin-etti-plajlar-dolup-tasti","status":"publish","type":"post","link":"http:\/\/www.tvturk.com\/index.php\/istanbullular-akin-etti-plajlar-dolup-tasti\/","title":{"rendered":"\u0130stanbullular ak\u0131n etti plajlar dolup ta\u015ft\u0131"},"content":{"rendered":"<p>Kurban Bayram\u0131 tatili nedeniyle Tekirda\u011f sahilleri tatilci vatanda\u015flarla doldu ta\u015ft\u0131. Tatilciler dev dalgalara ra\u011fmen denize girip serinlemenin keyfini \u00e7\u0131kar\u0131rken jandarma ekipleri de \u2018\u00c7ok ileri gitmeyin\u2019 uyar\u0131s\u0131 yapt\u0131.<\/p>\n<p>Kurban Bayram\u0131 tatili sebebiyle \u0130stanbul, Edirne ve K\u0131rklareli gibi \u00e7evre illerden Tekirda\u011f\u2019\u0131n merkez il\u00e7esi S\u00fcleymanpa\u015fa\u2019da bulunan Alt\u0131nova ve Kumba\u011f plajlar\u0131na tatilci ak\u0131n\u0131 ya\u015fan\u0131yor. Ak\u0131n ak\u0131n gelen tatilcilerden dolay\u0131 Tekirda\u011f ve \u00e7evre yollarda yo\u011funluk ya\u015fan\u0131yor. Mavi bayrakl\u0131 Alt\u0131nova ve Kumba\u011f plajlar\u0131na gelen vatanda\u015flar, r\u00fczgar\u0131n etkisiyle olu\u015fan dev dalgalara ra\u011fmen denize girip bayram tatilinin keyfini \u00e7\u0131kar\u0131yor.<\/p>\n<p>Jandarma sahilde uyar\u0131 yapt\u0131<\/p>\n<p>Dalgalara ra\u011fmen deniz t\u0131kl\u0131m t\u0131kl\u0131m tatilci vatanda\u015flarla dolup ta\u015farken, S\u00fcleymanpa\u015fa \u0130l\u00e7e Jandarma Komutanl\u0131\u011f\u0131na ba\u011fl\u0131 ekipler dalgalar nedeniyle \u2018\u0130leriye ve uza\u011fa gitmeyin\u2019 uyar\u0131s\u0131nda bulunuyor.<\/p>\n<p>&#8220;B\u00fct\u00fcn \u0130stanbul buraya ak\u0131n etti&#8221;<\/p>\n<p>Tatilciler Fatih \u015eeker gazetecilere yapt\u0131\u011f\u0131 a\u00e7\u0131klamada, \u201cBiz 7-8 ki\u015fi \u0130stanbul Esenler\u2019den geldik. Kumba\u011f, Tekirda\u011f\u2019\u0131n en g\u00fczel yerlerinden biri. \u00c7ok kalabal\u0131k ve yo\u011fun. B\u00fct\u00fcn \u0130stanbul buraya ak\u0131n etti. O y\u00fczden e\u011flenmeye ve y\u00fczmeye geldik. \u0130leriye a\u00e7\u0131lam\u0131yoruz jandarmada burada 7\/24 uyar\u0131lar\u0131n\u0131 yap\u0131yor. \u00c7ok ileriye gidemiyoruz. \u00c7ok dalgal\u0131 korkuyoruz. \u0130leriye a\u00e7\u0131lanlar illaki bo\u011fulma tehlikesi ge\u00e7iriyor\u201d dedi.<\/p>\n","protected":false},"excerpt":{"rendered":"<p>DALGALARA RA\u011eMEN DEN\u0130Z TIKLIM TIKLIM TAT\u0130LC\u0130 VATANDA\u015eLARLA DOLUP TA\u015eARKEN, S\u00dcLEYMANPA\u015eA \u0130L\u00c7E JANDARMA KOMUTANLI\u011eINA BA\u011eLI EK\u0130PLER DALGALAR NEDEN\u0130YLE \u2018\u0130LER\u0130YE VE UZA\u011eA G\u0130TMEY\u0130N\u2019 UYARISINDA BULUNUYOR.<\/p>\n","protected":false},"author":1,"featured_media":193357,"comment_status":"closed","ping_status":"open","sticky":false,"template":"","format":"standard","meta":{"jetpack_post_was_ever_published":false,"_jetpack_newsletter_access":"","_jetpack_dont_email_post_to_subs":false,"_jetpack_newsletter_tier_id":0,"_jetpack_memberships_contains_paywalled_content":false,"_jetpack_memberships_contains_paid_content":false,"footnotes":"","jetpack_publicize_message":"","jetpack_publicize_feature_enabled":true,"jetpack_social_post_already_shared":true,"jetpack_social_options":{"image_generator_settings":{"template":"highway","default_image_id":0,"font":"","enabled":false},"version":2}},"categories":[1],"tags":[328,22930,207,17236,33896,4666],"class_list":["post-193356","post","type-post","status-publish","format-standard","has-post-thumbnail","hentry","category-genel","tag-akin","tag-dolup","tag-etti","tag-istanbullular","tag-plajlar","tag-tasti"],"jetpack_publicize_connections":[],"jetpack_featured_media_url":"https:\/\/i0.wp.com\/www.tvturk.com\/wp-content\/uploads\/2019\/08\/istanbullular-akin-etti-plajlar-dolup-tasti_1aac30e.jpg?fit=1000%2C666","jetpack_sharing_enabled":true,"jetpack_shortlink":"https:\/\/wp.me\/paKIfm-OiE","_links":{"self":[{"href":"http:\/\/www.tvturk.com\/index.php\/wp-json\/wp\/v2\/posts\/193356","targetHints":{"allow":["GET"]}}],"collection":[{"href":"http:\/\/www.tvturk.com\/index.php\/wp-json\/wp\/v2\/posts"}],"about":[{"href":"http:\/\/www.tvturk.com\/index.php\/wp-json\/wp\/v2\/types\/post"}],"author":[{"embeddable":true,"href":"http:\/\/www.tvturk.com\/index.php\/wp-json\/wp\/v2\/users\/1"}],"replies":[{"embeddable":true,"href":"http:\/\/www.tvturk.com\/index.php\/wp-json\/wp\/v2\/comments?post=193356"}],"version-history":[{"count":0,"href":"http:\/\/www.tvturk.com\/index.php\/wp-json\/wp\/v2\/posts\/193356\/revisions"}],"wp:featuredmedia":[{"embeddable":true,"href":"http:\/\/www.tvturk.com\/index.php\/wp-json\/wp\/v2\/media\/193357"}],"wp:attachment":[{"href":"http:\/\/www.tvturk.com\/index.php\/wp-json\/wp\/v2\/media?parent=193356"}],"wp:term":[{"taxonomy":"category","embeddable":true,"href":"http:\/\/www.tvturk.com\/index.php\/wp-json\/wp\/v2\/categories?post=193356"},{"taxonomy":"post_tag","embeddable":true,"href":"http:\/\/www.tvturk.com\/index.php\/wp-json\/wp\/v2\/tags?post=193356"}],"curies":[{"name":"wp","href":"https:\/\/api.w.org\/{rel}","templated":true}]}}