{"id":193358,"date":"2019-08-13T16:16:27","date_gmt":"2019-08-13T13:16:27","guid":{"rendered":"http:\/\/www.tvturk.com\/index.php\/bahce-tellerine-takilan-yavru-karacayi-vatandaslar-kurtardi\/"},"modified":"2019-08-13T16:16:27","modified_gmt":"2019-08-13T13:16:27","slug":"bahce-tellerine-takilan-yavru-karacayi-vatandaslar-kurtardi","status":"publish","type":"post","link":"http:\/\/www.tvturk.com\/index.php\/bahce-tellerine-takilan-yavru-karacayi-vatandaslar-kurtardi\/","title":{"rendered":"Bah\u00e7e tellerine tak\u0131lan yavru karacay\u0131 vatanda\u015flar kurtard\u0131"},"content":{"rendered":"<p>Bolu\u2019nun Mengen il\u00e7esinde bah\u00e7e tellerine tak\u0131lan yavru karacay\u0131 kurtaran vatanda\u015flar, karacaya su verdikten sonra tekrar do\u011faya b\u0131rakt\u0131.<\/p>\n<p>Edinilen bilgiye g\u00f6re, Bolu\u2019nun Mengen il\u00e7esinde ya\u015fayan Ferhat Aktay\u2019a ait evin bah\u00e7esine yavru karaca girdi. \u00c7evresi dikenli tellerle \u00f6r\u00fcl\u00fc bah\u00e7eden \u00e7\u0131kmaya \u00e7al\u0131\u015fan yavru karaca, tellere tak\u0131ld\u0131. Bah\u00e7esinden gelen sesleri duyarak evinden \u00e7\u0131kan Aktay, karacan\u0131n tellerde tak\u0131ld\u0131\u011f\u0131n\u0131 g\u00f6r\u00fcnce durumu Do\u011fa Koruma ve Milli Parklar M\u00fcd\u00fcrl\u00fc\u011f\u00fc ekiplerine haber verdi.<\/p>\n<p>Aktay\u2019\u0131n ekipleri bekledi\u011fi s\u0131rada, do\u011fa y\u00fcr\u00fcy\u00fc\u015f\u00fc yapan bir grup tellere tak\u0131l\u0131 kalan karacay\u0131 g\u00f6rd\u00fc. Do\u011fa y\u00fcr\u00fcy\u00fc\u015f\u00fc yapan grubun da yard\u0131m\u0131yla yavru karaca, Milli Parklar ekipleri gelmeden \u00f6nce tellerden kurtar\u0131ld\u0131. Karacan\u0131n tellerden dolay\u0131 kanayan b\u00f6lgelerini suyla temizleyen grup, daha sonra yavru karacay\u0131 do\u011fal ortam\u0131na b\u0131rakt\u0131.<\/p>\n","protected":false},"excerpt":{"rendered":"<p>BOLU\u2019NUN MENGEN \u0130L\u00c7ES\u0130NDE BAH\u00c7E TELLER\u0130NE TAKILAN YAVRU KARACAYI VATANDA\u015eLAR KURTARDI<\/p>\n","protected":false},"author":1,"featured_media":193359,"comment_status":"closed","ping_status":"open","sticky":false,"template":"","format":"standard","meta":{"jetpack_post_was_ever_published":false,"_jetpack_newsletter_access":"","_jetpack_dont_email_post_to_subs":false,"_jetpack_newsletter_tier_id":0,"_jetpack_memberships_contains_paywalled_content":false,"_jetpack_memberships_contains_paid_content":false,"footnotes":"","jetpack_publicize_message":"","jetpack_publicize_feature_enabled":true,"jetpack_social_post_already_shared":true,"jetpack_social_options":{"image_generator_settings":{"template":"highway","default_image_id":0,"font":"","enabled":false},"version":2}},"categories":[1],"tags":[10406,36353,477,9380,9680,2344,1239],"class_list":["post-193358","post","type-post","status-publish","format-standard","has-post-thumbnail","hentry","category-genel","tag-bahce","tag-karacayi","tag-kurtardi","tag-takilan","tag-tellerine","tag-vatandaslar","tag-yavru"],"jetpack_publicize_connections":[],"jetpack_featured_media_url":"https:\/\/i0.wp.com\/www.tvturk.com\/wp-content\/uploads\/2019\/08\/bahce-tellerine-takilan-yavru-karacayi-vatandaslar-kurtardi_a8d465e.jpg?fit=1000%2C992","jetpack_sharing_enabled":true,"jetpack_shortlink":"https:\/\/wp.me\/paKIfm-OiG","_links":{"self":[{"href":"http:\/\/www.tvturk.com\/index.php\/wp-json\/wp\/v2\/posts\/193358","targetHints":{"allow":["GET"]}}],"collection":[{"href":"http:\/\/www.tvturk.com\/index.php\/wp-json\/wp\/v2\/posts"}],"about":[{"href":"http:\/\/www.tvturk.com\/index.php\/wp-json\/wp\/v2\/types\/post"}],"author":[{"embeddable":true,"href":"http:\/\/www.tvturk.com\/index.php\/wp-json\/wp\/v2\/users\/1"}],"replies":[{"embeddable":true,"href":"http:\/\/www.tvturk.com\/index.php\/wp-json\/wp\/v2\/comments?post=193358"}],"version-history":[{"count":0,"href":"http:\/\/www.tvturk.com\/index.php\/wp-json\/wp\/v2\/posts\/193358\/revisions"}],"wp:featuredmedia":[{"embeddable":true,"href":"http:\/\/www.tvturk.com\/index.php\/wp-json\/wp\/v2\/media\/193359"}],"wp:attachment":[{"href":"http:\/\/www.tvturk.com\/index.php\/wp-json\/wp\/v2\/media?parent=193358"}],"wp:term":[{"taxonomy":"category","embeddable":true,"href":"http:\/\/www.tvturk.com\/index.php\/wp-json\/wp\/v2\/categories?post=193358"},{"taxonomy":"post_tag","embeddable":true,"href":"http:\/\/www.tvturk.com\/index.php\/wp-json\/wp\/v2\/tags?post=193358"}],"curies":[{"name":"wp","href":"https:\/\/api.w.org\/{rel}","templated":true}]}}