{"id":193370,"date":"2019-08-13T17:01:46","date_gmt":"2019-08-13T14:01:46","guid":{"rendered":"http:\/\/www.tvturk.com\/index.php\/yerli-dusunce-derneginden-kirgizistanda-kurban-organizasyonu\/"},"modified":"2019-08-13T17:01:46","modified_gmt":"2019-08-13T14:01:46","slug":"yerli-dusunce-derneginden-kirgizistanda-kurban-organizasyonu","status":"publish","type":"post","link":"http:\/\/www.tvturk.com\/index.php\/yerli-dusunce-derneginden-kirgizistanda-kurban-organizasyonu\/","title":{"rendered":"Yerli D\u00fc\u015f\u00fcnce Derne\u011finden K\u0131rg\u0131zistan\u2019da kurban organizasyonu"},"content":{"rendered":"<p>Bu y\u0131l vekalet yoluyla kurban kesim ve da\u011f\u0131t\u0131m organizasyonunu K\u0131rg\u0131zistan\u2019da d\u00fczenleyen Yerli D\u00fc\u015f\u00fcnce Derne\u011fi, kurban bereketini ata yurda ta\u015f\u0131d\u0131.<\/p>\n<p>K\u0131rg\u0131zistan\u2019da T\u00fcrkiye Mezunlar Derne\u011fi (Egemendik Derne\u011fi) ile birlikte ger\u00e7ekle\u015ftirilen organizasyonda, Yerli D\u00fc\u015f\u00fcnce Derne\u011fi Genel Ba\u015fkan\u0131 ve Ordu Milletvekili Metin G\u00fcndo\u011fdu, dernek y\u00f6neticisi ve Cumhurba\u015fkanl\u0131\u011f\u0131 Uzman\u0131 Fatih Topakta\u015f\u2019\u0131n g\u00f6zetiminde vekalet veren hissedarlar\u0131n ad\u0131na kurbanlar\u0131 tek tek, isimlerini okuyarak ger\u00e7ekle\u015ftirdi. K\u0131rg\u0131zistan\u2019\u0131n sekiz farkl\u0131 b\u00f6lgesinde ger\u00e7ekle\u015ftirilen organizasyonda, da\u011f\u0131t\u0131lan kurban etleri yetimlerin, engelli \u00e7ocuklar\u0131n ve ihtiya\u00e7 sahiplerinin y\u00fcz\u00fcn\u00fc g\u00fcld\u00fcrd\u00fc ve duas\u0131n\u0131 ald\u0131.<\/p>\n<p>\u201c\u0130nnemel m\u00fb\u2019min\u00fbne ihvetun\u2019 emrine de kat\u0131l\u0131p iman ile tasdik ettik\u201d<\/p>\n<p>Organizasyona ba\u011f\u0131\u015f yapan Yerli D\u00fc\u015f\u00fcnce Derne\u011fi Onursal Ba\u015fkan\u0131 ve Cumhurba\u015fkan\u0131 Ba\u015fdan\u0131\u015fman\u0131 Yal\u00e7\u0131n Top\u00e7u, \u201cYerli D\u00fc\u015f\u00fcnce Derne\u011fi ile kurban ba\u011f\u0131\u015f\u0131 yapan karde\u015flerimiz, kurban ibadetlerini T\u00fcrk-\u0130slam co\u011frafyas\u0131ndaki beldelerde yerine getirerek, hi\u00e7 g\u00f6rmedikleri karde\u015fleri ile dayan\u0131\u015fma, yard\u0131mla\u015fma gibi ulvi duygular\u0131n yo\u011fun bir \u015fekilde ta\u015f\u0131n\u0131p hissedilmesine vesile olmaktad\u0131rlar. Bu vesile Rabbimizin Kuran\u2019da \u2018\u0130nnemel m\u00fb\u2019min\u00fbne ihvetun\u2019 emrine de kat\u0131l\u0131p iman ile birlikte tasdikte etmi\u015f olurken, ayn\u0131 anda Cenab-\u0131 Hakk\u2019\u0131n b\u00fct\u00fcn insanlara sundu\u011fu nimetlerden de t\u00fcm kullar\u0131n\u0131n yararlanmas\u0131na vesile oluyorlar\u201d dedi.<\/p>\n<p>\u201cT\u00fcm \u0130slam aleminin Kurban Bayram\u0131n\u0131 kutluyorum\u201d<\/p>\n<p>Top\u00e7u, \u201c\u0130slami \u015fartlar\u0131 yerine getirerek, karde\u015fli\u011fimizin peki\u015fmesinde b\u00fcy\u00fck \u00f6nemi olan, hem maddi hem manevi vacip ibadetimizin gere\u011fini T\u00fcrk-\u0130slam co\u011frafyas\u0131 olan \u00c7ad, Kamerun ve bu y\u0131lda ata yurdumuz K\u0131rg\u0131zistan\u2019da yerine getiren, bu vesile T\u00fcrk insan\u0131n\u0131n karde\u015fleri ile ilgili duygu ve d\u00fc\u015f\u00fcncelerini kurban vesilesi ile onlara ula\u015fmas\u0131nda k\u00f6pr\u00fc olan Yerli D\u00fc\u015f\u00fcnce Derne\u011fi Ba\u015fkan\u0131 Metin G\u00fcndo\u011fdu ve y\u00f6netimine, \u015fahs\u0131m ve ba\u011f\u0131\u015f yapan halk\u0131m\u0131z ad\u0131na \u00e7ok te\u015fekk\u00fcr ediyorum. Bu vesileyle t\u00fcm \u0130slam aleminin idrak etmekte oldu\u011fumuz Kurban Bayram\u0131n\u0131 kutluyor, Allah i\u00e7in yap\u0131lan bu ibadet h\u00fcrmetine medeniyet co\u011frafyam\u0131zda masum, ma\u011fdur, mazlum olan karde\u015flerimizin de bar\u0131\u015fa, g\u00fcvenli\u011fe, refah ve \u00f6zg\u00fcrl\u00fc\u011fe kavu\u015fmas\u0131n\u0131 Rabbimden diliyorum\u201d ifadelerini kulland\u0131.<\/p>\n<p>Yerli D\u00fc\u015f\u00fcnce Derne\u011finin her y\u0131l bir kurban organizasyonu d\u00fczenlemeyi kendi i\u00e7inde bir gelenek haline getirdiklerini belirten Dernek Genel Ba\u015fkan\u0131 ve Ordu Milletvekili Metin G\u00fcndo\u011fdu, T\u00fcm M\u00fcsl\u00fcman aleminin Kurban Bayram\u0131n\u0131 kutlad\u0131\u011f\u0131n\u0131 belirterek, &#8220;Bu y\u0131lki kurban organizasyonumuz K\u0131rg\u0131zistan\u2019da yap\u0131ld\u0131. T\u00fcrkiye\u2019de vekalet veren hissedarlar\u0131n ad\u0131na kurbanlar\u0131 tek tek, isimlerini okuyarak kestik. Ba\u011f\u0131\u015flayanlara \u00e7ok te\u015fekk\u00fcr ediyorum. Allah kabul etsin&#8221; ifadelerini kulland\u0131.<\/p>\n","protected":false},"excerpt":{"rendered":"<p>BU YIL VEKALET YOLUYLA KURBAN KES\u0130M VE DA\u011eITIM ORGAN\u0130ZASYONUNU KIRGIZ\u0130STAN\u2019DA D\u00dcZENLEYEN YERL\u0130 D\u00dc\u015e\u00dcNCE DERNE\u011e\u0130 KURBAN BEREKET\u0130N\u0130 ATA YURDA TA\u015eIDI.<\/p>\n","protected":false},"author":1,"featured_media":193371,"comment_status":"closed","ping_status":"open","sticky":false,"template":"","format":"standard","meta":{"jetpack_post_was_ever_published":false,"_jetpack_newsletter_access":"","_jetpack_dont_email_post_to_subs":false,"_jetpack_newsletter_tier_id":0,"_jetpack_memberships_contains_paywalled_content":false,"_jetpack_memberships_contains_paid_content":false,"footnotes":"","jetpack_publicize_message":"","jetpack_publicize_feature_enabled":true,"jetpack_social_post_already_shared":true,"jetpack_social_options":{"image_generator_settings":{"template":"highway","default_image_id":0,"font":"","enabled":false},"version":2}},"categories":[1],"tags":[4577,22244,14060,20956,24848,2454],"class_list":["post-193370","post","type-post","status-publish","format-standard","has-post-thumbnail","hentry","category-genel","tag-derneginden","tag-dusunce","tag-kirgizistanda","tag-kurban","tag-organizasyonu","tag-yerli"],"jetpack_publicize_connections":[],"jetpack_featured_media_url":"https:\/\/i0.wp.com\/www.tvturk.com\/wp-content\/uploads\/2019\/08\/yerli-dusunce-derneginden-kirgizistanda-kurban-organizasyonu_e0c5cdc.jpg?fit=1000%2C666","jetpack_sharing_enabled":true,"jetpack_shortlink":"https:\/\/wp.me\/paKIfm-OiS","_links":{"self":[{"href":"http:\/\/www.tvturk.com\/index.php\/wp-json\/wp\/v2\/posts\/193370","targetHints":{"allow":["GET"]}}],"collection":[{"href":"http:\/\/www.tvturk.com\/index.php\/wp-json\/wp\/v2\/posts"}],"about":[{"href":"http:\/\/www.tvturk.com\/index.php\/wp-json\/wp\/v2\/types\/post"}],"author":[{"embeddable":true,"href":"http:\/\/www.tvturk.com\/index.php\/wp-json\/wp\/v2\/users\/1"}],"replies":[{"embeddable":true,"href":"http:\/\/www.tvturk.com\/index.php\/wp-json\/wp\/v2\/comments?post=193370"}],"version-history":[{"count":0,"href":"http:\/\/www.tvturk.com\/index.php\/wp-json\/wp\/v2\/posts\/193370\/revisions"}],"wp:featuredmedia":[{"embeddable":true,"href":"http:\/\/www.tvturk.com\/index.php\/wp-json\/wp\/v2\/media\/193371"}],"wp:attachment":[{"href":"http:\/\/www.tvturk.com\/index.php\/wp-json\/wp\/v2\/media?parent=193370"}],"wp:term":[{"taxonomy":"category","embeddable":true,"href":"http:\/\/www.tvturk.com\/index.php\/wp-json\/wp\/v2\/categories?post=193370"},{"taxonomy":"post_tag","embeddable":true,"href":"http:\/\/www.tvturk.com\/index.php\/wp-json\/wp\/v2\/tags?post=193370"}],"curies":[{"name":"wp","href":"https:\/\/api.w.org\/{rel}","templated":true}]}}