{"id":193374,"date":"2019-08-13T17:47:30","date_gmt":"2019-08-13T14:47:30","guid":{"rendered":"http:\/\/www.tvturk.com\/index.php\/ayvalikta-5-geleneksel-enguru-sitesi-kultur-sanat-gunleri-ela-altin-konseriyle-basladi\/"},"modified":"2019-08-13T17:47:30","modified_gmt":"2019-08-13T14:47:30","slug":"ayvalikta-5-geleneksel-enguru-sitesi-kultur-sanat-gunleri-ela-altin-konseriyle-basladi","status":"publish","type":"post","link":"http:\/\/www.tvturk.com\/index.php\/ayvalikta-5-geleneksel-enguru-sitesi-kultur-sanat-gunleri-ela-altin-konseriyle-basladi\/","title":{"rendered":"Ayval\u0131k\u2019ta 5. Geleneksel Eng\u00fcr\u00fc Sitesi K\u00fclt\u00fcr Sanat G\u00fcnleri Ela Alt\u0131n konseriyle ba\u015flad\u0131"},"content":{"rendered":"<p>Bal\u0131kesir\u2019in Ayval\u0131k il\u00e7esinde, \u00e7evresel ve k\u00fclt\u00fcrel anlamda yapm\u0131\u015f oldu\u011fu \u00e7al\u0131\u015fmalarla dikkatleri \u00fczerinde toplayan Eng\u00fcr\u00fc Sitesi y\u00f6netimi taraf\u0131ndan bu y\u0131l 5.\u2019si d\u00fczenlenen geleneksel k\u00fclt\u00fcr sanat g\u00fcnleri T\u00fcrk Sanat M\u00fczi\u011fi\u2019nin dev ismi TRT sanat\u00e7\u0131s\u0131 Ela Alt\u0131n\u2019\u0131n verdi\u011fi konserle ba\u015flad\u0131.<\/p>\n<p>Ayval\u0131k Belediyesinin yan\u0131 s\u0131ra Hakan Kayaalp, Uslu Ailesi- Ayg\u00fcney Grup, \u015eah Beton, \u00dcst\u00fcn Mali M\u00fc\u015favirlik, Persan, Karahall\u0131lar, Zeybek Restaurant ve Sahilkent Spor Kul\u00fcb\u00fc\u2019n\u00fcn destekleriyle ger\u00e7ekle\u015fti\u011fi \u00f6\u011frenilen geleneksel festivalin ilk gecesi site b\u00fcnyesindeki sosyal tesis Zeybek Restaurant\u2019ta ge\u00e7ekle\u015fti. TSM\u2019nin unutulmaz y\u0131ld\u0131z\u0131 Ela Alt\u0131n\u2019a yine TRT\u2019nin duayen isimlerinden \u015eef Selim G\u00f6n\u00fclda\u015f da kanunu ile e\u015flik etti. H\u0131ncah\u0131n\u00e7 dolu olan konserde; ayn\u0131 zamanda Eng\u00fcr\u00fc Sitesi\u2019nin bir sakini olan Ela Alt\u0131n, TSM\u2019nin en zor eserlerini seslendirerek, dinleyenlerin adeta kulaklar\u0131n\u0131n pas\u0131n\u0131 sildi. Konser sonunda Site Ba\u015fkan\u0131 G\u00fcrsel Uslu taraf\u0131ndan Ela Alt\u0131n\u2019a d\u00fczenledikleri festivale verdi\u011fi destekler nedeniyle bir plaket verildi.<\/p>\n<p>Ama\u00e7lar\u0131n\u0131n sadece site i\u00e7erisine de\u011fil t\u00fcm Ayval\u0131k\u2019a hitap etmek oldu\u011funu belirten Eng\u00fcr\u00fc Sitesi Birlik Y\u00f6netim Kurulu Ba\u015fkan\u0131 G\u00fcrsel Uslu, \u201cBu y\u0131l be\u015fincisini organize etti\u011fimiz k\u00fclt\u00fcr sanat g\u00fcnlerini giderek geli\u015ftirmeyi planlad\u0131k ve bu y\u0131l herkese hitap edecek bir festival haz\u0131rlad\u0131k. Buradaki amac\u0131m\u0131z gen\u00e7lerimizin m\u00fczik, sanat, tiyatro ve di\u011fer k\u00fclt\u00fcrel etkinliklerini desteklemek ve becerilerini geli\u015ftirmektir. Ayval\u0131k\u2019a yak\u0131\u015f\u0131r g\u00fczel bir site sunmak ve gelen misafirlerimizi en iyi \u015fekilde a\u011f\u0131rlamak istiyoruz\u201d dedi.<\/p>\n<p>Muhabirimizin sorular\u0131n\u0131 yan\u0131tlayan Ayval\u0131k Belediye Ba\u015fkan\u0131 Mesut Ergin ise, Ayval\u0131k\u2019\u0131n k\u00fclt\u00fcr sanat konusunda ne kadar ilerde oldu\u011funun alt\u0131n\u0131 \u00e7izerek, \u201cArt\u0131k bizim d\u0131\u015f\u0131m\u0131zda, sivil toplum \u00f6rg\u00fctlerimiz ve \u015fimdi de sitelerimizin k\u00fclt\u00fcr sanata bu kadar de\u011fer vermesi bizi olduk\u00e7a mutlu ediyor. E\u011fitime, sanata her zaman destek verdi\u011fimizi ve verece\u011fimizi bir kez daha s\u00f6ylemek istiyorum. Site yetkililerine de ayr\u0131ca te\u015fekk\u00fcr etmek istiyorum, \u00e7\u00fcnk\u00fc site y\u00f6netimi giderek daha da m\u00fcthi\u015f i\u015fler sunuyorlar\u201d diye konu\u015ftu.<\/p>\n<p>Ayval\u0131k\u2019taki Pop-Jazz sanat\u00e7\u0131s\u0131 Dirim Bayhan\u2019\u0131n \u00fccretsiz konseriyle s\u00fcrecek olan festival, K\u00fc\u00e7\u00fckk\u00f6y-Sar\u0131msakl\u0131 Halk M\u00fczi\u011fi Korosu\u2019nun verece\u011fi dev bir konserle devam edecek.<\/p>\n<p>Etkinliklerin son g\u00fcn\u00fc olan 16 A\u011fustos\u2019ta ise; TRT Sanat\u00e7\u0131s\u0131 Selim G\u00f6n\u00fclda\u015f ve \u00f6zel sazlar e\u015fli\u011finde Solistler; Funda \u00d6ztolan ve Ahmet Karan\u2019\u0131n kat\u0131l\u0131mlar\u0131yla kolay kolay unutulmayacak bir T\u00fcrk Sanat M\u00fczi\u011fi konseri sanatseverlerin be\u011fenisine sunulacak.<\/p>\n","protected":false},"excerpt":{"rendered":"<p>ENG\u00dcR\u00dc S\u0130TES\u0130 Y\u00d6NET\u0130M\u0130 TARAFINDAN BU YIL 5.&#8217;S\u0130 D\u00dcZENLENEN GELENEKSEL K\u00dcLT\u00dcR SANAT G\u00dcNLER\u0130 T\u00dcRK SANAT M\u00dcZ\u0130\u011e\u0130\u2019N\u0130N DEV \u0130SM\u0130 TRT SANAT\u00c7ISI ELA ALTIN\u2019IN VERD\u0130\u011e\u0130 KONSERLE BA\u015eLADI.<\/p>\n","protected":false},"author":1,"featured_media":193375,"comment_status":"closed","ping_status":"open","sticky":false,"template":"","format":"standard","meta":{"jetpack_post_was_ever_published":false,"_jetpack_newsletter_access":"","_jetpack_dont_email_post_to_subs":false,"_jetpack_newsletter_tier_id":0,"_jetpack_memberships_contains_paywalled_content":false,"_jetpack_memberships_contains_paid_content":false,"footnotes":"","jetpack_publicize_message":"","jetpack_publicize_feature_enabled":true,"jetpack_social_post_already_shared":true,"jetpack_social_options":{"image_generator_settings":{"template":"highway","default_image_id":0,"font":"","enabled":false},"version":2}},"categories":[656],"tags":[596,929,55,17342,48409,7470,64,5072,630,4854,551],"class_list":["post-193374","post","type-post","status-publish","format-standard","has-post-thumbnail","hentry","category-kultur-sanat","tag-altin","tag-ayvalikta","tag-basladi","tag-ela","tag-enguru","tag-geleneksel","tag-gunleri","tag-konseriyle","tag-kultur","tag-sanat","tag-sitesi"],"jetpack_publicize_connections":[],"jetpack_featured_media_url":"https:\/\/i0.wp.com\/www.tvturk.com\/wp-content\/uploads\/2019\/08\/ayvalikta-5-geleneksel-enguru-sitesi-kultur-sanat-gunleri-ela-altin-konseriyle-basladi_ba34439.jpg?fit=1000%2C666","jetpack_sharing_enabled":true,"jetpack_shortlink":"https:\/\/wp.me\/paKIfm-OiW","_links":{"self":[{"href":"http:\/\/www.tvturk.com\/index.php\/wp-json\/wp\/v2\/posts\/193374","targetHints":{"allow":["GET"]}}],"collection":[{"href":"http:\/\/www.tvturk.com\/index.php\/wp-json\/wp\/v2\/posts"}],"about":[{"href":"http:\/\/www.tvturk.com\/index.php\/wp-json\/wp\/v2\/types\/post"}],"author":[{"embeddable":true,"href":"http:\/\/www.tvturk.com\/index.php\/wp-json\/wp\/v2\/users\/1"}],"replies":[{"embeddable":true,"href":"http:\/\/www.tvturk.com\/index.php\/wp-json\/wp\/v2\/comments?post=193374"}],"version-history":[{"count":0,"href":"http:\/\/www.tvturk.com\/index.php\/wp-json\/wp\/v2\/posts\/193374\/revisions"}],"wp:featuredmedia":[{"embeddable":true,"href":"http:\/\/www.tvturk.com\/index.php\/wp-json\/wp\/v2\/media\/193375"}],"wp:attachment":[{"href":"http:\/\/www.tvturk.com\/index.php\/wp-json\/wp\/v2\/media?parent=193374"}],"wp:term":[{"taxonomy":"category","embeddable":true,"href":"http:\/\/www.tvturk.com\/index.php\/wp-json\/wp\/v2\/categories?post=193374"},{"taxonomy":"post_tag","embeddable":true,"href":"http:\/\/www.tvturk.com\/index.php\/wp-json\/wp\/v2\/tags?post=193374"}],"curies":[{"name":"wp","href":"https:\/\/api.w.org\/{rel}","templated":true}]}}