{"id":193382,"date":"2019-08-13T18:32:26","date_gmt":"2019-08-13T15:32:26","guid":{"rendered":"http:\/\/www.tvturk.com\/index.php\/trabzonsporda-bayramlasma\/"},"modified":"2019-08-13T18:32:26","modified_gmt":"2019-08-13T15:32:26","slug":"trabzonsporda-bayramlasma","status":"publish","type":"post","link":"http:\/\/www.tvturk.com\/index.php\/trabzonsporda-bayramlasma\/","title":{"rendered":"Trabzonspor\u2019da bayramla\u015fma"},"content":{"rendered":"<p>Trabzonspor Kul\u00fcp Ba\u015fkan\u0131 Ahmet A\u011fao\u011flu, birlik ve beraberlik i\u00e7erisinde olmalar\u0131 halinde ba\u015far\u0131l\u0131 olabileceklerini belirterek, &#8220;Allah birlik ve beraberli\u011fimizi bozmas\u0131n\u201d dedi.<\/p>\n<p>Trabzonspor Mehmet Ali Y\u0131lmaz Tesisleri\u2019nde organize edilen programda, Trabzonspor Kul\u00fcb\u00fc Ba\u015fkan\u0131 Ahmet A\u011fao\u011flu ve y\u00f6netim kurulu \u00fcyeleri ile Trabzonspor Teknik Direkt\u00f6r\u00fc \u00dcnal Karaman ve bordo-mavili futbolcular, haz\u0131r bulundu.<\/p>\n<p>T\u00f6rene, Ula\u015ft\u0131rma ve Altyap\u0131 Bakan\u0131 Mehmet Cahit Turhan, CHP Trabzon Milletvekili Ahmet Kaya, \u0130Y\u0130 Parti Trabzon Milletvekili H\u00fcseyin \u00d6rs, T\u00fcrkiye Futbol Federasyonu Y\u00f6netim Kurulu \u00dcyesi Y\u0131lmaz B\u00fcy\u00fckayd\u0131n, bordo-mavili kul\u00fcb\u00fcn eski y\u00f6neticileri, eski futbolcular\u0131 ve taraftarlar da kat\u0131ld\u0131.<\/p>\n<p>Turhan: &#8220;Trabzonspor tarihinde hi\u00e7 bir kara leke yoktur&#8221;<\/p>\n<p>Ula\u015ft\u0131rma ve Altyap\u0131 Bakan\u0131 Cahit Turhan, Trabzonspor ile gurur duyduklar\u0131n\u0131 belirterek, &#8220;Hepimiz Trabzonsporla gurur duyuyoruz. Trabzonsporumuzun tarihi \u015fanla, \u015f\u00f6hretle, T\u00fcrk futboluna verdi\u011fi katk\u0131larla ve yeti\u015ftirdi\u011fi sporcularla doludur. Tarihinde hi\u00e7bir kara leke yoktur. Bunun i\u00e7in Trabzonsporumuzla gurur duyuyoruz. Yeni bir sezona ba\u015fl\u0131yoruz. Bu yeni sezonda Trabzonsporumuzun, hepimizin \u00f6zledi\u011fi bir \u015fampiyonluk var. Ge\u00e7en sene bu \u015fampiyonluk \u00f6zlemini de bekliyorduk ancak nasip olmad\u0131. Bu y\u0131l in\u015fallah ba\u015fkan\u0131m\u0131zla, hocam\u0131zla, teknik ekibimizle ve sporcu arkada\u015flar\u0131m\u0131zla tabii ki taraftar\u0131m\u0131zla s\u00f6ke s\u00f6ke bu \u015fampiyonlu\u011fu alaca\u011f\u0131z. Zafer inananlar\u0131nd\u0131r. \u0130nan\u0131yorsak zafer bizimdir. Kul\u00fcb\u00fcm\u00fcz\u00fcn y\u00f6netiminin ba\u015f\u0131nda bu i\u015fe inanm\u0131\u015f bir ekip var. Teknik ekibin ba\u015f\u0131nda inanm\u0131\u015f bir hocam\u0131z var. Bu y\u0131l g\u00fc\u00e7l\u00fc bir kadromuz var. Bir arkada\u015f\u0131m\u0131z\u0131 elimizden ald\u0131lar ama olsun onun yerini dolduracak bir\u00e7ok yeni gen\u00e7 futbolcumuz var. Dolay\u0131s\u0131yla bu y\u0131l ligler bizden korksun. Trabzonsporumuza ba\u015far\u0131lar diliyorum. Avrupa kupalar\u0131na da iyi bir ba\u015flang\u0131\u00e7 yapt\u0131k. Sparta Prag\u2019\u0131 Per\u015fembe g\u00fcn\u00fc Trabzonspor\u2019a yak\u0131\u015f\u0131r bir \u015fekilde a\u011f\u0131rlayaca\u011f\u0131z ve in\u015fallah turu ge\u00e7erek yolumuza devam edece\u011fiz. Trabzonlular olarak \u015fan\u0131na, ge\u00e7mi\u015fine, mazisine yak\u0131\u015f\u0131r bir \u015fekilde m\u00fccadele edece\u011fiz. Spor her \u015feyden \u00f6nce g\u00fczel ahlakt\u0131r. Uzun zamand\u0131r \u015fampiyonluk \u00f6zlemiyle ya\u015fayan bir kul\u00fcb\u00fcz ama bu s\u00fcre\u00e7te kul\u00fcb\u00fcm\u00fcze halel getirecek hi\u00e7bir yanl\u0131\u015f i\u015f yapmad\u0131k. Spor ahlak\u0131na uygun olmayan bir hareket yapmad\u0131k. B\u00f6yle de devam edece\u011fiz. T\u00fcm taraftarlar\u0131m\u0131z\u0131n bayram\u0131n\u0131 tebrik ediyorum, sa\u011fl\u0131k ve s\u0131hhat diliyorum\u201d ifadelerini kulland\u0131.<\/p>\n<p>A\u011fao\u011flu: &#8220;Birlik ve beraberlik i\u00e7inde olursak ba\u015far\u0131l\u0131 oluruz&#8221;<\/p>\n<p>Trabzonspor Kul\u00fcp Ba\u015fkan\u0131 Ahmet A\u011fao\u011flu, bu bayram da yine birlikte olduklar\u0131n\u0131 belirterek, &#8220;Bu bayramda da yine hep birlikte, bir araday\u0131z. Kul\u00fcb\u00fcm\u00fcz\u00fcn slogan\u0131nda oldu\u011fu gibi biz bize, birlikte ve yanyanay\u0131z. Bu bayramla\u015fma t\u00f6renine g\u00f6stermi\u015f oldu\u011funuz ilgiden dolay\u0131 hepinize te\u015fekk\u00fcr ediyorum. Say\u0131n Bakan\u0131m\u0131z da hi\u00e7bir bayramda bizi yaln\u0131z b\u0131rakm\u0131yor, ona da te\u015fekk\u00fcrlerimi sunuyorum. Bakan olmadan \u00f6nce de b\u00fcrokratken de kul\u00fcb\u00fcm\u00fcze her t\u00fcrl\u00fc deste\u011fi veren ve kul\u00fcb\u00fcm\u00fcz\u00fcn arkas\u0131nda olan, yan\u0131nda duran bir isimdir. Hi\u00e7bir zaman bizi yaln\u0131z b\u0131rakmad\u0131. Bir kez daha \u015f\u00fckranlar\u0131m\u0131 sunuyorum. Bizim hi\u00e7birimizin birbirimizden fark\u0131 yok. Trib\u00fcndeki 7 ya\u015f\u0131ndaki taraftar\u0131m\u0131z\u0131n kul\u00fcb\u00fcm\u00fcz\u00fcn ba\u015fkan\u0131ndan da fark\u0131 yok, ne de hocam\u0131z\u0131n 70 ya\u015f\u0131ndaki bir taraftar\u0131m\u0131zdan fark\u0131 yok. Biz ancak birlik ve beraberlik i\u00e7inde olursak ba\u015far\u0131l\u0131 oluruz. Allah birlik ve beraberli\u011fimizi bozmas\u0131n\u201d dedi.<\/p>\n<p>&#8220;Bu kadro \u00fczerine hale transfer diyorsak bu kadroya haks\u0131zl\u0131k yapm\u0131\u015f oluruz&#8221;<\/p>\n<p>A\u011fao\u011flu, bir taraftar\u0131n transfer sorusu \u00fczerine, &#8220;B\u00fct\u00fcn yetki kendisi olan her \u015feyiyle g\u00fcvendi\u011fimiz, bir hocam\u0131z, oyuncu kadromuz var. Bunlar\u0131n \u00fczerine hala \u0131srarla \u2019transfer transfer transfer\u2019 derseniz bu kadroya haks\u0131zl\u0131k etmi\u015f olursunuz. Bu insanlar\u0131n bu s\u00f6ylemlerden etkilenmedi\u011fini mi d\u00fc\u015f\u00fcn\u00fcyorsunuz? O zaman siz tak\u0131m\u0131n\u0131za g\u00fcvenmiyorsunuz. Biz bu kul\u00fcp i\u00e7in bu tak\u0131m i\u00e7in en do\u011frusunu yapmaya \u00e7al\u0131\u015f\u0131yoruz. Bir sene \u00f6nce oyuncular\u0131n\u0131n maa\u015f\u0131n\u0131 7 ayd\u0131r \u00f6deyemeyen bir kul\u00fcp vard\u0131 kar\u015f\u0131n\u0131zda. \u00c7abuk unuttuk onlar\u0131, sak\u0131n unutmay\u0131n ayn\u0131 yola gitmeyelim l\u00fctfen&#8221; \u015feklinde konu\u015ftu.<\/p>\n<p>Karaman: &#8220;Siz neyi istiyorsan\u0131z, neyi hissediyorsan\u0131z bilin ki onu hissettiriyorsunuz&#8221;<\/p>\n<p>Birlikteli\u011fin \u00f6nemine dikkat \u00e7eken Trabzonspor Teknik Direkt\u00f6r\u00fc \u00dcnal Karaman, \u015funlar\u0131 s\u00f6yledi:<\/p>\n<p>&#8220;G\u00f6n\u00fclden destek veren insanlar\u0131 kimli\u011fi yoktur. Hepimizin \u015f\u00fck\u00fcrler olsun \u00e7ok g\u00fczel bir kimli\u011fi var. Trabzonspor ismiyle de bu kimlik \u00e7ok g\u00fczel bir anlam kazan\u0131yor. Sporculuk d\u00f6neminde yine b\u00f6yle bir bayram t\u00f6reninde yazm\u0131\u015f oldu\u011fum bir d\u00f6rtl\u00fck vard\u0131. Onu sizlerle payla\u015fmak isterim. Duygular ye\u015fermi\u015f vatan ba\u011f\u0131nda, sevgiler filizlenmi\u015f g\u00f6n\u00fcl da\u011f\u0131nda, 7\u2019sinden 70\u2019e her bir \u00e7a\u011f\u0131nda, canlar\u0131n kat\u0131ld\u0131\u011f\u0131 harmanlar\u0131 \u00f6zledik. Bug\u00fcn as\u0131l olan bu. Bug\u00fcn farkl\u0131 s\u00f6ylemlerin i\u00e7ine girip de hayal satman\u0131n bir anlam\u0131 yok. Sizler bu tak\u0131ma ne kadar sahip \u00e7\u0131karsan\u0131z, bu b\u00f6l\u00fcmde oturan insanlar\u0131n elinden gelen her \u015feyi yapt\u0131\u011f\u0131na emin olun. Say\u0131n Ba\u015fkan\u0131m\u0131z\u0131n, de\u011ferli Bakan\u0131m\u0131z\u0131n dedi\u011fi gibi taraftar\u0131m\u0131z\u0131n sahip \u00e7\u0131kmas\u0131 \u00e7ok \u00f6nemli. \u00c7\u00fcnk\u00fc buradan insanlar geliyor ge\u00e7iyor. As\u0131l olan bu formay\u0131 s\u0131rt\u0131na ge\u00e7mi\u015f ve yan\u0131m\u0131zda olan sizlersiniz. Sizin bize yans\u0131tt\u0131\u011f\u0131n\u0131z kadar ba\u015far\u0131l\u0131 olaca\u011f\u0131z. Siz neyi istiyorsan\u0131z, neyi hissediyorsan\u0131z bilin ki onu hissettiriyorsunuz. O his bizi in\u015fallah en iyi noktaya ta\u015f\u0131yacakt\u0131r. Biz elimizden gelen her t\u00fcrl\u00fc \u00e7abay\u0131 g\u00f6sterece\u011fiz, rabbim bize neyi nasip ederse de onu ya\u015fayaca\u011f\u0131z. Hepinizi sayg\u0131yla selaml\u0131yorum.&#8221;<\/p>\n<p>Ba\u015fkan Ahmet A\u011fao\u011flu\u2019nun elini \u00f6pt\u00fcler<\/p>\n<p>Trabzonspor\u2019un bayramla\u015fma t\u00f6reni s\u0131ras\u0131nda baz\u0131 oyuncular ba\u015fkan Ahmet A\u011fao\u011flu\u2019nun elini \u00f6pt\u00fc. A\u011fao\u011flu\u2019nun ise tak\u0131m\u0131n en ya\u015fl\u0131 isimlerinden biri olan Portekizli oyuncu Jeoa Pereira\u2019n\u0131n elini \u00f6pmesi g\u00fcl\u00fcmsemelere yol a\u00e7t\u0131.<\/p>\n","protected":false},"excerpt":{"rendered":"<p>TRABZONSPOR KUL\u00dcP BA\u015eKANI AHMET A\u011eAO\u011eLU,  B\u0130RL\u0130K VE BERABERL\u0130K \u0130\u00c7ERS\u0130NDE OLMALARI HAL\u0130NDE BA\u015eARILI OLAB\u0130LECEKLER\u0130N\u0130 BEL\u0130RTEREK,  &#8220;ALLAH B\u0130RL\u0130K VE BERABERL\u0130\u011e\u0130M\u0130Z\u0130 BOZMASIN\u201d DED\u0130.<\/p>\n","protected":false},"author":1,"featured_media":193383,"comment_status":"closed","ping_status":"open","sticky":false,"template":"","format":"standard","meta":{"jetpack_post_was_ever_published":false,"_jetpack_newsletter_access":"","_jetpack_dont_email_post_to_subs":false,"_jetpack_newsletter_tier_id":0,"_jetpack_memberships_contains_paywalled_content":false,"_jetpack_memberships_contains_paid_content":false,"footnotes":"","jetpack_publicize_message":"","jetpack_publicize_feature_enabled":true,"jetpack_social_post_already_shared":true,"jetpack_social_options":{"image_generator_settings":{"template":"highway","default_image_id":0,"font":"","enabled":false},"version":2}},"categories":[657],"tags":[39511,16159],"class_list":["post-193382","post","type-post","status-publish","format-standard","has-post-thumbnail","hentry","category-spor","tag-bayramlasma","tag-trabzonsporda"],"jetpack_publicize_connections":[],"jetpack_featured_media_url":"https:\/\/i0.wp.com\/www.tvturk.com\/wp-content\/uploads\/2019\/08\/trabzonsporda-bayramlasma_ab14322.jpg?fit=1000%2C666","jetpack_sharing_enabled":true,"jetpack_shortlink":"https:\/\/wp.me\/paKIfm-Oj4","_links":{"self":[{"href":"http:\/\/www.tvturk.com\/index.php\/wp-json\/wp\/v2\/posts\/193382","targetHints":{"allow":["GET"]}}],"collection":[{"href":"http:\/\/www.tvturk.com\/index.php\/wp-json\/wp\/v2\/posts"}],"about":[{"href":"http:\/\/www.tvturk.com\/index.php\/wp-json\/wp\/v2\/types\/post"}],"author":[{"embeddable":true,"href":"http:\/\/www.tvturk.com\/index.php\/wp-json\/wp\/v2\/users\/1"}],"replies":[{"embeddable":true,"href":"http:\/\/www.tvturk.com\/index.php\/wp-json\/wp\/v2\/comments?post=193382"}],"version-history":[{"count":0,"href":"http:\/\/www.tvturk.com\/index.php\/wp-json\/wp\/v2\/posts\/193382\/revisions"}],"wp:featuredmedia":[{"embeddable":true,"href":"http:\/\/www.tvturk.com\/index.php\/wp-json\/wp\/v2\/media\/193383"}],"wp:attachment":[{"href":"http:\/\/www.tvturk.com\/index.php\/wp-json\/wp\/v2\/media?parent=193382"}],"wp:term":[{"taxonomy":"category","embeddable":true,"href":"http:\/\/www.tvturk.com\/index.php\/wp-json\/wp\/v2\/categories?post=193382"},{"taxonomy":"post_tag","embeddable":true,"href":"http:\/\/www.tvturk.com\/index.php\/wp-json\/wp\/v2\/tags?post=193382"}],"curies":[{"name":"wp","href":"https:\/\/api.w.org\/{rel}","templated":true}]}}