{"id":193398,"date":"2019-08-13T22:46:05","date_gmt":"2019-08-13T19:46:05","guid":{"rendered":"http:\/\/www.tvturk.com\/index.php\/rusya-soygunun-ucagina-yaklasmaya-calisan-nato-ucaginin-goruntusunu-yayinladi\/"},"modified":"2019-08-13T22:46:05","modified_gmt":"2019-08-13T19:46:05","slug":"rusya-soygunun-ucagina-yaklasmaya-calisan-nato-ucaginin-goruntusunu-yayinladi","status":"publish","type":"post","link":"http:\/\/www.tvturk.com\/index.php\/rusya-soygunun-ucagina-yaklasmaya-calisan-nato-ucaginin-goruntusunu-yayinladi\/","title":{"rendered":"Rusya, \u015eoygu\u2019nun u\u00e7a\u011f\u0131na yakla\u015fmaya \u00e7al\u0131\u015fan NATO u\u00e7a\u011f\u0131n\u0131n g\u00f6r\u00fcnt\u00fcs\u00fcn\u00fc yay\u0131nlad\u0131"},"content":{"rendered":"<p>Rusya, NATO\u2019ya ait bir u\u00e7a\u011f\u0131n, Balt\u0131k Denizi \u00fczerinde, Rusya Savunma Bakan\u0131 Sergey \u015eoygu\u2019yu ta\u015f\u0131yan bir u\u00e7a\u011fa yakla\u015ft\u0131\u011f\u0131 o anlar\u0131n g\u00f6r\u00fcnt\u00fclerini yay\u0131nlad\u0131.<\/p>\n<p>Rusya Savunma Bakan\u0131 Sergey \u015eoygu\u2019nun Kaliningrad\u2019ta bulunan bir deniz okulunun t\u00f6renine \u00f6zel u\u00e7a\u011f\u0131yla gitti\u011fi s\u0131rada Balt\u0131k Denizi \u00fczerinde NATO\u2019ya ait F-16 tipi sava\u015f u\u00e7a\u011f\u0131 yakla\u015ft\u0131. \u015eoygu\u2019nun u\u00e7a\u011f\u0131na yakla\u015fan ve takip eden F-16 u\u00e7a\u011f\u0131 Rusya Hava Kuvvetlerine ba\u011fl\u0131 SU-27 tipi sava\u015f u\u00e7aklar\u0131n\u0131n araya girmesiyle uzakla\u015ft\u0131r\u0131ld\u0131.<\/p>\n<p>Rusya Savunma Bakanl\u0131\u011f\u0131 \u2018taciz\u2019 dedi<\/p>\n<p>G\u00f6ky\u00fcz\u00fcnde geli\u015fen bu olay Rusya ve NATO taraf\u0131ndan ani tepkilere yol a\u00e7t\u0131. Tehlikeli gerilimin g\u00f6r\u00fcnt\u00fcleri Rusya Savunma Bakanl\u0131\u011f\u0131n\u0131n resmi internet sitesinde yay\u0131nlanarak NATO u\u00e7a\u011f\u0131n\u0131n yakla\u015fmas\u0131 \u2018taciz\u2019 olarak nitelendirildi.<\/p>\n<p>NATO\u2019dan a\u00e7\u0131klama: \u201cTan\u0131mlama amac\u0131 ile yakla\u015ft\u0131k\u201d<\/p>\n<p>NATO\u2019nun resmi internet sitesinde yap\u0131lan a\u00e7\u0131klamada ise olay\u0131n geli\u015fimi ile ilgili bilgiler verildi. A\u00e7\u0131klamada u\u00e7aklar\u0131n Balt\u0131k Denizi \u00fczerinde tarafs\u0131z b\u00f6lgede kar\u015f\u0131la\u015ft\u0131r\u0131ld\u0131\u011f\u0131 aktar\u0131larak NATO u\u00e7a\u011f\u0131n\u0131n \u015eoygu\u2019nun u\u00e7a\u011f\u0131na yakla\u015fma sebebinin \u2018tan\u0131mlama\u2019 oldu\u011fu belirtildi.<\/p>\n","protected":false},"excerpt":{"rendered":"<p>RUSYA, NATO\u2019YA A\u0130T B\u0130R U\u00c7A\u011eIN, BALTIK DEN\u0130Z\u0130 \u00dcZER\u0130NDE, RUSYA SAVUNMA BAKANI SERGEY \u015eOYGU\u2019YU TA\u015eIYAN B\u0130R U\u00c7A\u011eA YAKLA\u015eTI\u011eI O ANLARIN G\u00d6R\u00dcNT\u00dcLER\u0130N\u0130 YAYINLADI.<\/p>\n","protected":false},"author":1,"featured_media":193399,"comment_status":"closed","ping_status":"open","sticky":false,"template":"","format":"standard","meta":{"jetpack_post_was_ever_published":false,"_jetpack_newsletter_access":"","_jetpack_dont_email_post_to_subs":false,"_jetpack_newsletter_tier_id":0,"_jetpack_memberships_contains_paywalled_content":false,"_jetpack_memberships_contains_paid_content":false,"footnotes":"","jetpack_publicize_message":"","jetpack_publicize_feature_enabled":true,"jetpack_social_post_already_shared":true,"jetpack_social_options":{"image_generator_settings":{"template":"highway","default_image_id":0,"font":"","enabled":false},"version":2}},"categories":[10],"tags":[1050,48413,4799,32,48411,42428,22176,48412,6922],"class_list":["post-193398","post","type-post","status-publish","format-standard","has-post-thumbnail","hentry","category-dunya","tag-calisan","tag-goruntusunu","tag-nato","tag-rusya","tag-soygunun","tag-ucagina","tag-ucaginin","tag-yaklasmaya","tag-yayinladi"],"jetpack_publicize_connections":[],"jetpack_featured_media_url":"https:\/\/i0.wp.com\/www.tvturk.com\/wp-content\/uploads\/2019\/08\/rusya-soygunun-ucagina-yaklasmaya-calisan-nato-ucaginin-goruntusunu-yayinladi_8b461bd.jpg?fit=960%2C639","jetpack_sharing_enabled":true,"jetpack_shortlink":"https:\/\/wp.me\/paKIfm-Ojk","_links":{"self":[{"href":"http:\/\/www.tvturk.com\/index.php\/wp-json\/wp\/v2\/posts\/193398","targetHints":{"allow":["GET"]}}],"collection":[{"href":"http:\/\/www.tvturk.com\/index.php\/wp-json\/wp\/v2\/posts"}],"about":[{"href":"http:\/\/www.tvturk.com\/index.php\/wp-json\/wp\/v2\/types\/post"}],"author":[{"embeddable":true,"href":"http:\/\/www.tvturk.com\/index.php\/wp-json\/wp\/v2\/users\/1"}],"replies":[{"embeddable":true,"href":"http:\/\/www.tvturk.com\/index.php\/wp-json\/wp\/v2\/comments?post=193398"}],"version-history":[{"count":0,"href":"http:\/\/www.tvturk.com\/index.php\/wp-json\/wp\/v2\/posts\/193398\/revisions"}],"wp:featuredmedia":[{"embeddable":true,"href":"http:\/\/www.tvturk.com\/index.php\/wp-json\/wp\/v2\/media\/193399"}],"wp:attachment":[{"href":"http:\/\/www.tvturk.com\/index.php\/wp-json\/wp\/v2\/media?parent=193398"}],"wp:term":[{"taxonomy":"category","embeddable":true,"href":"http:\/\/www.tvturk.com\/index.php\/wp-json\/wp\/v2\/categories?post=193398"},{"taxonomy":"post_tag","embeddable":true,"href":"http:\/\/www.tvturk.com\/index.php\/wp-json\/wp\/v2\/tags?post=193398"}],"curies":[{"name":"wp","href":"https:\/\/api.w.org\/{rel}","templated":true}]}}