{"id":193416,"date":"2019-08-14T03:16:07","date_gmt":"2019-08-14T00:16:07","guid":{"rendered":"http:\/\/www.tvturk.com\/index.php\/eskisehirde-yanginin-oldugu-alan-cevrelendi\/"},"modified":"2019-08-14T03:16:07","modified_gmt":"2019-08-14T00:16:07","slug":"eskisehirde-yanginin-oldugu-alan-cevrelendi","status":"publish","type":"post","link":"http:\/\/www.tvturk.com\/index.php\/eskisehirde-yanginin-oldugu-alan-cevrelendi\/","title":{"rendered":"Eski\u015fehir\u2019de yang\u0131n\u0131n oldu\u011fu alan \u00e7evrelendi"},"content":{"rendered":"<p>Eski\u015fehir\u2019in Seyitgazi il\u00e7esinde meydana gelen orman yang\u0131n\u0131nda s\u00f6nd\u00fcrme \u00e7al\u0131\u015fmalar\u0131 gece de devam ederken, yang\u0131n\u0131n oldu\u011fu alan \u00e7evrelenerek kontrol alt\u0131n al\u0131nmaya \u00e7al\u0131\u015f\u0131l\u0131yor.<\/p>\n<p>Eski\u015fehir\u2019in Seyitgai il\u00e7esine ba\u011fl\u0131 Yap\u0131ldak Mahallesi\u2019ndeki \u0130ni Da\u011f\u0131\u2019nda bilinmeyen bir sebepten dolay\u0131 \u00f6\u011flen saat 03.00 sular\u0131nda yang\u0131n \u00e7\u0131kt\u0131. Yang\u0131n\u0131 s\u00f6nd\u00fcrme \u00e7al\u0131\u015fmalar\u0131nda 2 helikopter, 10 araz\u00f6r, 4 i\u015f makinesi ve 100 i\u015f\u00e7i g\u00f6rev yaparken, yang\u0131nda y\u00fczlerce a\u011fa\u00e7 k\u00fcl oldu. S\u00f6nd\u00fcrme \u00e7al\u0131\u015fmalar\u0131n\u0131n gece boyunca devam edece\u011fi \u00f6\u011frenilirken, yanan alan\u0131n \u00e7evrelendi\u011fi bilgisine de ula\u015f\u0131ld\u0131. \u0130ni Da\u011f\u0131 \u00e7evresinde Eski\u015fehir d\u0131\u015f\u0131nda \u00e7evre illerden de gelen araz\u00f6rler ve i\u015f makinalar\u0131yla kendilerine g\u00fcvenli alan a\u00e7an g\u00f6revliler, bu sayede de yang\u0131n\u0131n yay\u0131lmas\u0131n\u0131 \u00f6nl\u00fcyor. Herhangi bir hava de\u011fi\u015fikli\u011fi olmad\u0131\u011f\u0131 taktirde alevlerin da\u011f\u0131lmayaca\u011f\u0131n\u0131 ve sabah saatlerinde kontrol alt\u0131na al\u0131nabilece\u011fini ifade eden yetkililer, \u00e7evreledikleri alan\u0131n i\u00e7inde devam eden yang\u0131n\u0131 s\u00f6nd\u00fcrme \u00e7al\u0131\u015fmalar\u0131na devam ediyor.<\/p>\n<p>B\u00f6lge halk\u0131 yang\u0131n\u0131 s\u00f6nd\u00fcrmek i\u00e7in seferber oldu<\/p>\n<p>Yap\u0131ldak Mahallesi halk\u0131, \u0130ni Da\u011f\u0131nda ba\u015flayan yang\u0131n\u0131 s\u00f6nd\u00fcrmek i\u00e7in gece de \u00e7al\u0131\u015fmaya devam ediyor. Yang\u0131n\u0131n bulundu\u011fu alana giren vatanda\u015flar, ellerinde bulunan malzemelerle yang\u0131na m\u00fcdahale ederken, yang\u0131n\u0131n b\u00fcy\u00fcmemesi i\u00e7in ekiplere destek oluyor. Yang\u0131n\u0131n oldu\u011fu alanda \u00e7al\u0131\u015fan vatanda\u015flar, hektarlarca alan\u0131n yang\u0131ndan zarar g\u00f6rd\u00fc\u011f\u00fcn\u00fc ifade etti. \u00c7al\u0131\u015fmalar s\u0131ras\u0131nda 11 ki\u015finin de dumandan etkilendi\u011fi bilgisine ula\u015f\u0131ld\u0131.<\/p>\n","protected":false},"excerpt":{"rendered":"<p>YANGININ OLDU\u011eU ALAN \u00c7EVRELEND\u0130<\/p>\n","protected":false},"author":1,"featured_media":193417,"comment_status":"closed","ping_status":"open","sticky":false,"template":"","format":"standard","meta":{"jetpack_post_was_ever_published":false,"_jetpack_newsletter_access":"","_jetpack_dont_email_post_to_subs":false,"_jetpack_newsletter_tier_id":0,"_jetpack_memberships_contains_paywalled_content":false,"_jetpack_memberships_contains_paid_content":false,"footnotes":"","jetpack_publicize_message":"","jetpack_publicize_feature_enabled":true,"jetpack_social_post_already_shared":true,"jetpack_social_options":{"image_generator_settings":{"template":"highway","default_image_id":0,"font":"","enabled":false},"version":2}},"categories":[1],"tags":[1802,48416,5963,1974,22988],"class_list":["post-193416","post","type-post","status-publish","format-standard","has-post-thumbnail","hentry","category-genel","tag-alan","tag-cevrelendi","tag-eskisehirde","tag-oldugu","tag-yanginin"],"jetpack_publicize_connections":[],"jetpack_featured_media_url":"https:\/\/i0.wp.com\/www.tvturk.com\/wp-content\/uploads\/2019\/08\/eskisehirde-yanginin-oldugu-alan-cevrelendi_be24560.jpg?fit=1000%2C666","jetpack_sharing_enabled":true,"jetpack_shortlink":"https:\/\/wp.me\/paKIfm-OjC","_links":{"self":[{"href":"http:\/\/www.tvturk.com\/index.php\/wp-json\/wp\/v2\/posts\/193416","targetHints":{"allow":["GET"]}}],"collection":[{"href":"http:\/\/www.tvturk.com\/index.php\/wp-json\/wp\/v2\/posts"}],"about":[{"href":"http:\/\/www.tvturk.com\/index.php\/wp-json\/wp\/v2\/types\/post"}],"author":[{"embeddable":true,"href":"http:\/\/www.tvturk.com\/index.php\/wp-json\/wp\/v2\/users\/1"}],"replies":[{"embeddable":true,"href":"http:\/\/www.tvturk.com\/index.php\/wp-json\/wp\/v2\/comments?post=193416"}],"version-history":[{"count":0,"href":"http:\/\/www.tvturk.com\/index.php\/wp-json\/wp\/v2\/posts\/193416\/revisions"}],"wp:featuredmedia":[{"embeddable":true,"href":"http:\/\/www.tvturk.com\/index.php\/wp-json\/wp\/v2\/media\/193417"}],"wp:attachment":[{"href":"http:\/\/www.tvturk.com\/index.php\/wp-json\/wp\/v2\/media?parent=193416"}],"wp:term":[{"taxonomy":"category","embeddable":true,"href":"http:\/\/www.tvturk.com\/index.php\/wp-json\/wp\/v2\/categories?post=193416"},{"taxonomy":"post_tag","embeddable":true,"href":"http:\/\/www.tvturk.com\/index.php\/wp-json\/wp\/v2\/tags?post=193416"}],"curies":[{"name":"wp","href":"https:\/\/api.w.org\/{rel}","templated":true}]}}