{"id":193438,"date":"2019-08-14T10:16:33","date_gmt":"2019-08-14T07:16:33","guid":{"rendered":"http:\/\/www.tvturk.com\/index.php\/turkuaz-mavisi-plaj-4-gunde-25-bin-ziyaretci-agirladi\/"},"modified":"2019-08-14T10:16:33","modified_gmt":"2019-08-14T07:16:33","slug":"turkuaz-mavisi-plaj-4-gunde-25-bin-ziyaretci-agirladi","status":"publish","type":"post","link":"http:\/\/www.tvturk.com\/index.php\/turkuaz-mavisi-plaj-4-gunde-25-bin-ziyaretci-agirladi\/","title":{"rendered":"Turkuaz mavisi plaj 4 g\u00fcnde 25 bin ziyaret\u00e7i a\u011f\u0131rlad\u0131"},"content":{"rendered":"<p>Antalya\u2019n\u0131n Ka\u015f il\u00e7esi Kurban Bayram\u0131 boyunca tatile gelen turistlerle dolarken Ka\u015f ve Kalkan aras\u0131nda bulunan Kaputa\u015f plaj\u0131 ise tarihi g\u00fcnler ya\u015fad\u0131. Turkuaz rengi deniziyle bilinen plaj, arife ve bayram s\u00fcresince yakla\u015f\u0131k 25 bin ki\u015fiyi a\u011f\u0131rlad\u0131.<\/p>\n<p>Bayram dolay\u0131s\u0131yla Antalya\u2019n\u0131n Ka\u015f il\u00e7esine gelen tatilciler plajlar\u0131 doldururken, Kaputa\u015f plaj\u0131n\u0131n bulundu\u011fu Ka\u015f-Kalkan karayolunda yo\u011fun ara\u00e7 trafi\u011fi nedeniyle izdiham ya\u015fand\u0131. \u0130zdiham sebebiyle karayolunda ara\u00e7 kuyru\u011fu 3 kilometreye ula\u015f\u0131rken, tatilciler ara\u00e7lar\u0131n\u0131 park edecek yer bulmakta zorland\u0131. Plaj 3 g\u00fcnde 25 bin ziyaret\u00e7i  a\u011f\u0131rlayarak tarihi bir yo\u011funlu\u011fa imza att\u0131. Ara\u00e7 trafi\u011fi nedeniyle izdiham ya\u015fan\u0131rken, jandarma ve asayi\u015f ekipleri emniyeti sa\u011flad\u0131.<\/p>\n<p>Yo\u011funluk s\u00fcr\u00fcyor<\/p>\n<p>Belediye Ba\u015fkan\u0131 Mutlu Uluta\u015f , her y\u0131l oldu\u011fu gibi bu y\u0131l da Ka\u015f\u2019ta canl\u0131l\u0131k ya\u015fand\u0131\u011f\u0131n\u0131 ifade etti.  Ka\u015f ve Kalkan ile Kaputa\u015f ve Patara Plaj\u0131nda yo\u011funlu\u011fun s\u00fcrd\u00fc\u011f\u00fcn\u00fc kaydeden Ba\u015fkan Mutlu Uluta\u015f, \u201c\u00d6zellikle Kaputa\u015f ve Patara Plaj\u0131, \u00f6ren yerlerimizden Sakl\u0131kent ve G\u00f6mbe\u2019de yaz d\u00f6neminde ciddi yo\u011funluk ya\u015fan\u0131yor. Bu y\u0131l da bayramda doluluk oran\u0131, hem konaklama say\u0131s\u0131 hem de yo\u011funluk olarak y\u00fczde y\u00fcz oran\u0131nda. Bu, b\u00f6lgemiz ve turizm i\u00e7in \u00f6nemli. \u00c7\u00fcnk\u00fc esnaflar uzun zaman bu d\u00f6nemi bekliyor. B\u00f6yle dolulu\u011fun olmas\u0131 turizmciyi, esnaf\u0131 ve b\u00f6lgemizi memnun ediyor. Bizler de buraya gelen misafirlerimizi en iyi \u015fekilde a\u011f\u0131rlaman\u0131n se\u00e7eneklerini sunuyoruz. \u00d6zellikle g\u00fcvenlik, huzur ve hizmet anlam\u0131nda belediye, kaymakaml\u0131k ve g\u00fcvenlik g\u00fc\u00e7lerimiz haz\u0131r ve naz\u0131r vaziyette bekliyor. Misafirlerimizi en iyi \u015fekilde a\u011f\u0131rlamaya gayret ediyoruz\u201d dedi.<\/p>\n<p>\u201cKa\u015f\u2019ta olmak Dominik\u2019te olmak gibi\u201d<\/p>\n<p>\u00d6te yandan, hava s\u0131cakl\u0131\u011f\u0131n\u0131n 39, deniz suyu s\u0131cakl\u0131\u011f\u0131n\u0131n ise 29 derece \u00f6l\u00e7\u00fcld\u00fc\u011f\u00fc Ka\u015f\u2019ta vatanda\u015flar serinlemek i\u00e7in sahillere ak\u0131n etti. Tatilini ge\u00e7irmek i\u00e7in Ka\u015f\u2019a gelen ve d\u00fcnyaca \u00fcnl\u00fc Kaputa\u015f Plaj\u0131\u2019n\u0131 tercih eden Ankaral\u0131 Ba\u015fak Y\u00fcksel (25), \u201cTatile y\u0131llard\u0131r \u0130zmir\u2019e gidiyordum. Buraya gelmemi\u015ftim. \u0130yi ki geldim, g\u00f6rd\u00fcm, \u00e7ok g\u00fczel. Ka\u015f\u2019\u0131n insanlar\u0131 inan\u0131lmaz s\u0131cak, yard\u0131msever.\u201d diye konu\u015ftu.<\/p>\n<p>Tatilcilerden Venezualal\u0131 Jose Manuel Figueira (27) ise \u201cBuras\u0131 \u00e7ok g\u00fczel bir yer. T\u00fcm d\u00fcnyan\u0131n bilmesi, g\u00f6rmesi gereken bir yer. Ger\u00e7ekten deniziyle kumuyla temizli\u011fiyle g\u00fcvenli ortam\u0131yla fark edilmesi gereken bir yer diye d\u00fc\u015f\u00fcn\u00fcyorum. Madrid\u2019de ya\u015fayan arkada\u015f\u0131m tatile nereye gitsem diye sordu. Latin Amerika\u2019ya gitmeyi d\u00fc\u015f\u00fcn\u00fcyormu\u015f. Mutlaka buraya gel, g\u00f6r. Burada olmak Dominik\u2019te olmak gibi bir \u015fey, \u00e7\u00fcnk\u00fc o kadar g\u00fczel dedim\u201d ifadelerini kulland\u0131.<\/p>\n","protected":false},"excerpt":{"rendered":"<p>ANTALYA\u2019NIN KA\u015e \u0130L\u00c7ES\u0130 KURBAN BAYRAMI BOYUNCA TAT\u0130LE GELEN TUR\u0130STLERLE DOLDU. BAYRAM S\u00dcRES\u0130NCE KA\u015e \u0130LE KALKAN ARASINDAK\u0130 KAPUTA\u015e PLAJINI YAKLA\u015eIK 25 B\u0130N K\u0130\u015e\u0130 Z\u0130YARET ETT\u0130.<\/p>\n","protected":false},"author":1,"featured_media":193439,"comment_status":"closed","ping_status":"open","sticky":false,"template":"","format":"standard","meta":{"jetpack_post_was_ever_published":false,"_jetpack_newsletter_access":"","_jetpack_dont_email_post_to_subs":false,"_jetpack_newsletter_tier_id":0,"_jetpack_memberships_contains_paywalled_content":false,"_jetpack_memberships_contains_paid_content":false,"footnotes":"","jetpack_publicize_message":"","jetpack_publicize_feature_enabled":true,"jetpack_social_post_already_shared":true,"jetpack_social_options":{"image_generator_settings":{"template":"highway","default_image_id":0,"font":"","enabled":false},"version":2}},"categories":[1],"tags":[277,213,6040,48424,14148,40705,6267],"class_list":["post-193438","post","type-post","status-publish","format-standard","has-post-thumbnail","hentry","category-genel","tag-agirladi","tag-bin","tag-gunde","tag-mavisi","tag-plaj","tag-turkuaz","tag-ziyaretci"],"jetpack_publicize_connections":[],"jetpack_featured_media_url":"https:\/\/i0.wp.com\/www.tvturk.com\/wp-content\/uploads\/2019\/08\/turkuaz-mavisi-plaj-4-gunde-25-bin-ziyaretci-agirladi_eceee76.jpg?fit=1000%2C666","jetpack_sharing_enabled":true,"jetpack_shortlink":"https:\/\/wp.me\/paKIfm-OjY","_links":{"self":[{"href":"http:\/\/www.tvturk.com\/index.php\/wp-json\/wp\/v2\/posts\/193438","targetHints":{"allow":["GET"]}}],"collection":[{"href":"http:\/\/www.tvturk.com\/index.php\/wp-json\/wp\/v2\/posts"}],"about":[{"href":"http:\/\/www.tvturk.com\/index.php\/wp-json\/wp\/v2\/types\/post"}],"author":[{"embeddable":true,"href":"http:\/\/www.tvturk.com\/index.php\/wp-json\/wp\/v2\/users\/1"}],"replies":[{"embeddable":true,"href":"http:\/\/www.tvturk.com\/index.php\/wp-json\/wp\/v2\/comments?post=193438"}],"version-history":[{"count":0,"href":"http:\/\/www.tvturk.com\/index.php\/wp-json\/wp\/v2\/posts\/193438\/revisions"}],"wp:featuredmedia":[{"embeddable":true,"href":"http:\/\/www.tvturk.com\/index.php\/wp-json\/wp\/v2\/media\/193439"}],"wp:attachment":[{"href":"http:\/\/www.tvturk.com\/index.php\/wp-json\/wp\/v2\/media?parent=193438"}],"wp:term":[{"taxonomy":"category","embeddable":true,"href":"http:\/\/www.tvturk.com\/index.php\/wp-json\/wp\/v2\/categories?post=193438"},{"taxonomy":"post_tag","embeddable":true,"href":"http:\/\/www.tvturk.com\/index.php\/wp-json\/wp\/v2\/tags?post=193438"}],"curies":[{"name":"wp","href":"https:\/\/api.w.org\/{rel}","templated":true}]}}