{"id":193453,"date":"2019-08-19T19:14:14","date_gmt":"2019-08-19T16:14:14","guid":{"rendered":"http:\/\/www.tvturk.com\/index.php\/il-muduru-ozenden-expo-aciklamasi\/"},"modified":"2019-08-19T19:14:14","modified_gmt":"2019-08-19T16:14:14","slug":"il-muduru-ozenden-expo-aciklamasi","status":"publish","type":"post","link":"http:\/\/www.tvturk.com\/index.php\/il-muduru-ozenden-expo-aciklamasi\/","title":{"rendered":"\u0130l M\u00fcd\u00fcr\u00fc \u00d6zen\u2019den EXPO a\u00e7\u0131klamas\u0131"},"content":{"rendered":"<p>Antalya \u0130l Tar\u0131m ve Orman M\u00fcd\u00fcr\u00fc Mustafa \u00d6zen, &#8220;Antalyal\u0131lar\u0131n bu alana sahip \u00e7\u0131karak, EXPO\u2019nun da Antalya ile b\u00fct\u00fcnle\u015ferek hayat\u0131n\u0131 daha uzun y\u0131llar devam ettirece\u011fi \u00fcmidindeyiz. Biz sadece konserlere de\u011fil Antalya\u2019da yap\u0131lacak t\u00fcm etkinliklere ev sahipli\u011fi yapmaya talibiz. \u00d6zelle\u015ftirme en kolay\u0131, biz zor olan\u0131 yapal\u0131m&#8221; dedi.<\/p>\n<p>Antalya \u0130l Tar\u0131m ve Orman M\u00fcd\u00fcr\u00fc Mustafa \u00d6zen, Expo 2016 Antalya ile ilgili bas\u0131n mensuplar\u0131na a\u00e7\u0131klamada bulundu. \u00d6zen, 2018\u2019in ortas\u0131nda Tar\u0131m ve Orman \u0130l M\u00fcd\u00fcrl\u00fc\u011f\u00fcne ge\u00e7en EXPO\u2019nun, 2019 y\u0131l\u0131nda &#8220;EXPO\u2019da Hayat Var&#8221; slogan\u0131yla bir cazibe alan\u0131na d\u00f6n\u00fc\u015ft\u00fcrmeyi hedeflediklerini aktard\u0131. Politikalar\u0131 EXPO\u2019yu canl\u0131 tutmaya y\u00f6nelik ger\u00e7ekle\u015ftirdiklerini dile getiren \u00d6zen, &#8220;EXPO ger\u00e7ekten hem g\u00fcvenlik anlam\u0131nda hem \u015fehrin stresinden ve yo\u011funlu\u011fundan uzakl\u0131k anlam\u0131nda vakit ge\u00e7irme, ziyaret etme, k\u00fclt\u00fcrel bir etkinlik anlam\u0131nda g\u00fczel ve e\u015fsiz bir nokta. Antalyal\u0131lar\u0131n bu alana sahip \u00e7\u0131karak, EXPO\u2019nun da Antalya ile b\u00fct\u00fcnle\u015ferek hayat\u0131n\u0131 daha uzun y\u0131llar devam ettirece\u011fi \u00fcmidindeyiz&#8221; \u015feklinde konu\u015ftu.<\/p>\n<p>&#8220;Ev sahipli\u011fi yapmaya talibiz&#8221;<\/p>\n<p>\u00d6zen, EXPO\u2019nun 2016 y\u0131l\u0131nda isminin konserlerle an\u0131ld\u0131\u011f\u0131n\u0131 hat\u0131rlatan \u00d6zen, alan\u0131n b\u00fct\u00fcnc\u00fcl d\u00fc\u015f\u00fcn\u00fclmesi gerekti\u011fini s\u00f6yledi.  \u00d6zen, &#8220;Antalya\u2019n\u0131n en b\u00fcy\u00fck antik tiyatrosu burada, yine Antalya\u2019n\u0131n en b\u00fcy\u00fck aktivite alan\u0131 burada. Biz yine halk\u0131m\u0131z\u0131n beklentisi do\u011frultusunda her ne kadar konserler yapt\u0131ysak ve yapmaya devam edeceksek de b\u00fct\u00fcnc\u00fcl bir etkinlik olarak d\u00fc\u015f\u00fcnmemiz laz\u0131m. Sadece konserlere de\u011fil Antalya\u2019da yap\u0131lacak t\u00fcm etkinliklere ev sahipli\u011fi yapmaya talibiz&#8221; diye konu\u015ftu.<\/p>\n<p>&#8220;\u00d6zelle\u015ftirme en kolay\u0131&#8221;<\/p>\n<p>Alan\u0131 ald\u0131klar\u0131ndaki durumuna ili\u015fkin bilgi veren \u00d6zen, &#8220;Az masrafla b\u00fcy\u00fck tasarruflar elde ederek b\u00fcy\u00fck sonu\u00e7lar ortaya koyduk. 500 d\u00f6n\u00fcml\u00fck ye\u015fil alan k\u0131sm\u0131n\u0131n y\u00fczde 95\u2019ini tamamen diri bir hale getirdik. Biz istiyoruz ki bu alan \u015fehir ile b\u00fct\u00fcnle\u015ferek \u015fehrin c\u0131v\u0131l c\u0131v\u0131l doldurdu\u011fu bir alan olsun. \u00d6zelle\u015ftirme bana g\u00f6re en kolay olan\u0131, dolay\u0131s\u0131yla biz zor olan\u0131 yapal\u0131m alana sahip \u00e7\u0131kal\u0131m. Alana sahip \u00e7\u0131kmak i\u00e7in de Antalyal\u0131lar\u0131n bu alana sahip \u00e7\u0131kmas\u0131 gerekiyor. Bu alan\u0131 ziyaret\u00e7ilerimiz yo\u011fun bir \u015fekilde gelir ve bu \u015fehir sahip \u00e7\u0131karsa Bundan sonraki s\u00fcre\u00e7te \u00f6zelle\u015ftirme ile ilgili politikan\u0131n da de\u011fi\u015fece\u011fine inan\u0131yorum&#8221; dedi.<\/p>\n<p>\u00d6zen, EXPO\u2019ya giri\u015flerin \u00fccretsiz oldu\u011funun alt\u0131n\u0131 \u00e7izdi.<\/p>\n","protected":false},"excerpt":{"rendered":"<p>ANTALYA \u0130L TARIM VE ORMAN M\u00dcD\u00dcR\u00dc MUSTAFA \u00d6ZEN, EXPO 2016 ANTALYA \u0130LE \u0130LG\u0130L\u0130 BASIN MENSUPLARINA A\u00c7IKLAMADA BULUNDU.<\/p>\n","protected":false},"author":1,"featured_media":193454,"comment_status":"closed","ping_status":"open","sticky":false,"template":"","format":"standard","meta":{"jetpack_post_was_ever_published":false,"_jetpack_newsletter_access":"","_jetpack_dont_email_post_to_subs":false,"_jetpack_newsletter_tier_id":0,"_jetpack_memberships_contains_paywalled_content":false,"_jetpack_memberships_contains_paid_content":false,"footnotes":"","jetpack_publicize_message":"","jetpack_publicize_feature_enabled":true,"jetpack_social_post_already_shared":true,"jetpack_social_options":{"image_generator_settings":{"template":"highway","default_image_id":0,"font":"","enabled":false},"version":2}},"categories":[1],"tags":[1072,30161,424,254,18721],"class_list":["post-193453","post","type-post","status-publish","format-standard","has-post-thumbnail","hentry","category-genel","tag-aciklamasi","tag-expo","tag-il","tag-muduru","tag-ozenden"],"jetpack_publicize_connections":[],"jetpack_featured_media_url":"https:\/\/i0.wp.com\/www.tvturk.com\/wp-content\/uploads\/2019\/08\/il-muduru-ozenden-expo-aciklamasi_e50502f.jpg?fit=1000%2C666","jetpack_sharing_enabled":true,"jetpack_shortlink":"https:\/\/wp.me\/paKIfm-Okd","_links":{"self":[{"href":"http:\/\/www.tvturk.com\/index.php\/wp-json\/wp\/v2\/posts\/193453","targetHints":{"allow":["GET"]}}],"collection":[{"href":"http:\/\/www.tvturk.com\/index.php\/wp-json\/wp\/v2\/posts"}],"about":[{"href":"http:\/\/www.tvturk.com\/index.php\/wp-json\/wp\/v2\/types\/post"}],"author":[{"embeddable":true,"href":"http:\/\/www.tvturk.com\/index.php\/wp-json\/wp\/v2\/users\/1"}],"replies":[{"embeddable":true,"href":"http:\/\/www.tvturk.com\/index.php\/wp-json\/wp\/v2\/comments?post=193453"}],"version-history":[{"count":0,"href":"http:\/\/www.tvturk.com\/index.php\/wp-json\/wp\/v2\/posts\/193453\/revisions"}],"wp:featuredmedia":[{"embeddable":true,"href":"http:\/\/www.tvturk.com\/index.php\/wp-json\/wp\/v2\/media\/193454"}],"wp:attachment":[{"href":"http:\/\/www.tvturk.com\/index.php\/wp-json\/wp\/v2\/media?parent=193453"}],"wp:term":[{"taxonomy":"category","embeddable":true,"href":"http:\/\/www.tvturk.com\/index.php\/wp-json\/wp\/v2\/categories?post=193453"},{"taxonomy":"post_tag","embeddable":true,"href":"http:\/\/www.tvturk.com\/index.php\/wp-json\/wp\/v2\/tags?post=193453"}],"curies":[{"name":"wp","href":"https:\/\/api.w.org\/{rel}","templated":true}]}}