{"id":193457,"date":"2019-08-19T19:14:22","date_gmt":"2019-08-19T16:14:22","guid":{"rendered":"http:\/\/www.tvturk.com\/index.php\/cumhurbaskani-erdogan-stratonikeiai-antik-kentini-gezdi\/"},"modified":"2019-08-19T19:14:22","modified_gmt":"2019-08-19T16:14:22","slug":"cumhurbaskani-erdogan-stratonikeiai-antik-kentini-gezdi","status":"publish","type":"post","link":"http:\/\/www.tvturk.com\/index.php\/cumhurbaskani-erdogan-stratonikeiai-antik-kentini-gezdi\/","title":{"rendered":"Cumhurba\u015fkan\u0131 Erdo\u011fan Stratonikeia\u0131 Antik Kenti\u2019ni gezdi"},"content":{"rendered":"<p>Cumhurba\u015fkan\u0131 Recep Tayyip Erdo\u011fan, e\u015fi Emine Erdo\u011fan ile birlikte Mu\u011fla\u2019da bulunan d\u00fcnyan\u0131n en b\u00fcy\u00fck mermer antik kenti Stratonikeia\u2019y\u0131 ziyaret etti.<\/p>\n<p>Cumhurba\u015fkan\u0131 Erdo\u011fan, helikopter ile Yata\u011fan Termik Santrali\u2019ne indi. Buradan karayolu ile Stratonikeia Antik Kenti\u2019ne ge\u00e7ti. Antik kentte kendisini kaz\u0131 Ba\u015fkan\u0131 Pamukkale \u00dcniversitesi \u00f6\u011fretim \u00fcyesi Prof. Dr. Bilal S\u00f6\u011f\u00fct kar\u015f\u0131lad\u0131. Cumhurba\u015fkan\u0131 Erdo\u011fan Stratonikeia Antik Kenti\u2019nde restorasyonu yap\u0131lan hamam, Cami, kaz\u0131 evi, kuzey giri\u015f kap\u0131s\u0131 gibi b\u00f6lgeleri e\u015fi Emine Erdo\u011fan ile gezdi. Cumhurba\u015fkan\u0131 Erdo\u011fan restorasyonu tamamlanan cami \u00f6n\u00fcnde bulunan mermer \u2019Sadaka ta\u015f\u0131na\u2019 para b\u0131rakt\u0131. Cumhurba\u015fkan\u0131 Erdo\u011fan, Antik kent i\u00e7inde k\u00f6yl\u00fc kad\u0131nlar\u0131n yap\u0131p satt\u0131\u011f\u0131 g\u00f6zleme ve \u00e7ay i\u00e7ti. Antik kentte \u00fcrettikleri sebze ve meyveleri satan kad\u0131nlarla da sohbet eden Cumhurba\u015fkan\u0131 ve e\u015fi, yakla\u015f\u0131k 3 saat antik kentte kald\u0131.<\/p>\n<p>Yata\u011fan Belediye Ba\u015fkan\u0131 Mustafa Toks\u00f6z, \u201c\u0130l\u00e7emiz s\u0131n\u0131rlar\u0131 i\u00e7inde yer alan Stratonikeia antik kentini ziyaret ederek incelemelerde bulanan Say\u0131n Cumhurba\u015fkan\u0131m\u0131z gerek antik kentimiz, gerekse il\u00e7emiz i\u00e7in haz\u0131rlam\u0131\u015f oldu\u011fumuz t\u00fcm projelerimizle bizleri Ankara\u2019ya \u00e7a\u011f\u0131rarak Cumhurba\u015fkan\u0131 Yard\u0131mc\u0131s\u0131 Fuat Oktay ve ilgili bakanlar\u0131m\u0131zla g\u00f6r\u00fc\u015fmeye davet ettiler.  Ge\u00e7ti\u011fimiz Cumartesi g\u00fcn\u00fc bizlere 4 saat 30 dakika, bug\u00fcn ise 3 saat zaman ay\u0131rd\u0131klar\u0131 i\u00e7in ve ziyaretlerinden dolay\u0131 Say\u0131n Cumhurba\u015fkan\u0131m\u0131za, de\u011ferli e\u015fleri Emine Erdo\u011fan han\u0131mefendiye te\u015fekk\u00fcr ediyorum\u201d dedi.<\/p>\n<p>Ziyarette AK Parti Mu\u011fla milletvekilleri Yelda Erol G\u00f6kcan, Mehmet Yavuz Demir, \u0130l Ba\u015fkan\u0131 Kadem Mete, Yata\u011fan Belediye Ba\u015fkan\u0131 Mustafa Toks\u00f6z de haz\u0131r bulundu.<\/p>\n","protected":false},"excerpt":{"rendered":"<p>CUMHURBA\u015eKANI RECEP TAYY\u0130P ERDO\u011eAN VE E\u015e\u0130 EM\u0130NE ERDO\u011eAN, MU\u011eLA\u2019NIN YATA\u011eAN \u0130L\u00c7ES\u0130NDEK\u0130 D\u00dcNYANIN EN B\u00dcY\u00dcK MERMER ANT\u0130K KENT\u0130 STRATON\u0130KE\u0130A\u2019YI Z\u0130YARET ETT\u0130.<\/p>\n","protected":false},"author":1,"featured_media":193458,"comment_status":"closed","ping_status":"open","sticky":false,"template":"","format":"standard","meta":{"jetpack_post_was_ever_published":false,"_jetpack_newsletter_access":"","_jetpack_dont_email_post_to_subs":false,"_jetpack_newsletter_tier_id":0,"_jetpack_memberships_contains_paywalled_content":false,"_jetpack_memberships_contains_paid_content":false,"footnotes":"","jetpack_publicize_message":"","jetpack_publicize_feature_enabled":true,"jetpack_social_post_already_shared":true,"jetpack_social_options":{"image_generator_settings":{"template":"highway","default_image_id":0,"font":"","enabled":false},"version":2}},"categories":[1],"tags":[15465,503,649,2228,48429,48428],"class_list":["post-193457","post","type-post","status-publish","format-standard","has-post-thumbnail","hentry","category-genel","tag-antik","tag-cumhurbaskani","tag-erdogan","tag-gezdi","tag-kentini","tag-stratonikeiai"],"jetpack_publicize_connections":[],"jetpack_featured_media_url":"https:\/\/i0.wp.com\/www.tvturk.com\/wp-content\/uploads\/2019\/08\/cumhurbaskani-erdogan-stratonikeiai-antik-kentini-gezdi_eceee76.jpg?fit=1000%2C750","jetpack_sharing_enabled":true,"jetpack_shortlink":"https:\/\/wp.me\/paKIfm-Okh","_links":{"self":[{"href":"http:\/\/www.tvturk.com\/index.php\/wp-json\/wp\/v2\/posts\/193457","targetHints":{"allow":["GET"]}}],"collection":[{"href":"http:\/\/www.tvturk.com\/index.php\/wp-json\/wp\/v2\/posts"}],"about":[{"href":"http:\/\/www.tvturk.com\/index.php\/wp-json\/wp\/v2\/types\/post"}],"author":[{"embeddable":true,"href":"http:\/\/www.tvturk.com\/index.php\/wp-json\/wp\/v2\/users\/1"}],"replies":[{"embeddable":true,"href":"http:\/\/www.tvturk.com\/index.php\/wp-json\/wp\/v2\/comments?post=193457"}],"version-history":[{"count":0,"href":"http:\/\/www.tvturk.com\/index.php\/wp-json\/wp\/v2\/posts\/193457\/revisions"}],"wp:featuredmedia":[{"embeddable":true,"href":"http:\/\/www.tvturk.com\/index.php\/wp-json\/wp\/v2\/media\/193458"}],"wp:attachment":[{"href":"http:\/\/www.tvturk.com\/index.php\/wp-json\/wp\/v2\/media?parent=193457"}],"wp:term":[{"taxonomy":"category","embeddable":true,"href":"http:\/\/www.tvturk.com\/index.php\/wp-json\/wp\/v2\/categories?post=193457"},{"taxonomy":"post_tag","embeddable":true,"href":"http:\/\/www.tvturk.com\/index.php\/wp-json\/wp\/v2\/tags?post=193457"}],"curies":[{"name":"wp","href":"https:\/\/api.w.org\/{rel}","templated":true}]}}