{"id":193495,"date":"2019-08-19T19:15:48","date_gmt":"2019-08-19T16:15:48","guid":{"rendered":"http:\/\/www.tvturk.com\/index.php\/minik-taraftar-bayram-harcligini-baskan-nalbanta-teslim-etti\/"},"modified":"2019-08-19T19:15:48","modified_gmt":"2019-08-19T16:15:48","slug":"minik-taraftar-bayram-harcligini-baskan-nalbanta-teslim-etti","status":"publish","type":"post","link":"http:\/\/www.tvturk.com\/index.php\/minik-taraftar-bayram-harcligini-baskan-nalbanta-teslim-etti\/","title":{"rendered":"Minik taraftar bayram har\u00e7l\u0131\u011f\u0131n\u0131 Ba\u015fkan Nalbant\u2019a teslim etti"},"content":{"rendered":"<p>Ge\u00e7ti\u011fimiz g\u00fcn babas\u0131n\u0131n sosyal medyada yay\u0131nlad\u0131\u011f\u0131 video ile payla\u015f\u0131m rekorlar\u0131 k\u0131ran Rahim Berk Co\u015fkun bayram har\u00e7l\u0131\u011f\u0131 olan 260 TL\u2019yi Sakaryaspor Ba\u015fkan\u0131 \u0130brahim Nalbant\u2019a teslim etti. Minik taraftar, \u201cSakaryaspor\u2019un siyah\u0131na ye\u015fil olmaya geldim\u201d dedi.<\/p>\n<p>Videoyu izledikten sonra \u00e7ok gururlan\u0131p duyguland\u0131\u011f\u0131n\u0131 belirten Sakaryaspor Ba\u015fkan\u0131 \u0130brahim Nalbant minik Rahim Berk\u2019i Kocaelispor ma\u00e7\u0131nda misafir etmek istedi\u011fini s\u00f6yleyip tesislere davet etmi\u015fti. Rahim Berk bug\u00fcn tesislerde bayram har\u00e7l\u0131\u011f\u0131 olan 260 TL\u2019yi Sakaryaspor Ba\u015fkan\u0131 \u0130brahim Nalbant\u2019a teslim etti. Minik taraftar, \u201cSakaryaspor\u2019un siyah\u0131na ye\u015fil olmaya geldim\u201d dedi. \u0130brahim Nalbant ile bir s\u00fcre sohbet eden Rahim Berk\u2019e isminin yazd\u0131\u011f\u0131 Sakaryaspor formas\u0131 hediye edildi.<\/p>\n<p>Ziyarette konu\u015fan Ba\u015fkan Nalbant, \u201cMinik karde\u015fimin videosuna sosyal medyada dola\u015f\u0131rken denk geldim. \u00d6nceden de belirtti\u011fim gibi \u00e7ok duyguland\u0131m ve onur duydum. Rahim Berk\u2019e bug\u00fcn\u00fcn an\u0131s\u0131na ad\u0131n\u0131n yazd\u0131\u011f\u0131 formam\u0131z\u0131 hediye ettik ve kendisini Kocaelispor kar\u015f\u0131la\u015fmam\u0131zda en iyi \u015fekilde misafir edece\u011fiz. B\u00f6yle fedakar bir \u015fehrin tak\u0131m\u0131na olan g\u00f6n\u00fclden ba\u011f\u0131 bizim \u00e7al\u0131\u015fma azmimizi g\u00fc\u00e7lendiriyor. Rahim Berk karde\u015fimi de bug\u00fcn b\u00fct\u00fcn T\u00fcrkiye payla\u015f\u0131p takdir etti. Allah baht\u0131n\u0131 a\u00e7\u0131k etsin\u201d diye konu\u015ftu.<\/p>\n<p>Rahim Berk\u2019in futbol oynad\u0131\u011f\u0131n\u0131 ve ilerde futbolcu olmak istedi\u011fini \u00f6\u011frenen Ba\u015fkan Nalbant, \u201cRahim Berk kendi kategorisinde futbol oynuyormu\u015f ve hayali bir g\u00fcn Sakaryaspor formas\u0131 giymekmi\u015f. \u00d6nceki a\u00e7\u0131klamalar\u0131mda s\u00f6z vermi\u015ftim \u015fampiyon olursak kendisini omuzlar\u0131mda ta\u015f\u0131yaca\u011f\u0131m diye. \u015eimdi de \u015funu s\u00f6ylemek istiyorum; Bu fedakar yavrumuzu Sakaryaspor futbol okuluna bizzat elinden tutup ben yazd\u0131raca\u011f\u0131m. \u0130n\u015fallah kendini geli\u015ftirerek \u00f6nce altyap\u0131m\u0131z\u0131n sonra da A tak\u0131m\u0131m\u0131z\u0131n y\u0131ld\u0131z\u0131 olacak\u201d \u015feklinde konu\u015ftu.<\/p>\n","protected":false},"excerpt":{"rendered":"<p>GE\u00c7T\u0130\u011e\u0130M\u0130Z G\u00dcN BABASININ SOSYAL MEDYADA YAYINLADI\u011eI V\u0130DEO \u0130LE PAYLA\u015eIM REKORLARI KIRAN RAH\u0130M BERK CO\u015eKUN BAYRAM HAR\u00c7LI\u011eI OLAN 260 TL\u2019Y\u0130 SAKARYASPOR BA\u015eKANI \u0130BRAH\u0130M NALBANT\u2019A TESL\u0130M ETT\u0130. M\u0130N\u0130K TARAFTAR, \u201cSAKARYASPOR\u2019UN S\u0130YAHINA YE\u015e\u0130L OLMAYA GELD\u0130M\u201d DED\u0130<\/p>\n","protected":false},"author":1,"featured_media":193496,"comment_status":"closed","ping_status":"open","sticky":false,"template":"","format":"standard","meta":{"jetpack_post_was_ever_published":false,"_jetpack_newsletter_access":"","_jetpack_dont_email_post_to_subs":false,"_jetpack_newsletter_tier_id":0,"_jetpack_memberships_contains_paywalled_content":false,"_jetpack_memberships_contains_paid_content":false,"footnotes":"","jetpack_publicize_message":"","jetpack_publicize_feature_enabled":true,"jetpack_social_post_already_shared":true,"jetpack_social_options":{"image_generator_settings":{"template":"highway","default_image_id":0,"font":"","enabled":false},"version":2}},"categories":[657],"tags":[100,23995,207,48090,1636,48446,3672,169],"class_list":["post-193495","post","type-post","status-publish","format-standard","has-post-thumbnail","hentry","category-spor","tag-baskan","tag-bayram","tag-etti","tag-harcligini","tag-minik","tag-nalbanta","tag-taraftar","tag-teslim"],"jetpack_publicize_connections":[],"jetpack_featured_media_url":"https:\/\/i0.wp.com\/www.tvturk.com\/wp-content\/uploads\/2019\/08\/minik-taraftar-bayram-harcligini-baskan-nalbanta-teslim-etti_a5b6365.jpg?fit=1000%2C750","jetpack_sharing_enabled":true,"jetpack_shortlink":"https:\/\/wp.me\/paKIfm-OkT","_links":{"self":[{"href":"http:\/\/www.tvturk.com\/index.php\/wp-json\/wp\/v2\/posts\/193495","targetHints":{"allow":["GET"]}}],"collection":[{"href":"http:\/\/www.tvturk.com\/index.php\/wp-json\/wp\/v2\/posts"}],"about":[{"href":"http:\/\/www.tvturk.com\/index.php\/wp-json\/wp\/v2\/types\/post"}],"author":[{"embeddable":true,"href":"http:\/\/www.tvturk.com\/index.php\/wp-json\/wp\/v2\/users\/1"}],"replies":[{"embeddable":true,"href":"http:\/\/www.tvturk.com\/index.php\/wp-json\/wp\/v2\/comments?post=193495"}],"version-history":[{"count":0,"href":"http:\/\/www.tvturk.com\/index.php\/wp-json\/wp\/v2\/posts\/193495\/revisions"}],"wp:featuredmedia":[{"embeddable":true,"href":"http:\/\/www.tvturk.com\/index.php\/wp-json\/wp\/v2\/media\/193496"}],"wp:attachment":[{"href":"http:\/\/www.tvturk.com\/index.php\/wp-json\/wp\/v2\/media?parent=193495"}],"wp:term":[{"taxonomy":"category","embeddable":true,"href":"http:\/\/www.tvturk.com\/index.php\/wp-json\/wp\/v2\/categories?post=193495"},{"taxonomy":"post_tag","embeddable":true,"href":"http:\/\/www.tvturk.com\/index.php\/wp-json\/wp\/v2\/tags?post=193495"}],"curies":[{"name":"wp","href":"https:\/\/api.w.org\/{rel}","templated":true}]}}