{"id":193499,"date":"2019-08-19T19:15:56","date_gmt":"2019-08-19T16:15:56","guid":{"rendered":"http:\/\/www.tvturk.com\/index.php\/bakan-tacoy-kisisel-resim-sergisinin-acilisini-yapti\/"},"modified":"2019-08-19T19:15:56","modified_gmt":"2019-08-19T16:15:56","slug":"bakan-tacoy-kisisel-resim-sergisinin-acilisini-yapti","status":"publish","type":"post","link":"http:\/\/www.tvturk.com\/index.php\/bakan-tacoy-kisisel-resim-sergisinin-acilisini-yapti\/","title":{"rendered":"Bakan Ta\u00e7oy, \u2018Ki\u015fisel Resim Sergisi\u2019nin a\u00e7\u0131l\u0131\u015f\u0131n\u0131 yapt\u0131"},"content":{"rendered":"<p>T\u00fcrkmenistanl\u0131 Sanat\u00e7\u0131lar Annadurdy Myradaliev ile Aynagozel Nuryeva\u2019n\u0131n K\u0131br\u0131s Modern Sanat M\u00fczesi i\u00e7in haz\u0131rlad\u0131\u011f\u0131 ve toplamda 32 eserden olu\u015fan iki ayr\u0131 Ki\u015fisel Resim Sergisi\u2019nin a\u00e7\u0131l\u0131\u015f\u0131 Kuzey K\u0131br\u0131s T\u00fcrk Cumhuriyeti (KKTC) Ekonomi ve Enerji Bakan\u0131 Hasan Ta\u00e7oy taraf\u0131ndan yap\u0131ld\u0131.<\/p>\n<p>Yak\u0131n Do\u011fu \u00dcniversitesi Hastanesi Sergi Salonu\u2019nda yer alan iki ayr\u0131 serginin a\u00e7\u0131l\u0131\u015f\u0131na, Ekonomi ve Enerji Bakan\u0131 Hasan Ta\u00e7oy, Yak\u0131n Do\u011fu \u00dcniversitesi Kurucu Rekt\u00f6r\u00fc Dr. Suat \u0130rfan G\u00fcnsel, rekt\u00f6r yard\u0131mc\u0131lar\u0131, \u00f6\u011fretim elemanlar\u0131, sanat\u00e7\u0131larla davetli misafirler kat\u0131ld\u0131.<\/p>\n<p>Sergiyi gezen Bakan Ta\u00e7oy, eserlerle ilgili yapt\u0131\u011f\u0131 de\u011ferlendirmesinde \u015fu ifadelerde bulundu:<\/p>\n<p>\u201cRenklerin al\u0131c\u0131l\u0131\u011f\u0131 ve parlakl\u0131\u011f\u0131 g\u00fcne verdi\u011fi enerjiyi \u00e7ok daha farkl\u0131 y\u00f6ne \u00e7ekerken eserlerde kullan\u0131lan k\u0131rm\u0131z\u0131 ve sar\u0131n\u0131n insan hayat\u0131na verdi\u011fi enerjiye kar\u015f\u0131 direnememenin verdi\u011fi hazz\u0131 da ayn\u0131 \u015fekilde ya\u015f\u0131yorsunuz. Salonun i\u00e7erisinde bir bereketi and\u0131ran hava var. Eserlerde yer alan Nar\u2019\u0131n meyve olarak tad\u0131 ve g\u00f6r\u00fc\u015f\u00fc yan\u0131nda temsil etti\u011fi bereketi salona girerken hissetmek \u00e7ok farkl\u0131 bir \u015fey. Nar\u0131n tuvalde bir kad\u0131nla e\u015fle\u015fmesi harika g\u00f6r\u00fcn\u00fcyor\u201d dedi.<\/p>\n<p>Bir sanat\u00e7\u0131n\u0131n kendi i\u00e7indekini yans\u0131tabilmesi ve yans\u0131tt\u0131\u011f\u0131n\u0131 hissettirebilmesinin g\u00f6sterdi\u011fi hayal g\u00fcc\u00fcn\u00fc her yerde g\u00f6rmenin mutluluk verici oldu\u011funu dile getiren Ta\u00e7oy, renklerin ahengiyle, d\u00fc\u015f\u00fcncenin bulu\u015fmas\u0131yla bug\u00fcnk\u00fc serginin herkes taraf\u0131ndan izlenilmesi gerekti\u011fini ifade etti<\/p>\n<p>Yak\u0131n Do\u011fu \u00dcniversitesi\u2019nin 15 Kas\u0131m 2020 y\u0131l\u0131nda a\u00e7\u0131lacak olan K\u0131br\u0131s Modern Sanat M\u00fczesi i\u00e7in koydu\u011fu 20 bin eser hedefini heyecanla beklediklerini ifade eden Bakan\u0131 Ta\u00e7oy, ressamlar\u0131n ortaya koydu\u011fu eserlerin bereketinin KKTC\u2019den t\u00fcm d\u00fcnyaya yay\u0131laca\u011f\u0131n\u0131 ve KKTC\u2019ye farkl\u0131 bir anlam verece\u011fini vurgulad\u0131. Ta\u00e7oy, sanat\u0131n g\u00fcn\u00fcm\u00fcze vermi\u015f oldu\u011fu \u0131\u015f\u0131\u011f\u0131 ve enerjiyi hissederek g\u00fcne ba\u015flanmas\u0131 gerekti\u011fini de s\u00f6zlerine ekledi.<\/p>\n<p>Kad\u0131n\u0131n \u00f6nemi ve rol\u00fc anlat\u0131ld\u0131<\/p>\n<p>Serginin a\u00e7\u0131l\u0131\u015f konu\u015fmas\u0131n\u0131 yapan Rekt\u00f6r Yard\u0131mc\u0131s\u0131 Prof. Dr. Tamer \u015eanl\u0131da\u011f, serginin ana temas\u0131 kad\u0131n \u00fczerine ve T\u00fcrkmenistan\u2019da kad\u0131nlar\u0131n en s\u0131k kulland\u0131\u011f\u0131 k\u0131rm\u0131z\u0131, sar\u0131 ve mor renkler \u00fczerine konu\u015farak, \u201c\u0130lk \u00e7a\u011flardan beri kad\u0131n, medeniyetin geli\u015fmesinin en \u00f6nemli unsurlar\u0131ndan biri olmu\u015ftur. T\u00fcrk toplumunda kad\u0131n, evinin dayana\u011f\u0131d\u0131r. Evde en \u00f6nemli sorumluluk kad\u0131n\u0131nd\u0131r. Eski T\u00fcrklerde ise kad\u0131n sadece evde de\u011fil d\u0131\u015far\u0131da da kocas\u0131n\u0131n yan\u0131nda yer al\u0131r, gerekti\u011finde sava\u015flara kat\u0131l\u0131r. Seyyahlar\u0131n verdi\u011fi bilgilerden T\u00fcrkmen kad\u0131n\u0131n toplumsal ya\u015famda \u00e7ok \u00f6nemli g\u00f6revlerinin oldu\u011fu, ya\u015fad\u0131klar\u0131 co\u011frafyan\u0131n zor \u015fartlar\u0131nda toplumsal ya\u015fam\u0131n s\u00fcrd\u00fcr\u00fclebilmesinde en \u00f6nemli sorumluluklar\u0131 \u00fcstlendikleri anla\u015f\u0131lmaktad\u0131r\u201d diye konu\u015ftu.<\/p>\n<p>\u201cT\u00fcrk halklar\u0131 ad\u0131na ad\u0131m atan Suat G\u00fcnsel\u2019i kutluyoruz\u201d<\/p>\n<p>Sanat\u00e7\u0131 Aynagozel Nuryeva, \u201cBurada bu an\u0131 payla\u015ft\u0131\u011f\u0131m\u0131z i\u00e7in Dr. Suat G\u00fcnsel\u2019e te\u015fekk\u00fcr etmek isterim. T\u00fcrk d\u00fcnyas\u0131 halklar\u0131 ad\u0131na d\u00fczenlenen sempozyuma kat\u0131ld\u0131\u011f\u0131m i\u00e7in \u00e7ok mutluyum. Dr. Suat G\u00fcnsel\u2019e topluma ve \u00fclkelerin manevi geli\u015fmesi ad\u0131na att\u0131\u011f\u0131 her ad\u0131m ve bize sa\u011flad\u0131\u011f\u0131 f\u0131rsat ile her t\u00fcrl\u00fc destek i\u00e7in \u015f\u00fckranlar\u0131m\u0131z\u0131 sunmak isterim\u201d \u015feklinde konu\u015ftu.<\/p>\n<p>\u201cK\u0131br\u0131s Modern Sanat M\u00fczesi T\u00fcrk halklar\u0131 aras\u0131nda olan derin dostlu\u011fun simgesidir\u201d<\/p>\n<p>Sanat\u00e7\u0131 Annadurdy Myradaliev ise, \u201cDr. Suat G\u00fcnsel\u2019in T\u00fcrk d\u00fcnyas\u0131 ad\u0131na yapt\u0131\u011f\u0131 katk\u0131lar\u0131n tarihi bir \u00f6nemi vard\u0131r. Az sonra a\u00e7aca\u011f\u0131m\u0131z sergi ortak \u00e7abalar\u0131m\u0131z\u0131n bir sonucudur. Di\u011fer T\u00fcrk halklar\u0131 aras\u0131nda olan derin bir dostlu\u011fun simgesidir. T\u00fcrkmenistan ressamlar\u0131 ad\u0131na b\u00f6yle bir projenin par\u00e7as\u0131 olmaktan gurur duyar\u0131z\u201d ifadelerinde bulundu.<\/p>\n<p>\u2018G\u00fcm\u00fc\u015f Anahtar Onur \u00d6d\u00fcl\u00fc\u2019 verildi<\/p>\n<p>Konu\u015fmalar\u0131n ard\u0131ndan Ekonomi ve Enerji Bakan\u0131 Hasan Ta\u00e7oy taraf\u0131ndan T\u00fcrkmenistanl\u0131 Sanat\u00e7\u0131lar Annadurdy Myradaliev ile Aynagozel Nuryeva\u2019ya \u2018G\u00fcm\u00fc\u015f Anahtar Onur \u00d6d\u00fcl\u00fc\u2019 takdim edildi.<\/p>\n<p>Sergiler gezildi<\/p>\n<p>Ressamlar\u0131n ayr\u0131 ayr\u0131 haz\u0131rlad\u0131klar\u0131 eserlerinde sembolizm, kad\u0131n ve nar fig\u00fcr\u00fc tarz\u0131nda ki \u00e7al\u0131\u015fmalar\u0131 sanatseverlerin be\u011fenisine sundu\u011fu sergiler, 30 A\u011fustos 2019 tarihine kadar hafta i\u00e7in, 08.00-16.00 saatleri aras\u0131nda Yak\u0131n Do\u011fu \u00dcniversitesi Hastanesi Sergi Salonu\u2019nda gezilebilecek.<\/p>\n","protected":false},"excerpt":{"rendered":"<p>T\u00dcRKMEN\u0130STANLI SANAT\u00c7ILAR ANNADURDY MYRADAL\u0130EV \u0130LE AYNAGOZEL NURYEVA\u2019NIN KIBRIS MODERN SANAT M\u00dcZES\u0130 \u0130\u00c7\u0130N HAZIRLADI\u011eI VE TOPLAMDA 32 ESERDEN OLU\u015eAN \u0130K\u0130 AYRI K\u0130\u015e\u0130SEL RES\u0130M SERG\u0130S\u0130\u2019N\u0130N A\u00c7ILI\u015eI KUZEY KIBRIS T\u00dcRK CUMHUR\u0130YET\u0130 (KKTC) EKONOM\u0130 VE ENERJ\u0130 BAKANI HASAN TA\u00c7OY TARAFINDAN YAPILDI.<\/p>\n","protected":false},"author":1,"featured_media":193500,"comment_status":"closed","ping_status":"open","sticky":false,"template":"","format":"standard","meta":{"jetpack_post_was_ever_published":false,"_jetpack_newsletter_access":"","_jetpack_dont_email_post_to_subs":false,"_jetpack_newsletter_tier_id":0,"_jetpack_memberships_contains_paywalled_content":false,"_jetpack_memberships_contains_paid_content":false,"footnotes":"","jetpack_publicize_message":"","jetpack_publicize_feature_enabled":true,"jetpack_social_post_already_shared":true,"jetpack_social_options":{"image_generator_settings":{"template":"highway","default_image_id":0,"font":"","enabled":false},"version":2}},"categories":[656],"tags":[7647,742,3640,4857,42870,48449,292],"class_list":["post-193499","post","type-post","status-publish","format-standard","has-post-thumbnail","hentry","category-kultur-sanat","tag-acilisini","tag-bakan","tag-kisisel","tag-resim","tag-sergisinin","tag-tacoy","tag-yapti"],"jetpack_publicize_connections":[],"jetpack_featured_media_url":"https:\/\/i0.wp.com\/www.tvturk.com\/wp-content\/uploads\/2019\/08\/bakan-tacoy-kisisel-resim-sergisinin-acilisini-yapti_1e4daae.jpg?fit=1000%2C954","jetpack_sharing_enabled":true,"jetpack_shortlink":"https:\/\/wp.me\/paKIfm-OkX","_links":{"self":[{"href":"http:\/\/www.tvturk.com\/index.php\/wp-json\/wp\/v2\/posts\/193499","targetHints":{"allow":["GET"]}}],"collection":[{"href":"http:\/\/www.tvturk.com\/index.php\/wp-json\/wp\/v2\/posts"}],"about":[{"href":"http:\/\/www.tvturk.com\/index.php\/wp-json\/wp\/v2\/types\/post"}],"author":[{"embeddable":true,"href":"http:\/\/www.tvturk.com\/index.php\/wp-json\/wp\/v2\/users\/1"}],"replies":[{"embeddable":true,"href":"http:\/\/www.tvturk.com\/index.php\/wp-json\/wp\/v2\/comments?post=193499"}],"version-history":[{"count":0,"href":"http:\/\/www.tvturk.com\/index.php\/wp-json\/wp\/v2\/posts\/193499\/revisions"}],"wp:featuredmedia":[{"embeddable":true,"href":"http:\/\/www.tvturk.com\/index.php\/wp-json\/wp\/v2\/media\/193500"}],"wp:attachment":[{"href":"http:\/\/www.tvturk.com\/index.php\/wp-json\/wp\/v2\/media?parent=193499"}],"wp:term":[{"taxonomy":"category","embeddable":true,"href":"http:\/\/www.tvturk.com\/index.php\/wp-json\/wp\/v2\/categories?post=193499"},{"taxonomy":"post_tag","embeddable":true,"href":"http:\/\/www.tvturk.com\/index.php\/wp-json\/wp\/v2\/tags?post=193499"}],"curies":[{"name":"wp","href":"https:\/\/api.w.org\/{rel}","templated":true}]}}