{"id":193501,"date":"2019-08-19T19:16:03","date_gmt":"2019-08-19T16:16:03","guid":{"rendered":"http:\/\/www.tvturk.com\/index.php\/kapuz-kanyonu-turizme-kazandirilacak\/"},"modified":"2019-08-19T19:16:03","modified_gmt":"2019-08-19T16:16:03","slug":"kapuz-kanyonu-turizme-kazandirilacak","status":"publish","type":"post","link":"http:\/\/www.tvturk.com\/index.php\/kapuz-kanyonu-turizme-kazandirilacak\/","title":{"rendered":"Kapuz Kanyonu turizme kazand\u0131r\u0131lacak"},"content":{"rendered":"<p>Konyaalt\u0131 Belediye Ba\u015fkan\u0131 Semih Esen, Konyaalt\u0131\u2019n\u0131n e\u015fsiz manzaras\u0131yla do\u011fa tutkunlar\u0131n\u0131n yeni g\u00f6zdesi olan Kapuz Kanyonu\u2019nda incelemelerde bulundu. Ba\u015fkan Esen, Antalya\u2019n\u0131n ke\u015ffedilmemi\u015f gizli cennetlerinden biri olan Kapuz Kanyonu\u2019nu turizme kazand\u0131rarak, b\u00f6lge halk\u0131na gelir sa\u011flamak istediklerini s\u00f6yledi.<\/p>\n<p>Konyaalt\u0131 Belediye Ba\u015fkan\u0131 Semih Esen, A\u015fa\u011f\u0131karaman Mahallesi\u2019nde bulunan Kapuz Kanyonu\u2019nda bir ziyaret ger\u00e7ekle\u015ftirdi. A\u015fa\u011f\u0131karaman Mahalle Muhtar\u0131 Mesut P\u00f6ze ve mahalle sakinleriyle Kapuz Kanyonu\u2019nda bir araya gelen Ba\u015fkan Semih Esen, kanyon alan\u0131nda incelemelerde bulundu. Ba\u015fkan Esen, bu ziyaretin A\u015fa\u011f\u0131karaman Mahallesi i\u00e7in farkl\u0131 bir bak\u0131\u015f a\u00e7\u0131s\u0131, bir gelir kap\u0131s\u0131 a\u00e7an bir g\u00fcn olmas\u0131 temennisinde bulundu.<\/p>\n<p>Kapuz Kanyonu Antalya\u2019n\u0131n ke\u015ffedilmemi\u015f gizli cennetlerinden bir tanesidir diyen Semih Esen, \u201cBuras\u0131 i\u015flenmeyi, korunmay\u0131 ve turizme kazand\u0131r\u0131lmay\u0131 bekliyor. Bunlar\u0131n tamam\u0131 Antalya\u2019da pek \u00e7ok g\u00fczellik i\u00e7in ge\u00e7erlidir. Hemen yan\u0131 ba\u015f\u0131m\u0131zdaki bu kanyonu hep beraber de\u011ferlendirece\u011fiz.  Benzerlerindeki hatalar\u0131 yapmadan, benzerlerinden daha verimli bir \u015fekilde, mahallemiz ve Konyaalt\u0131\u2019m\u0131z i\u00e7in hep beraber turizme kazand\u0131raca\u011f\u0131z. Bunu yaparken, ba\u015fka yerlerde hatal\u0131 uygulamalar\u0131n\u0131 g\u00f6rd\u00fc\u011f\u00fcm\u00fcz \u015feylerden ka\u00e7\u0131naca\u011f\u0131z. Biz buray\u0131 uzun y\u0131llar sizin i\u00e7in, \u00fclkemiz i\u00e7in, Konyaalt\u0131\u2019m\u0131z i\u00e7in gelir getiren turistik bir merkez haline getirmek niyetindeyiz. Sizlerin g\u00fc\u00e7l\u00fc i\u015fbirli\u011fine ve koruma refleksine ihtiyac\u0131m\u0131z var. Kapuz Kanyonu\u2019nu Antalya\u2019n\u0131n ke\u015ffedilmemi\u015f g\u00fczel yerlerinden biri olmaktan kurtar\u0131p, herkes\u00e7e bilinen herkes\u00e7e ziyaret edilen bir yer haline getirece\u011fiz\u201d dedi.<\/p>\n<p>Konyaalt\u0131 Belediye Ba\u015fkan\u0131 Semih Esen, belediye olarak Kapuz Kanyonu\u2019nun turizme kazand\u0131r\u0131lmas\u0131 noktas\u0131nda her t\u00fcrl\u00fc \u00e7evre d\u00fczenlemesi, reklam ve tan\u0131t\u0131m faaliyetlerini yapmaya haz\u0131r olduklar\u0131n\u0131 dile getirerek, \u201cSizlerde buna ayak uydurarak, buraya gelen insanlar\u0131n en mutlu \u015fekilde buradan ayr\u0131lmalar\u0131n\u0131 sa\u011flayacak; gelenin bir daha gelmesi i\u00e7in faaliyet g\u00f6stereceksiniz. Bizim amac\u0131m\u0131z buray\u0131 do\u011fal yap\u0131s\u0131n\u0131 bozmadan bir turizm \u015firketine veya tesislere teslim etmek de\u011fil, b\u00f6lge halk\u0131n\u0131n ekonomisine kazand\u0131rmakt\u0131r. Bug\u00fcn herkes i\u00e7in hay\u0131rl\u0131 bir ba\u015flang\u0131\u00e7 olsun\u201d diye konu\u015ftu.<\/p>\n<p>A\u015fa\u011f\u0131karaman Mahalle Muhtar\u0131 Mesut P\u00f6ze, daha \u00f6nceleri Kapuz Kanyonu\u2019nu i\u00e7in bir tak\u0131m giri\u015fimlerde bulundu\u011funu, ancak sonu\u00e7suz kald\u0131\u011f\u0131n\u0131, Semih Ba\u015fkan\u2019\u0131n k\u0131sa zamanda buraya yak\u0131n ilgi g\u00f6stermesinden dolay\u0131 \u00e7ok mutlu olduklar\u0131n\u0131 belirterek, Ba\u015fkan Semih Esen\u2019e te\u015fekk\u00fcr etti.<\/p>\n<p>Ba\u015fkan Esen, daha sonra Kapuz Kanyonu\u2019nda bota binerek, incelemelerde bulundu. Yakla\u015f\u0131k 700 metre botla kanyon i\u00e7erisinde gezen Semih Esen, do\u011fal g\u00fczelli\u011fi ile Kapuz Kanyonunun Antalya\u2019n\u0131n yeni \u00e7ekim merkezlerinden biri olaca\u011f\u0131n\u0131 s\u00f6yledi.<\/p>\n","protected":false},"excerpt":{"rendered":"<p>KONYAALTI BELED\u0130YE BA\u015eKANI SEM\u0130H ESEN, KONYAALTI\u2019NIN E\u015eS\u0130Z MANZARASIYLA DO\u011eA TUTKUNLARININ YEN\u0130 G\u00d6ZDES\u0130 OLAN KAPUZ KANYONU\u2019NDA \u0130NCELEMELERDE BULUNDU. BA\u015eKAN ESEN, ANTALYA\u2019NIN KE\u015eFED\u0130LMEM\u0130\u015e G\u0130ZL\u0130 CENNETLER\u0130NDEN B\u0130R\u0130 OLAN KAPUZ KANYONU\u2019NU TUR\u0130ZME KAZANDIRARAK, B\u00d6LGE HALKINA GEL\u0130R SA\u011eLAMAK \u0130STED\u0130KLER\u0130N\u0130 S\u00d6YLED\u0130.<\/p>\n","protected":false},"author":1,"featured_media":193502,"comment_status":"closed","ping_status":"open","sticky":false,"template":"","format":"standard","meta":{"jetpack_post_was_ever_published":false,"_jetpack_newsletter_access":"","_jetpack_dont_email_post_to_subs":false,"_jetpack_newsletter_tier_id":0,"_jetpack_memberships_contains_paywalled_content":false,"_jetpack_memberships_contains_paid_content":false,"footnotes":"","jetpack_publicize_message":"","jetpack_publicize_feature_enabled":true,"jetpack_social_post_already_shared":true,"jetpack_social_options":{"image_generator_settings":{"template":"highway","default_image_id":0,"font":"","enabled":false},"version":2}},"categories":[656],"tags":[31497,48450,24703,4148],"class_list":["post-193501","post","type-post","status-publish","format-standard","has-post-thumbnail","hentry","category-kultur-sanat","tag-kanyonu","tag-kapuz","tag-kazandirilacak","tag-turizme"],"jetpack_publicize_connections":[],"jetpack_featured_media_url":"https:\/\/i0.wp.com\/www.tvturk.com\/wp-content\/uploads\/2019\/08\/kapuz-kanyonu-turizme-kazandirilacak_584fced.jpg?fit=1000%2C667","jetpack_sharing_enabled":true,"jetpack_shortlink":"https:\/\/wp.me\/paKIfm-OkZ","_links":{"self":[{"href":"http:\/\/www.tvturk.com\/index.php\/wp-json\/wp\/v2\/posts\/193501","targetHints":{"allow":["GET"]}}],"collection":[{"href":"http:\/\/www.tvturk.com\/index.php\/wp-json\/wp\/v2\/posts"}],"about":[{"href":"http:\/\/www.tvturk.com\/index.php\/wp-json\/wp\/v2\/types\/post"}],"author":[{"embeddable":true,"href":"http:\/\/www.tvturk.com\/index.php\/wp-json\/wp\/v2\/users\/1"}],"replies":[{"embeddable":true,"href":"http:\/\/www.tvturk.com\/index.php\/wp-json\/wp\/v2\/comments?post=193501"}],"version-history":[{"count":0,"href":"http:\/\/www.tvturk.com\/index.php\/wp-json\/wp\/v2\/posts\/193501\/revisions"}],"wp:featuredmedia":[{"embeddable":true,"href":"http:\/\/www.tvturk.com\/index.php\/wp-json\/wp\/v2\/media\/193502"}],"wp:attachment":[{"href":"http:\/\/www.tvturk.com\/index.php\/wp-json\/wp\/v2\/media?parent=193501"}],"wp:term":[{"taxonomy":"category","embeddable":true,"href":"http:\/\/www.tvturk.com\/index.php\/wp-json\/wp\/v2\/categories?post=193501"},{"taxonomy":"post_tag","embeddable":true,"href":"http:\/\/www.tvturk.com\/index.php\/wp-json\/wp\/v2\/tags?post=193501"}],"curies":[{"name":"wp","href":"https:\/\/api.w.org\/{rel}","templated":true}]}}