{"id":193511,"date":"2019-08-19T19:16:29","date_gmt":"2019-08-19T16:16:29","guid":{"rendered":"http:\/\/www.tvturk.com\/index.php\/71-yasinda-universiteli-oldu\/"},"modified":"2019-08-19T19:33:06","modified_gmt":"2019-08-19T16:33:06","slug":"71-yasinda-universiteli-oldu","status":"publish","type":"post","link":"http:\/\/www.tvturk.com\/index.php\/71-yasinda-universiteli-oldu\/","title":{"rendered":"71 YA\u015eINDAK\u0130 GEN\u00c7 \u00dcN\u0130VERS\u0130TEL\u0130"},"content":{"rendered":"<p>Konya\u2019da, \u00fcniversite s\u0131nav\u0131ndan ald\u0131\u011f\u0131 puanla \u00f6n lisans program\u0131na yerle\u015fen 71 ya\u015f\u0131ndaki Hasan Bekta\u015f kayd\u0131n\u0131 yapt\u0131rd\u0131. \u2018Okuman\u0131n ya\u015f\u0131 olmaz\u2019 diyen Hasan Bekta\u015f iki y\u0131l \u00f6rg\u00fcn e\u011fitim g\u00f6recek.<\/p>\n<p>Y\u00fcksek\u00f6\u011fretim Kurumlar\u0131 S\u0131nav\u0131na kat\u0131lan 71 ya\u015f\u0131ndaki Hasan Bekta\u015f, ald\u0131\u011f\u0131 puanla Sel\u00e7uk \u00dcniversitesi Saray\u00f6n\u00fc Meslek Y\u00fcksekokulu \u2018Organik Tar\u0131m\u2019 b\u00f6l\u00fcm\u00fcne yerle\u015fti. E\u011fitim g\u00f6rece\u011fi okula giden Hasan Bekta\u015f \u00f6\u011frenci i\u015flerinde s\u0131ras\u0131n\u0131 bekleyerek kayd\u0131n\u0131 yapt\u0131rd\u0131. 1967 y\u0131l\u0131nda mezun oldu\u011fu lise diplomas\u0131na ait belgeyi ve gerekli evraklar\u0131 yetkililere teslim eden Bekta\u015f, kay\u0131t evraklar\u0131n\u0131 doldurup e\u011fitim g\u00f6rece\u011fi s\u0131n\u0131flar\u0131 gezdi. Heyecanla s\u0131n\u0131f arkada\u015flar\u0131n\u0131 bekleyen Hasan Bekta\u015f okuman\u0131n ya\u015f\u0131 olmad\u0131\u011f\u0131n\u0131 s\u00f6yledi.<\/p>\n<p>Hasan Bekta\u015f hayat\u0131n\u0131n b\u00fct\u00fcn d\u00f6nemlerinde bir \u00fcniversite diplomas\u0131 ve \u00fcniversite k\u00fclt\u00fcr\u00fc eksikli\u011fini hissetti\u011fini ve bu eksikli\u011fi tamamlamak i\u00e7in okula kaydoldu\u011funu belirtti. Ziraat M\u00fchendisli\u011fi hedefiyle girdi\u011fi s\u0131navdan ald\u0131\u011f\u0131 puanla ba\u015fka bir b\u00f6l\u00fcme yerle\u015febildi\u011fini ifade eden Bekta\u015f, \u201cSolucan g\u00fcbresi \u00fcretimi yap\u0131yorum. Okuyaca\u011f\u0131m b\u00f6l\u00fcmle ilgili okulunda deste\u011fini alabilirsem solucan g\u00fcbresinin yayg\u0131nla\u015fmas\u0131n\u0131 sa\u011flayaca\u011f\u0131m\u201d dedi.<\/p>\n<p>\u201cOkumak her zaman iyidir\u201d<\/p>\n<p>E\u011fitimin her ya\u015fta \u00f6nemli oldu\u011funu vurgulayan Bekta\u015f, \u201cOkuman\u0131n ya\u015f\u0131 olmaz. Okumak \u00f6nemli bir \u015fey. Benim ya\u015f\u0131mdaki insanlara da imtihana girin diyemem ama okumak her zaman iyidir. \u0130mtihana girmeye niyetlendi\u011fimde \u00e7evremdekiler ve b\u00fct\u00fcn arkada\u015flar\u0131m sen yapars\u0131n dediler. Bende mahcup olmad\u0131m ve kazand\u0131m iki sene katlan\u0131p okuyaca\u011f\u0131m\u201d diye konu\u015ftu.<\/p>\n<p>Okul kayd\u0131n\u0131n ard\u0131ndan organik \u00fcretim yapt\u0131\u011f\u0131 bah\u00e7esine d\u00f6nen Hasan Bekta\u015f mesleki tecr\u00fcbelerini \u00f6\u011frenci arkada\u015flar\u0131yla da payla\u015faca\u011f\u0131n\u0131 s\u00f6zlerine ekledi.<\/p>\n","protected":false},"excerpt":{"rendered":"<p>KONYA\u2019DA, \u00dcN\u0130VERS\u0130TE SINAVINDAN ALDI\u011eI PUANLA \u00d6NL\u0130SANS PROGRAMINA YERLE\u015eEN 71 YA\u015eINDAK\u0130 HASAN BEKTA\u015e KAYDINI YAPTIRDI. SEL\u00c7UK \u00dcN\u0130VERS\u0130TES\u0130 SARAY\u00d6N\u00dc MESLEK Y\u00dcKSEKOKULUNA KAYDOLAN HASAN BEKTA\u015e E\u011e\u0130T\u0130M G\u00d6RECE\u011e\u0130 SINIFTA SIRAYA OTURARAK G\u00dcN\u00dcN ANISINA FOTO\u011eRAFK \u00c7EKT\u0130RD\u0130.<\/p>\n","protected":false},"author":1,"featured_media":193512,"comment_status":"closed","ping_status":"open","sticky":false,"template":"","format":"standard","meta":{"jetpack_post_was_ever_published":false,"_jetpack_newsletter_access":"","_jetpack_dont_email_post_to_subs":false,"_jetpack_newsletter_tier_id":0,"_jetpack_memberships_contains_paywalled_content":false,"_jetpack_memberships_contains_paid_content":false,"footnotes":"","jetpack_publicize_message":"","jetpack_publicize_feature_enabled":true,"jetpack_social_post_already_shared":true,"jetpack_social_options":{"image_generator_settings":{"template":"highway","default_image_id":0,"font":"","enabled":false},"version":2}},"categories":[1],"tags":[77,2488,2487],"class_list":["post-193511","post","type-post","status-publish","format-standard","has-post-thumbnail","hentry","category-genel","tag-oldu","tag-universiteli","tag-yasinda"],"jetpack_publicize_connections":[],"jetpack_featured_media_url":"https:\/\/i0.wp.com\/www.tvturk.com\/wp-content\/uploads\/2019\/08\/71-yasinda-universiteli-oldu_28caf90.jpg?fit=1000%2C666","jetpack_sharing_enabled":true,"jetpack_shortlink":"https:\/\/wp.me\/paKIfm-Ol9","_links":{"self":[{"href":"http:\/\/www.tvturk.com\/index.php\/wp-json\/wp\/v2\/posts\/193511","targetHints":{"allow":["GET"]}}],"collection":[{"href":"http:\/\/www.tvturk.com\/index.php\/wp-json\/wp\/v2\/posts"}],"about":[{"href":"http:\/\/www.tvturk.com\/index.php\/wp-json\/wp\/v2\/types\/post"}],"author":[{"embeddable":true,"href":"http:\/\/www.tvturk.com\/index.php\/wp-json\/wp\/v2\/users\/1"}],"replies":[{"embeddable":true,"href":"http:\/\/www.tvturk.com\/index.php\/wp-json\/wp\/v2\/comments?post=193511"}],"version-history":[{"count":1,"href":"http:\/\/www.tvturk.com\/index.php\/wp-json\/wp\/v2\/posts\/193511\/revisions"}],"predecessor-version":[{"id":193517,"href":"http:\/\/www.tvturk.com\/index.php\/wp-json\/wp\/v2\/posts\/193511\/revisions\/193517"}],"wp:featuredmedia":[{"embeddable":true,"href":"http:\/\/www.tvturk.com\/index.php\/wp-json\/wp\/v2\/media\/193512"}],"wp:attachment":[{"href":"http:\/\/www.tvturk.com\/index.php\/wp-json\/wp\/v2\/media?parent=193511"}],"wp:term":[{"taxonomy":"category","embeddable":true,"href":"http:\/\/www.tvturk.com\/index.php\/wp-json\/wp\/v2\/categories?post=193511"},{"taxonomy":"post_tag","embeddable":true,"href":"http:\/\/www.tvturk.com\/index.php\/wp-json\/wp\/v2\/tags?post=193511"}],"curies":[{"name":"wp","href":"https:\/\/api.w.org\/{rel}","templated":true}]}}