{"id":193556,"date":"2019-08-19T22:17:22","date_gmt":"2019-08-19T19:17:22","guid":{"rendered":"http:\/\/www.tvturk.com\/index.php\/taraftarlar-fenerbahceli-futbolculari-tribunlere-davet-etti\/"},"modified":"2019-08-19T22:17:22","modified_gmt":"2019-08-19T19:17:22","slug":"taraftarlar-fenerbahceli-futbolculari-tribunlere-davet-etti","status":"publish","type":"post","link":"http:\/\/www.tvturk.com\/index.php\/taraftarlar-fenerbahceli-futbolculari-tribunlere-davet-etti\/","title":{"rendered":"Taraftarlar Fenerbah\u00e7eli futbolcular\u0131 trib\u00fcnlere davet etti"},"content":{"rendered":"<p>Fenerbah\u00e7eli taraftarlar sar\u0131-lacivertli futbolcular\u0131 ma\u00e7 sonunda trib\u00fcnlere davet ederken \u2018Lider geliyor\u2019 tezah\u00fcratlar\u0131nda bulundu.<\/p>\n<p>S\u00fcper Lig\u2019de Fenerbah\u00e7e evinde Gazi\u015fehir Gaziantep\u2019i 5-0 ma\u011flup etti. M\u00fcsabaka sonras\u0131 sar\u0131-lacivertli taraftarlar Fenerbah\u00e7eli futbolcular\u0131 \u2018Lider geliyor\u2019 tezah\u00fcratlar\u0131yla trib\u00fcnlere \u00e7a\u011f\u0131rd\u0131. Futbolcular ise bu duruma alk\u0131\u015flarla cevap verirken t\u00fcm trib\u00fcnleri selamlad\u0131.<\/p>\n","protected":false},"excerpt":{"rendered":"<p>FENERBAH\u00c7EL\u0130 TARAFTARLAR SARI-LAC\u0130VERTL\u0130 FUTBOLCULARI MA\u00c7 SONUNDA TR\u0130B\u00dcNLERE DAVET EDERKEN \u2018L\u0130DER GEL\u0130YOR\u2019 TEZAH\u00dcRATLARINDA BULUNDU.<\/p>\n","protected":false},"author":1,"featured_media":193557,"comment_status":"closed","ping_status":"open","sticky":false,"template":"","format":"standard","meta":{"jetpack_post_was_ever_published":false,"_jetpack_newsletter_access":"","_jetpack_dont_email_post_to_subs":false,"_jetpack_newsletter_tier_id":0,"_jetpack_memberships_contains_paywalled_content":false,"_jetpack_memberships_contains_paid_content":false,"footnotes":"","jetpack_publicize_message":"","jetpack_publicize_feature_enabled":true,"jetpack_social_post_already_shared":true,"jetpack_social_options":{"image_generator_settings":{"template":"highway","default_image_id":0,"font":"","enabled":false},"version":2}},"categories":[657],"tags":[3008,207,14325,11853,6377,6412],"class_list":["post-193556","post","type-post","status-publish","format-standard","has-post-thumbnail","hentry","category-spor","tag-davet","tag-etti","tag-fenerbahceli","tag-futbolculari","tag-taraftarlar","tag-tribunlere"],"jetpack_publicize_connections":[],"jetpack_featured_media_url":"https:\/\/i0.wp.com\/www.tvturk.com\/wp-content\/uploads\/2019\/08\/taraftarlar-fenerbahceli-futbolculari-tribunlere-davet-etti_a87cfca.jpg?fit=1000%2C554","jetpack_sharing_enabled":true,"jetpack_shortlink":"https:\/\/wp.me\/paKIfm-OlS","_links":{"self":[{"href":"http:\/\/www.tvturk.com\/index.php\/wp-json\/wp\/v2\/posts\/193556","targetHints":{"allow":["GET"]}}],"collection":[{"href":"http:\/\/www.tvturk.com\/index.php\/wp-json\/wp\/v2\/posts"}],"about":[{"href":"http:\/\/www.tvturk.com\/index.php\/wp-json\/wp\/v2\/types\/post"}],"author":[{"embeddable":true,"href":"http:\/\/www.tvturk.com\/index.php\/wp-json\/wp\/v2\/users\/1"}],"replies":[{"embeddable":true,"href":"http:\/\/www.tvturk.com\/index.php\/wp-json\/wp\/v2\/comments?post=193556"}],"version-history":[{"count":0,"href":"http:\/\/www.tvturk.com\/index.php\/wp-json\/wp\/v2\/posts\/193556\/revisions"}],"wp:featuredmedia":[{"embeddable":true,"href":"http:\/\/www.tvturk.com\/index.php\/wp-json\/wp\/v2\/media\/193557"}],"wp:attachment":[{"href":"http:\/\/www.tvturk.com\/index.php\/wp-json\/wp\/v2\/media?parent=193556"}],"wp:term":[{"taxonomy":"category","embeddable":true,"href":"http:\/\/www.tvturk.com\/index.php\/wp-json\/wp\/v2\/categories?post=193556"},{"taxonomy":"post_tag","embeddable":true,"href":"http:\/\/www.tvturk.com\/index.php\/wp-json\/wp\/v2\/tags?post=193556"}],"curies":[{"name":"wp","href":"https:\/\/api.w.org\/{rel}","templated":true}]}}