{"id":193558,"date":"2019-08-19T22:17:25","date_gmt":"2019-08-19T19:17:25","guid":{"rendered":"http:\/\/www.tvturk.com\/index.php\/fenerbahce-123-hafta-sonra-lider\/"},"modified":"2019-08-19T22:17:25","modified_gmt":"2019-08-19T19:17:25","slug":"fenerbahce-123-hafta-sonra-lider","status":"publish","type":"post","link":"http:\/\/www.tvturk.com\/index.php\/fenerbahce-123-hafta-sonra-lider\/","title":{"rendered":"Fenerbah\u00e7e 123 hafta sonra lider"},"content":{"rendered":"<p>Fenerbah\u00e7e, sahas\u0131nda Gazi\u015fehir Gaziantep\u2019i 5-0 ma\u011flup ederek 123 hafta sonra ilk kez liderlik koltu\u011funa oturdu.<\/p>\n<p>S\u00fcper Lig\u2019in ilk haftas\u0131nda Gazi\u015fehir Gaziantep\u2019i 5-0 ma\u011flup eden Fenerbah\u00e7e, 123 hafta sonra ilk kez liderlik koltu\u011funa oturdu. Sar\u0131-lacivertliler 2015-2016 sezonunda Vitor Pereira d\u00f6neminde son kez 10. haftada liderlik koltu\u011funa oturmu\u015f ve sonraki hafta liderli\u011fi kaybetmi\u015fti.<\/p>\n","protected":false},"excerpt":{"rendered":"<p>FENERBAH\u00c7E, SAHASINDA GAZ\u0130\u015eEH\u0130R GAZ\u0130ANTEP\u2019\u0130 5-0 MA\u011eLUP EDEREK 123 HAFTA SONRA \u0130LK KEZ L\u0130DERL\u0130K KOLTU\u011eUNA OTURDU.<\/p>\n","protected":false},"author":1,"featured_media":193559,"comment_status":"closed","ping_status":"open","sticky":false,"template":"","format":"standard","meta":{"jetpack_post_was_ever_published":false,"_jetpack_newsletter_access":"","_jetpack_dont_email_post_to_subs":false,"_jetpack_newsletter_tier_id":0,"_jetpack_memberships_contains_paywalled_content":false,"_jetpack_memberships_contains_paid_content":false,"footnotes":"","jetpack_publicize_message":"","jetpack_publicize_feature_enabled":true,"jetpack_social_post_already_shared":true,"jetpack_social_options":{"image_generator_settings":{"template":"highway","default_image_id":0,"font":"","enabled":false},"version":2}},"categories":[657],"tags":[212,2626,1178,3312,2022],"class_list":["post-193558","post","type-post","status-publish","format-standard","has-post-thumbnail","hentry","category-spor","tag-212","tag-fenerbahce","tag-hafta","tag-lider","tag-sonra"],"jetpack_publicize_connections":[],"jetpack_featured_media_url":"https:\/\/i0.wp.com\/www.tvturk.com\/wp-content\/uploads\/2019\/08\/fenerbahce-123-hafta-sonra-lider_95e1bf9.jpg?fit=1000%2C554","jetpack_sharing_enabled":true,"jetpack_shortlink":"https:\/\/wp.me\/paKIfm-OlU","_links":{"self":[{"href":"http:\/\/www.tvturk.com\/index.php\/wp-json\/wp\/v2\/posts\/193558","targetHints":{"allow":["GET"]}}],"collection":[{"href":"http:\/\/www.tvturk.com\/index.php\/wp-json\/wp\/v2\/posts"}],"about":[{"href":"http:\/\/www.tvturk.com\/index.php\/wp-json\/wp\/v2\/types\/post"}],"author":[{"embeddable":true,"href":"http:\/\/www.tvturk.com\/index.php\/wp-json\/wp\/v2\/users\/1"}],"replies":[{"embeddable":true,"href":"http:\/\/www.tvturk.com\/index.php\/wp-json\/wp\/v2\/comments?post=193558"}],"version-history":[{"count":0,"href":"http:\/\/www.tvturk.com\/index.php\/wp-json\/wp\/v2\/posts\/193558\/revisions"}],"wp:featuredmedia":[{"embeddable":true,"href":"http:\/\/www.tvturk.com\/index.php\/wp-json\/wp\/v2\/media\/193559"}],"wp:attachment":[{"href":"http:\/\/www.tvturk.com\/index.php\/wp-json\/wp\/v2\/media?parent=193558"}],"wp:term":[{"taxonomy":"category","embeddable":true,"href":"http:\/\/www.tvturk.com\/index.php\/wp-json\/wp\/v2\/categories?post=193558"},{"taxonomy":"post_tag","embeddable":true,"href":"http:\/\/www.tvturk.com\/index.php\/wp-json\/wp\/v2\/tags?post=193558"}],"curies":[{"name":"wp","href":"https:\/\/api.w.org\/{rel}","templated":true}]}}