{"id":193576,"date":"2019-08-20T00:01:50","date_gmt":"2019-08-19T21:01:50","guid":{"rendered":"http:\/\/www.tvturk.com\/index.php\/bakan-paktemirliden-yangin-noktalarina-gece-saatlerinde-helikopterli-denetim\/"},"modified":"2019-08-20T00:01:50","modified_gmt":"2019-08-19T21:01:50","slug":"bakan-paktemirliden-yangin-noktalarina-gece-saatlerinde-helikopterli-denetim","status":"publish","type":"post","link":"http:\/\/www.tvturk.com\/index.php\/bakan-paktemirliden-yangin-noktalarina-gece-saatlerinde-helikopterli-denetim\/","title":{"rendered":"Bakan Paktemirli\u2019den yang\u0131n noktalar\u0131na gece saatlerinde helikopterli denetim"},"content":{"rendered":"<p>\u0130zmir\u2019deki b\u00fcy\u00fck orman yang\u0131n\u0131nda 35 saat geride kal\u0131rken Tar\u0131m ve Orman Bakan\u0131 Bekir Pakdemirli gece saatlerinde helikoptere binerek yang\u0131n noktalar\u0131na havadan g\u00f6zetleme yapt\u0131.<\/p>\n<p>\u0130zmir\u2019deki b\u00fcy\u00fck orman yang\u0131n\u0131nda 35 saat geride kal\u0131rken ekiplerin yang\u0131na m\u00fcdahalesi karadan devam ediyor.  R\u00fczgar\u0131n etkisiyle kontrol alt\u0131na al\u0131nmakta g\u00fc\u00e7le\u015fen yang\u0131n dolay\u0131s\u0131 ile Tar\u0131m ve Orman Bakan\u0131 Bekir Pakdemirli, Karaba\u011flar Tekketepe yang\u0131n g\u00f6zetleme noktas\u0131nda bulunuyor. Bakan Pakdemirli, ilk defa koordinasyon amac\u0131yla ger\u00e7ekle\u015ftirilen gece u\u00e7u\u015funa kat\u0131ld\u0131. Gece saat 22.30 s\u0131ralar\u0131nda ger\u00e7ekle\u015ftirilen helikopter u\u00e7u\u015funun yakla\u015f\u0131k 45 dakika s\u00fcrece\u011fi belirtildi.<\/p>\n<p>Bakan Pakdemirli\u2019ye \u0130zmir Valisi Erol Ayy\u0131ld\u0131z\u2019\u0131n yan\u0131nda \u00e7ok say\u0131da yetkili e\u015flik ediyor.<\/p>\n","protected":false},"excerpt":{"rendered":"<p>\u0130ZM\u0130R&#8217;DEK\u0130 B\u00dcY\u00dcK ORMAN YANGININDA 35 SAAT GER\u0130DE KALIRKEN TARIM VE ORMAN BAKANI BEK\u0130R PAKDEM\u0130RL\u0130 GECE SAATLER\u0130NDE HEL\u0130KOPTERE B\u0130NEREK YANGIN NOKTALARINA HAVADAN G\u00d6ZETLEME YAPTI.<\/p>\n","protected":false},"author":1,"featured_media":193577,"comment_status":"closed","ping_status":"open","sticky":false,"template":"","format":"standard","meta":{"jetpack_post_was_ever_published":false,"_jetpack_newsletter_access":"","_jetpack_dont_email_post_to_subs":false,"_jetpack_newsletter_tier_id":0,"_jetpack_memberships_contains_paywalled_content":false,"_jetpack_memberships_contains_paid_content":false,"footnotes":"","jetpack_publicize_message":"","jetpack_publicize_feature_enabled":true,"jetpack_social_post_already_shared":true,"jetpack_social_options":{"image_generator_settings":{"template":"highway","default_image_id":0,"font":"","enabled":false},"version":2}},"categories":[1],"tags":[742,6015,1501,130,9230,48467,7993,1617],"class_list":["post-193576","post","type-post","status-publish","format-standard","has-post-thumbnail","hentry","category-genel","tag-bakan","tag-denetim","tag-gece","tag-helikopterli","tag-noktalarina","tag-paktemirliden","tag-saatlerinde","tag-yangin"],"jetpack_publicize_connections":[],"jetpack_featured_media_url":"https:\/\/i0.wp.com\/www.tvturk.com\/wp-content\/uploads\/2019\/08\/bakan-paktemirliden-yangin-noktalarina-gece-saatlerinde-helikopterli-denetim_a3b884f.jpg?fit=1000%2C690","jetpack_sharing_enabled":true,"jetpack_shortlink":"https:\/\/wp.me\/paKIfm-Omc","_links":{"self":[{"href":"http:\/\/www.tvturk.com\/index.php\/wp-json\/wp\/v2\/posts\/193576","targetHints":{"allow":["GET"]}}],"collection":[{"href":"http:\/\/www.tvturk.com\/index.php\/wp-json\/wp\/v2\/posts"}],"about":[{"href":"http:\/\/www.tvturk.com\/index.php\/wp-json\/wp\/v2\/types\/post"}],"author":[{"embeddable":true,"href":"http:\/\/www.tvturk.com\/index.php\/wp-json\/wp\/v2\/users\/1"}],"replies":[{"embeddable":true,"href":"http:\/\/www.tvturk.com\/index.php\/wp-json\/wp\/v2\/comments?post=193576"}],"version-history":[{"count":0,"href":"http:\/\/www.tvturk.com\/index.php\/wp-json\/wp\/v2\/posts\/193576\/revisions"}],"wp:featuredmedia":[{"embeddable":true,"href":"http:\/\/www.tvturk.com\/index.php\/wp-json\/wp\/v2\/media\/193577"}],"wp:attachment":[{"href":"http:\/\/www.tvturk.com\/index.php\/wp-json\/wp\/v2\/media?parent=193576"}],"wp:term":[{"taxonomy":"category","embeddable":true,"href":"http:\/\/www.tvturk.com\/index.php\/wp-json\/wp\/v2\/categories?post=193576"},{"taxonomy":"post_tag","embeddable":true,"href":"http:\/\/www.tvturk.com\/index.php\/wp-json\/wp\/v2\/tags?post=193576"}],"curies":[{"name":"wp","href":"https:\/\/api.w.org\/{rel}","templated":true}]}}