{"id":193580,"date":"2019-08-20T00:31:39","date_gmt":"2019-08-19T21:31:39","guid":{"rendered":"http:\/\/www.tvturk.com\/index.php\/afganistanin-bagimsizliginin-100-yili-ankarada-kutlandi\/"},"modified":"2019-08-20T00:31:39","modified_gmt":"2019-08-19T21:31:39","slug":"afganistanin-bagimsizliginin-100-yili-ankarada-kutlandi","status":"publish","type":"post","link":"http:\/\/www.tvturk.com\/index.php\/afganistanin-bagimsizliginin-100-yili-ankarada-kutlandi\/","title":{"rendered":"Afganistan\u2019\u0131n Ba\u011f\u0131ms\u0131zl\u0131\u011f\u0131n\u0131n 100. Y\u0131l\u0131 Ankara\u2019da kutland\u0131"},"content":{"rendered":"<p>Afganistan\u2019\u0131n Ankara B\u00fcy\u00fckel\u00e7isi Abdurrahim Seyitcan\u2019\u0131n ev sahipli\u011finde \u201cAfganistan\u2019\u0131n Ba\u011f\u0131ms\u0131zl\u0131\u011f\u0131n\u0131n 100. Y\u0131l\u0131\u201d, Ankara\u2019da kutland\u0131.<\/p>\n<p>Afganistan\u2019\u0131n Ankara B\u00fcy\u00fckel\u00e7isi Abdurrahim Seyitcan\u2019\u0131n ev sahipli\u011finde d\u00fczenlenen resepsiyona, Milli Savunma Bakan\u0131 Hulusi Akar, Genelkurmay Ba\u015fkan\u0131 Orgeneral Ya\u015far G\u00fcler, Kara Kuvvetleri Komutan\u0131 Orgeneral \u00dcmit D\u00fcndar, Deniz Kuvvetleri Komutan\u0131 Oramiral Adnan \u00d6zbal ve Hava Kuvvetleri Komutan\u0131 Orgeneral Hasan K\u00fc\u00e7\u00fckaky\u00fcz\u2019\u00fcn yan\u0131 s\u0131ra yabanc\u0131 misyon temsilcileri, yerli ve yabanc\u0131 \u00e7ok say\u0131da davetli kat\u0131ld\u0131.<\/p>\n","protected":false},"excerpt":{"rendered":"<p>AFGAN\u0130STAN&#8217;IN ANKARA B\u00dcY\u00dcKEL\u00c7\u0130S\u0130 ABDURRAH\u0130M SEY\u0130TCAN\u2019IN EV SAH\u0130PL\u0130\u011e\u0130NDE \u201cAFGAN\u0130STAN&#8217;IN BA\u011eIMSIZLI\u011eININ 100. YILI\u201d, ANKARA&#8217;DA KUTLANDI.<\/p>\n","protected":false},"author":1,"featured_media":193581,"comment_status":"closed","ping_status":"open","sticky":false,"template":"","format":"standard","meta":{"jetpack_post_was_ever_published":false,"_jetpack_newsletter_access":"","_jetpack_dont_email_post_to_subs":false,"_jetpack_newsletter_tier_id":0,"_jetpack_memberships_contains_paywalled_content":false,"_jetpack_memberships_contains_paid_content":false,"footnotes":"","jetpack_publicize_message":"","jetpack_publicize_feature_enabled":true,"jetpack_social_post_already_shared":true,"jetpack_social_options":{"image_generator_settings":{"template":"highway","default_image_id":0,"font":"","enabled":false},"version":2}},"categories":[1],"tags":[2127,48468,5444,5918,2822,2128],"class_list":["post-193580","post","type-post","status-publish","format-standard","has-post-thumbnail","hentry","category-genel","tag-2127","tag-afganistanin","tag-ankarada","tag-bagimsizliginin","tag-kutlandi","tag-yili"],"jetpack_publicize_connections":[],"jetpack_featured_media_url":"https:\/\/i0.wp.com\/www.tvturk.com\/wp-content\/uploads\/2019\/08\/afganistanin-bagimsizliginin-100-yili-ankarada-kutlandi_b9f23fb.jpg?fit=900%2C600","jetpack_sharing_enabled":true,"jetpack_shortlink":"https:\/\/wp.me\/paKIfm-Omg","_links":{"self":[{"href":"http:\/\/www.tvturk.com\/index.php\/wp-json\/wp\/v2\/posts\/193580","targetHints":{"allow":["GET"]}}],"collection":[{"href":"http:\/\/www.tvturk.com\/index.php\/wp-json\/wp\/v2\/posts"}],"about":[{"href":"http:\/\/www.tvturk.com\/index.php\/wp-json\/wp\/v2\/types\/post"}],"author":[{"embeddable":true,"href":"http:\/\/www.tvturk.com\/index.php\/wp-json\/wp\/v2\/users\/1"}],"replies":[{"embeddable":true,"href":"http:\/\/www.tvturk.com\/index.php\/wp-json\/wp\/v2\/comments?post=193580"}],"version-history":[{"count":0,"href":"http:\/\/www.tvturk.com\/index.php\/wp-json\/wp\/v2\/posts\/193580\/revisions"}],"wp:featuredmedia":[{"embeddable":true,"href":"http:\/\/www.tvturk.com\/index.php\/wp-json\/wp\/v2\/media\/193581"}],"wp:attachment":[{"href":"http:\/\/www.tvturk.com\/index.php\/wp-json\/wp\/v2\/media?parent=193580"}],"wp:term":[{"taxonomy":"category","embeddable":true,"href":"http:\/\/www.tvturk.com\/index.php\/wp-json\/wp\/v2\/categories?post=193580"},{"taxonomy":"post_tag","embeddable":true,"href":"http:\/\/www.tvturk.com\/index.php\/wp-json\/wp\/v2\/tags?post=193580"}],"curies":[{"name":"wp","href":"https:\/\/api.w.org\/{rel}","templated":true}]}}