{"id":193584,"date":"2019-08-20T08:46:13","date_gmt":"2019-08-20T05:46:13","guid":{"rendered":"http:\/\/www.tvturk.com\/index.php\/emeka-eze-adanasporda\/"},"modified":"2019-08-20T08:46:13","modified_gmt":"2019-08-20T05:46:13","slug":"emeka-eze-adanasporda","status":"publish","type":"post","link":"http:\/\/www.tvturk.com\/index.php\/emeka-eze-adanasporda\/","title":{"rendered":"Emeka Eze Adanaspor\u2019da"},"content":{"rendered":"<p>TFF 1. Lig ekiplerinden Adanaspor, Emeka Eze\u2019yi kiralad\u0131.<\/p>\n<p>Turuncu-beyazl\u0131 ekip, ge\u00e7ti\u011fimiz sezon SK Sturm Graz tak\u0131m\u0131nda forma giyen 22 ya\u015f\u0131ndaki forvet oyuncusu Emeka Eze\u2019yi sat\u0131n alma opsiyonlu olarak 1 y\u0131ll\u0131\u011f\u0131na kiralad\u0131. Adanaspor Y\u00f6netim Kurulu \u00dcyesi Furkan Akg\u00fcl ile \u0130stanbul\u2019da bir araya gelen Emeka Eze, kendisini turuncu-beyazl\u0131 renklere ba\u011flayan imzay\u0131 att\u0131.<\/p>\n","protected":false},"excerpt":{"rendered":"<p>ADANASPOR Y\u00d6NET\u0130M KURULU \u00dcYES\u0130 FURKAN AKG\u00dcL \u0130LE \u0130STANBUL&#8217;DA B\u0130R ARAYA GELEN EMEKA EZE, KEND\u0130S\u0130N\u0130 TURUNCU BEYAZLI RENKLERE BA\u011eLAYAN \u0130MZAYI ATTI.<\/p>\n","protected":false},"author":1,"featured_media":193585,"comment_status":"closed","ping_status":"open","sticky":false,"template":"","format":"standard","meta":{"jetpack_post_was_ever_published":false,"_jetpack_newsletter_access":"","_jetpack_dont_email_post_to_subs":false,"_jetpack_newsletter_tier_id":0,"_jetpack_memberships_contains_paywalled_content":false,"_jetpack_memberships_contains_paid_content":false,"footnotes":"","jetpack_publicize_message":"","jetpack_publicize_feature_enabled":true,"jetpack_social_post_already_shared":true,"jetpack_social_options":{"image_generator_settings":{"template":"highway","default_image_id":0,"font":"","enabled":false},"version":2}},"categories":[657],"tags":[4502,48470,48471],"class_list":["post-193584","post","type-post","status-publish","format-standard","has-post-thumbnail","hentry","category-spor","tag-adanasporda","tag-emeka","tag-eze"],"jetpack_publicize_connections":[],"jetpack_featured_media_url":"https:\/\/i0.wp.com\/www.tvturk.com\/wp-content\/uploads\/2019\/08\/emeka-eze-adanasporda_267dad0.jpg?fit=750%2C1000","jetpack_sharing_enabled":true,"jetpack_shortlink":"https:\/\/wp.me\/paKIfm-Omk","_links":{"self":[{"href":"http:\/\/www.tvturk.com\/index.php\/wp-json\/wp\/v2\/posts\/193584","targetHints":{"allow":["GET"]}}],"collection":[{"href":"http:\/\/www.tvturk.com\/index.php\/wp-json\/wp\/v2\/posts"}],"about":[{"href":"http:\/\/www.tvturk.com\/index.php\/wp-json\/wp\/v2\/types\/post"}],"author":[{"embeddable":true,"href":"http:\/\/www.tvturk.com\/index.php\/wp-json\/wp\/v2\/users\/1"}],"replies":[{"embeddable":true,"href":"http:\/\/www.tvturk.com\/index.php\/wp-json\/wp\/v2\/comments?post=193584"}],"version-history":[{"count":0,"href":"http:\/\/www.tvturk.com\/index.php\/wp-json\/wp\/v2\/posts\/193584\/revisions"}],"wp:featuredmedia":[{"embeddable":true,"href":"http:\/\/www.tvturk.com\/index.php\/wp-json\/wp\/v2\/media\/193585"}],"wp:attachment":[{"href":"http:\/\/www.tvturk.com\/index.php\/wp-json\/wp\/v2\/media?parent=193584"}],"wp:term":[{"taxonomy":"category","embeddable":true,"href":"http:\/\/www.tvturk.com\/index.php\/wp-json\/wp\/v2\/categories?post=193584"},{"taxonomy":"post_tag","embeddable":true,"href":"http:\/\/www.tvturk.com\/index.php\/wp-json\/wp\/v2\/tags?post=193584"}],"curies":[{"name":"wp","href":"https:\/\/api.w.org\/{rel}","templated":true}]}}