{"id":193618,"date":"2019-08-20T10:01:36","date_gmt":"2019-08-20T07:01:36","guid":{"rendered":"http:\/\/www.tvturk.com\/index.php\/kayisida-bu-yilin-mahsulleri-pazara-inmeye-basladi\/"},"modified":"2019-08-20T10:01:36","modified_gmt":"2019-08-20T07:01:36","slug":"kayisida-bu-yilin-mahsulleri-pazara-inmeye-basladi","status":"publish","type":"post","link":"http:\/\/www.tvturk.com\/index.php\/kayisida-bu-yilin-mahsulleri-pazara-inmeye-basladi\/","title":{"rendered":"Kay\u0131s\u0131da bu y\u0131l\u0131n mahsulleri pazara inmeye ba\u015flad\u0131"},"content":{"rendered":"<p>D\u00fcnya kay\u0131s\u0131 ba\u015fkenti Malatya\u2019da \u00e7ift\u00e7iler bu y\u0131l\u0131n mahsullerini pazara getirmeye ba\u015flad\u0131. \u015eu s\u0131ralar \u015eire Pazar\u0131nda yo\u011funluk ya\u015fan\u0131rken \u00fcreticiler ellerindeki kay\u0131s\u0131lar\u0131 hak etti\u011fi fiyattan satmak i\u00e7in ihracat\u00e7\u0131larla k\u0131ran k\u0131rana pazarl\u0131k yap\u0131yor.<\/p>\n<p>Kentte binlerce insan\u0131n ge\u00e7im kayna\u011f\u0131 olan kay\u0131s\u0131da hasat sezonu tamamlan\u0131rken, \u00fcreticiler b\u00fcy\u00fck emek vererek toplad\u0131klar\u0131 kay\u0131s\u0131lar\u0131 \u015eire Pazar\u0131na getirmeye ba\u015flad\u0131. G\u00fcn\u00fcn ilk \u0131\u015f\u0131klar\u0131yla birlikte pazara gelen \u00fcreticiler ellerindeki kay\u0131s\u0131lar\u0131 paraya \u00e7evirerek nakit ihtiyac\u0131n\u0131 bir nebze olsun gidermeye \u00e7al\u0131\u015f\u0131yor. Baz\u0131 \u00fcreticiler kay\u0131s\u0131 fiyatlar\u0131ndan memnun olmad\u0131klar\u0131n\u0131 ifade ederek, emeklerinin kar\u015f\u0131l\u0131\u011f\u0131n\u0131 alamad\u0131klar\u0131n\u0131 s\u00f6yledi. Bir k\u0131s\u0131m ihracat\u00e7\u0131lar ise fiyatlar\u0131n iyi oldu\u011funu dile getirerek, birka\u00e7 g\u00fcn i\u00e7inde fiyatlarda art\u0131\u015f olmas\u0131n\u0131 beklediklerini belirtti.<\/p>\n<p>Kay\u0131s\u0131 \u00fcreticisi Mehmet Kahraman, fiyatlar\u0131n i\u015f\u00e7i paras\u0131n\u0131 kurtarmad\u0131\u011f\u0131n\u0131 kaydederek, istedi\u011fi fiyattan kay\u0131s\u0131y\u0131 satmak istedi\u011fini ancak al\u0131c\u0131 bulamad\u0131\u011f\u0131n\u0131 vurgulad\u0131.<\/p>\n<p>Kay\u0131s\u0131 ihracat\u00e7\u0131s\u0131 Deniz Y\u0131lmaz ise, rekoltenin bu y\u0131l d\u00fc\u015f\u00fck oldu\u011funu bu y\u00fczden fiyatlar\u0131n iyi denilebilecek seviyede oldu\u011funu aktard\u0131. Kay\u0131s\u0131n\u0131n kilosunu 15-20 TL\u2019den ald\u0131klar\u0131n\u0131 ifade eden Y\u0131lmaz, yine de kay\u0131s\u0131n\u0131n ger\u00e7ek de\u011ferini bulamad\u0131\u011f\u0131n\u0131 belirtti. Kay\u0131s\u0131daki as\u0131l s\u0131k\u0131nt\u0131n\u0131n toptan ve perakende sat\u0131\u015f aras\u0131ndaki fark oldu\u011funu kaydeden Y\u0131lmaz, s\u0131k\u0131nt\u0131lar\u0131n \u00e7\u00f6z\u00fclmesi gerekti\u011fini s\u00f6yledi.<\/p>\n<p>Kay\u0131s\u0131da bu y\u0131lki kalitenin iyi oldu\u011funu s\u00f6zlerine ekleyen Y\u0131lmaz, \u00f6n\u00fcm\u00fczdeki g\u00fcnlerde fiyat art\u0131\u015f\u0131 beklediklerini dile getirdi.<\/p>\n","protected":false},"excerpt":{"rendered":"<p>D\u00dcNYA KAYISI BA\u015eKENT\u0130 MALATYA\u2019DA \u00c7\u0130FT\u00c7\u0130LER BU YILIN \u0130LK MAHSULLER\u0130N\u0130 PAZARA GET\u0130RMEYE BA\u015eLADI. \u015eU SIRALAR \u015e\u0130RE PAZARINDA YO\u011eUNLUK YA\u015eANIRKEN \u00dcRET\u0130C\u0130LER ELLER\u0130NDEK\u0130 KAYISILARI HAK ETT\u0130\u011e\u0130 F\u0130YATTAN SATMAK \u0130\u00c7\u0130N \u0130HRACAT\u00c7ILARLA KIRAN KIRANA PAZARLIK YAPIYOR.<\/p>\n","protected":false},"author":1,"featured_media":193619,"comment_status":"closed","ping_status":"open","sticky":false,"template":"","format":"standard","meta":{"jetpack_post_was_ever_published":false,"_jetpack_newsletter_access":"","_jetpack_dont_email_post_to_subs":false,"_jetpack_newsletter_tier_id":0,"_jetpack_memberships_contains_paywalled_content":false,"_jetpack_memberships_contains_paid_content":false,"footnotes":"","jetpack_publicize_message":"","jetpack_publicize_feature_enabled":true,"jetpack_social_post_already_shared":true,"jetpack_social_options":{"image_generator_settings":{"template":"highway","default_image_id":0,"font":"","enabled":false},"version":2}},"categories":[1],"tags":[55,33266,22736,43569,16279,1798],"class_list":["post-193618","post","type-post","status-publish","format-standard","has-post-thumbnail","hentry","category-genel","tag-basladi","tag-inmeye","tag-kayisida","tag-mahsulleri","tag-pazara","tag-yilin"],"jetpack_publicize_connections":[],"jetpack_featured_media_url":"https:\/\/i0.wp.com\/www.tvturk.com\/wp-content\/uploads\/2019\/08\/kayisida-bu-yilin-mahsulleri-pazara-inmeye-basladi_b20817b.jpg?fit=1000%2C666","jetpack_sharing_enabled":true,"jetpack_shortlink":"https:\/\/wp.me\/paKIfm-OmS","_links":{"self":[{"href":"http:\/\/www.tvturk.com\/index.php\/wp-json\/wp\/v2\/posts\/193618","targetHints":{"allow":["GET"]}}],"collection":[{"href":"http:\/\/www.tvturk.com\/index.php\/wp-json\/wp\/v2\/posts"}],"about":[{"href":"http:\/\/www.tvturk.com\/index.php\/wp-json\/wp\/v2\/types\/post"}],"author":[{"embeddable":true,"href":"http:\/\/www.tvturk.com\/index.php\/wp-json\/wp\/v2\/users\/1"}],"replies":[{"embeddable":true,"href":"http:\/\/www.tvturk.com\/index.php\/wp-json\/wp\/v2\/comments?post=193618"}],"version-history":[{"count":0,"href":"http:\/\/www.tvturk.com\/index.php\/wp-json\/wp\/v2\/posts\/193618\/revisions"}],"wp:featuredmedia":[{"embeddable":true,"href":"http:\/\/www.tvturk.com\/index.php\/wp-json\/wp\/v2\/media\/193619"}],"wp:attachment":[{"href":"http:\/\/www.tvturk.com\/index.php\/wp-json\/wp\/v2\/media?parent=193618"}],"wp:term":[{"taxonomy":"category","embeddable":true,"href":"http:\/\/www.tvturk.com\/index.php\/wp-json\/wp\/v2\/categories?post=193618"},{"taxonomy":"post_tag","embeddable":true,"href":"http:\/\/www.tvturk.com\/index.php\/wp-json\/wp\/v2\/tags?post=193618"}],"curies":[{"name":"wp","href":"https:\/\/api.w.org\/{rel}","templated":true}]}}