{"id":193622,"date":"2019-08-20T10:01:47","date_gmt":"2019-08-20T07:01:47","guid":{"rendered":"http:\/\/www.tvturk.com\/index.php\/yerli-turistten-cok-yabanci-turistlerin-ilgi-odagi-oluyor\/"},"modified":"2019-08-20T10:01:47","modified_gmt":"2019-08-20T07:01:47","slug":"yerli-turistten-cok-yabanci-turistlerin-ilgi-odagi-oluyor","status":"publish","type":"post","link":"http:\/\/www.tvturk.com\/index.php\/yerli-turistten-cok-yabanci-turistlerin-ilgi-odagi-oluyor\/","title":{"rendered":"Yerli turistten \u00e7ok yabanc\u0131 turistlerin ilgi oda\u011f\u0131 oluyor"},"content":{"rendered":"<p>D\u00fcnyan\u0131n en uzun ikinci ma\u011faras\u0131 olarak kabul edilen \u00c7al Ma\u011faras\u0131na \u00f6zellikle Arap turistler yo\u011fun ilgi g\u00f6steriyor. Trabzon D\u00fczk\u00f6y il\u00e7esine ba\u011fl\u0131 \u00c7al Mahallesi\u2019nde, denizden bin 50 metre y\u00fckseklikte bulunan \u00c7al Ma\u011faras\u0131n\u0131 bu y\u0131l\u0131n 7 ayl\u0131k d\u00f6neminde 37 bin 368 yerli, 50 bin 250\u2019si yabanc\u0131 olmak \u00fczere toplam 87 bin 618 yabanc\u0131 turist ziyaret etti. 2018 y\u0131l\u0131nda ise 70 bin 62\u2019si yerli, 82 bin 289\u2019u yabanc\u0131 olmak \u00fczere 152 bin 289 yabanc\u0131 turist \u00c7al Ma\u011faras\u0131n\u0131 ziyaret etmi\u015fti. Ma\u011faran\u0131n \u00f6zellikle ast\u0131m ve nefes darl\u0131\u011f\u0131na iyi geldi\u011fi tespit edildi.<\/p>\n<p>D\u00fcnyan\u0131n en uzun ikinci ma\u011faras\u0131 olarak da kabul edilen ma\u011faran\u0131n i\u00e7inden k\u00fc\u00e7\u00fck bir dere akarken, ma\u011faran\u0131n \u00fczerinde tarihi bir kale bulunuyor. Yer alt\u0131 su kanal\u0131 olan \u00c7al Ma\u011faras\u0131\u2019n\u0131n giri\u015fi, geni\u015f olmakla birlikte i\u00e7erisindeki geni\u015flik s\u00fcrekli de\u011fi\u015fiyor. Tavan y\u00fckseklikleri k\u0131r\u0131k sistemlerine ba\u011fl\u0131 olarak b\u00fcy\u00fck de\u011fi\u015fkenlik g\u00f6steren \u00c7al Ma\u011faras\u0131  giri\u015ften sonra 200. metrede iki kola ayr\u0131l\u0131yor. Sola ayr\u0131lan kol yakla\u015f\u0131k 150 metre uzunlukta olurken, bu kolun sonundaki odada dolinden gelen suyun akt\u0131\u011f\u0131 bir baca vard\u0131r. Sa\u011f kolun ula\u015f\u0131labilen k\u0131sm\u0131 ise yakla\u015f\u0131k 400 metredir. Bu kolun yakla\u015f\u0131k 60. metresinde k\u00fc\u00e7\u00fck bir g\u00f6l ve \u00e7a\u011flayan yer almaktad\u0131r. Ma\u011faran\u0131n i\u00e7indeki yer alt\u0131 nehrinin ta\u015f\u0131d\u0131\u011f\u0131 su mevsimsel olarak de\u011fi\u015fmektedir. Ya\u011f\u0131\u015fl\u0131 mevsimlerde ma\u011faran\u0131n i\u00e7indeki suyun derinli\u011fi 50 santimetreye kadar y\u00fckselirken, yaz aylar\u0131nda bu seviye 25-30 santimetreye kadar d\u00fc\u015fmektedir.<\/p>\n<p>\u00c7al Ma\u011faras\u0131 2000 y\u0131l\u0131nda Trabzon \u0130l \u00d6zel \u0130daresi taraf\u0131ndan \u00e7e\u015fitli d\u00fczenlemeler yap\u0131larak turizme a\u00e7\u0131l\u0131rken, 2003 y\u0131l\u0131nda halk\u0131n ziyaretine a\u00e7\u0131k hale getirildi.<\/p>\n<p>Ma\u011faran\u0131n ast\u0131m ve nefes darl\u0131\u011f\u0131na iyi geldi\u011fi tespit edilirken, ma\u011faran\u0131n giri\u015fte nemi kuru olsa da i\u00e7 k\u0131s\u0131mlara gidildik\u00e7e artt\u0131\u011f\u0131 belirtildi.<\/p>\n","protected":false},"excerpt":{"rendered":"<p>D\u00dcNYANIN EN UZUN \u0130K\u0130NC\u0130 MA\u011eARASI OLARAK KABUL ED\u0130LEN \u00c7AL MA\u011eARASINA \u00d6ZELL\u0130KLE ARAP TUR\u0130STLER YO\u011eUN \u0130LG\u0130 G\u00d6STER\u0130YOR.<\/p>\n","protected":false},"author":1,"featured_media":193623,"comment_status":"closed","ping_status":"open","sticky":false,"template":"","format":"standard","meta":{"jetpack_post_was_ever_published":false,"_jetpack_newsletter_access":"","_jetpack_dont_email_post_to_subs":false,"_jetpack_newsletter_tier_id":0,"_jetpack_memberships_contains_paywalled_content":false,"_jetpack_memberships_contains_paid_content":false,"footnotes":"","jetpack_publicize_message":"","jetpack_publicize_feature_enabled":true,"jetpack_social_post_already_shared":true,"jetpack_social_options":{"image_generator_settings":{"template":"highway","default_image_id":0,"font":"","enabled":false},"version":2}},"categories":[1],"tags":[105,1726,9382,145,21482,48486,4069,2454],"class_list":["post-193622","post","type-post","status-publish","format-standard","has-post-thumbnail","hentry","category-genel","tag-cok","tag-ilgi","tag-odagi","tag-oluyor","tag-turistlerin","tag-turistten","tag-yabanci","tag-yerli"],"jetpack_publicize_connections":[],"jetpack_featured_media_url":"https:\/\/i0.wp.com\/www.tvturk.com\/wp-content\/uploads\/2019\/08\/yerli-turistten-cok-yabanci-turistlerin-ilgi-odagi-oluyor_ec30ad9.jpg?fit=1000%2C662","jetpack_sharing_enabled":true,"jetpack_shortlink":"https:\/\/wp.me\/paKIfm-OmW","_links":{"self":[{"href":"http:\/\/www.tvturk.com\/index.php\/wp-json\/wp\/v2\/posts\/193622","targetHints":{"allow":["GET"]}}],"collection":[{"href":"http:\/\/www.tvturk.com\/index.php\/wp-json\/wp\/v2\/posts"}],"about":[{"href":"http:\/\/www.tvturk.com\/index.php\/wp-json\/wp\/v2\/types\/post"}],"author":[{"embeddable":true,"href":"http:\/\/www.tvturk.com\/index.php\/wp-json\/wp\/v2\/users\/1"}],"replies":[{"embeddable":true,"href":"http:\/\/www.tvturk.com\/index.php\/wp-json\/wp\/v2\/comments?post=193622"}],"version-history":[{"count":0,"href":"http:\/\/www.tvturk.com\/index.php\/wp-json\/wp\/v2\/posts\/193622\/revisions"}],"wp:featuredmedia":[{"embeddable":true,"href":"http:\/\/www.tvturk.com\/index.php\/wp-json\/wp\/v2\/media\/193623"}],"wp:attachment":[{"href":"http:\/\/www.tvturk.com\/index.php\/wp-json\/wp\/v2\/media?parent=193622"}],"wp:term":[{"taxonomy":"category","embeddable":true,"href":"http:\/\/www.tvturk.com\/index.php\/wp-json\/wp\/v2\/categories?post=193622"},{"taxonomy":"post_tag","embeddable":true,"href":"http:\/\/www.tvturk.com\/index.php\/wp-json\/wp\/v2\/tags?post=193622"}],"curies":[{"name":"wp","href":"https:\/\/api.w.org\/{rel}","templated":true}]}}