{"id":193626,"date":"2019-08-20T10:01:59","date_gmt":"2019-08-20T07:01:59","guid":{"rendered":"http:\/\/www.tvturk.com\/index.php\/turk-ve-suriyelilerden-kan-kardesligi\/"},"modified":"2019-08-20T10:01:59","modified_gmt":"2019-08-20T07:01:59","slug":"turk-ve-suriyelilerden-kan-kardesligi","status":"publish","type":"post","link":"http:\/\/www.tvturk.com\/index.php\/turk-ve-suriyelilerden-kan-kardesligi\/","title":{"rendered":"T\u00fcrk ve Suriyelilerden kan karde\u015fli\u011fi"},"content":{"rendered":"<p>Kilis K\u0131z\u0131lay Kan Merkezi M\u00fcd\u00fcrl\u00fc\u011f\u00fc taraf\u0131ndan ba\u015flat\u0131lan kan ba\u011f\u0131\u015f\u0131 kampanyas\u0131na T\u00fcrk ve Suriyeliler yo\u011fun ilgi g\u00f6steriyor.<\/p>\n<p>Kilis K\u0131z\u0131lay Kan Merkezi M\u00fcd\u00fcrl\u00fc\u011f\u00fc yaz aylar\u0131nda artan kan ihtiyac\u0131n\u0131 kar\u015f\u0131lamak i\u00e7in kan ba\u011f\u0131\u015f\u0131 kampanyas\u0131n\u0131 s\u00fcrd\u00fcr\u00fcyor. Kamu kurum ve kurulu\u015flar\u0131, sivil toplum \u00f6rg\u00fctleri, vatanda\u015flar\u0131n yo\u011fun ilgi g\u00f6sterdi\u011fi kampanyaya Suriyeliler de destek veriyor.<\/p>\n<p>K\u0131z\u0131lay Kan Merkezi M\u00fcd\u00fcr\u00fc Dr. Esra Y\u0131lmaz \u0130HA\u2019ya yapt\u0131\u011f\u0131 a\u00e7\u0131klamada, Bab-\u0131 \u015eifa G\u00f6\u00e7men Sa\u011fl\u0131\u011f\u0131 Merkezi ile i\u015fbirli\u011fi ile ikinci kez kan ba\u011f\u0131\u015f\u0131 ald\u0131klar\u0131n\u0131 ifade ederek, \u201cKan ver hayat kurtar diyerek yola \u00e7\u0131kt\u0131k. Kan ba\u011f\u0131\u015f\u00e7\u0131lar\u0131n\u0131n kan\u0131n\u0131 \u00f6zellikle kendi b\u00f6lgemizde kullan\u0131yoruz. Yaral\u0131 askerlerimize, ameliyatta girecekler ile daha \u00e7ok kanser hastalar\u0131 i\u00e7in kullan\u0131yoruz\u201d dedi.<\/p>\n<p>K\u0131z\u0131lay ile ilgili yanl\u0131\u015f bilinen do\u011frular<\/p>\n<p>Dr. Esra Y\u0131lmaz, K\u0131z\u0131lay ile ilgili yanl\u0131\u015f bilinen do\u011frular oldu\u011funu ifade ederek, \u201cK\u0131z\u0131lay\u2019da asla ve asla kan parayla sat\u0131lmaz. B\u00f6yle bir \u015fey s\u00f6z konusu olamaz. K\u0131z\u0131lay\u2019a kan ba\u011f\u0131\u015f\u0131nda bulunan vatanda\u015flar K\u0131z\u0131lay\u2019a gelerek kan talebinde bulunmuyor. Direk hastane kan talebinde bulunuyor. Do\u011fal olarak ta hi\u00e7bir zaman K\u0131z\u0131lay para ile kan falan satm\u0131yor. Al\u0131nan kanlar\u0131n tamam\u0131n\u0131n testi yap\u0131l\u0131yor. Tansiyon, \u015feker hastal\u0131\u011f\u0131 gibi hastal\u0131klar ile ilgili hastaya bilgi vermiyoruz. Hastaneye y\u00f6nlendiriyoruz. Sadece bula\u015f\u0131c\u0131 hastal\u0131kla ge\u00e7ici, kan yoluyla ge\u00e7ici hastal\u0131klar konusunda bak\u0131yoruz, hastaya bilgi veriyoruz. Hastaneye giderek tahlil yapt\u0131r\u0131n doktora gidin diye y\u00f6nlendiriyoruz. Bir kan 3 ki\u015fiye kullan\u0131l\u0131yor. S\u0131n\u0131r b\u00f6lgesi ve hareketli yer oldu\u011fumuz i\u00e7in  kan stoklar\u0131m\u0131z\u0131 belirli bir seviyede tutmal\u0131y\u0131z. Bunun i\u00e7in \u00e7al\u0131\u015f\u0131yoruz. Herkesten destek bekliyoruz\u201d dedi.<\/p>\n<p>Bab-\u0131 \u015eifa G\u00f6\u00e7men Sa\u011fl\u0131\u011f\u0131 Merkezi Birim Sorumlusu Re\u015fit Muhtar ise K\u0131z\u0131lay Kan Merkezinin talebi nedeniyle kampanyaya destek verdiklerini ifade ederek, \u201cSa\u011fl\u0131k \u0130l M\u00fcd\u00fcrl\u00fc\u011f\u00fcyle g\u00f6r\u00fc\u015ferek, K\u0131z\u0131lay Kan Merkezi i\u015fbirli\u011fiyle kan ba\u011f\u0131\u015f\u0131na destek veriyoruz. Kilis malum oldu\u011fu \u00fczere s\u0131n\u0131r ili olmas\u0131 nedeniyle Suriyeli s\u0131\u011f\u0131nmac\u0131lardan destek istedik. Talebimiz yerini buldu.  Bende kan ba\u011f\u0131\u015f\u0131nda bulundum. Bir fark\u0131ndal\u0131k olu\u015fturduk. Bundan sonrada devam edece\u011fiz\u201d diye konu\u015ftu.<\/p>\n","protected":false},"excerpt":{"rendered":"<p>K\u0130L\u0130S KIZILAY KAN MERKEZ\u0130 M\u00dcD\u00dcRL\u00dc\u011e\u00dc TARAFINDAN BA\u015eLATILAN KAN BA\u011eI\u015eI KAMPANYASINA T\u00dcRK VE SUR\u0130YEL\u0130LER YO\u011eUN \u0130LG\u0130 G\u00d6STER\u0130YOR.<\/p>\n","protected":false},"author":1,"featured_media":193627,"comment_status":"closed","ping_status":"open","sticky":false,"template":"","format":"standard","meta":{"jetpack_post_was_ever_published":false,"_jetpack_newsletter_access":"","_jetpack_dont_email_post_to_subs":false,"_jetpack_newsletter_tier_id":0,"_jetpack_memberships_contains_paywalled_content":false,"_jetpack_memberships_contains_paid_content":false,"footnotes":"","jetpack_publicize_message":"","jetpack_publicize_feature_enabled":true,"jetpack_social_post_already_shared":true,"jetpack_social_options":{"image_generator_settings":{"template":"highway","default_image_id":0,"font":"","enabled":false},"version":2}},"categories":[1],"tags":[202,8800,35577,957],"class_list":["post-193626","post","type-post","status-publish","format-standard","has-post-thumbnail","hentry","category-genel","tag-kan","tag-kardesligi","tag-suriyelilerden","tag-turk"],"jetpack_publicize_connections":[],"jetpack_featured_media_url":"https:\/\/i0.wp.com\/www.tvturk.com\/wp-content\/uploads\/2019\/08\/turk-ve-suriyelilerden-kan-kardesligi_d53b59e.jpg?fit=1000%2C666","jetpack_sharing_enabled":true,"jetpack_shortlink":"https:\/\/wp.me\/paKIfm-On0","_links":{"self":[{"href":"http:\/\/www.tvturk.com\/index.php\/wp-json\/wp\/v2\/posts\/193626","targetHints":{"allow":["GET"]}}],"collection":[{"href":"http:\/\/www.tvturk.com\/index.php\/wp-json\/wp\/v2\/posts"}],"about":[{"href":"http:\/\/www.tvturk.com\/index.php\/wp-json\/wp\/v2\/types\/post"}],"author":[{"embeddable":true,"href":"http:\/\/www.tvturk.com\/index.php\/wp-json\/wp\/v2\/users\/1"}],"replies":[{"embeddable":true,"href":"http:\/\/www.tvturk.com\/index.php\/wp-json\/wp\/v2\/comments?post=193626"}],"version-history":[{"count":0,"href":"http:\/\/www.tvturk.com\/index.php\/wp-json\/wp\/v2\/posts\/193626\/revisions"}],"wp:featuredmedia":[{"embeddable":true,"href":"http:\/\/www.tvturk.com\/index.php\/wp-json\/wp\/v2\/media\/193627"}],"wp:attachment":[{"href":"http:\/\/www.tvturk.com\/index.php\/wp-json\/wp\/v2\/media?parent=193626"}],"wp:term":[{"taxonomy":"category","embeddable":true,"href":"http:\/\/www.tvturk.com\/index.php\/wp-json\/wp\/v2\/categories?post=193626"},{"taxonomy":"post_tag","embeddable":true,"href":"http:\/\/www.tvturk.com\/index.php\/wp-json\/wp\/v2\/tags?post=193626"}],"curies":[{"name":"wp","href":"https:\/\/api.w.org\/{rel}","templated":true}]}}