{"id":193658,"date":"2019-08-20T10:31:48","date_gmt":"2019-08-20T07:31:48","guid":{"rendered":"http:\/\/www.tvturk.com\/index.php\/minik-aliden-davul-sov\/"},"modified":"2019-08-20T10:31:48","modified_gmt":"2019-08-20T07:31:48","slug":"minik-aliden-davul-sov","status":"publish","type":"post","link":"http:\/\/www.tvturk.com\/index.php\/minik-aliden-davul-sov\/","title":{"rendered":"Minik Ali\u2019den davul \u015fov"},"content":{"rendered":"<p>Tunceli\u2019de babas\u0131yla birlikte davul \u00e7alan ve profesyonellere ta\u015f \u00e7\u0131kartan 6 ya\u015f\u0131ndaki Ali Bas\u0131k, izleyenleri mest etti.<\/p>\n<p>\u0130stanbul\u2019da ya\u015fayan Tuncelili minik Ali, mey ve zurna e\u011fitmeni olan  babas\u0131 Ali Bas\u0131k (45) sayesinde bebekken m\u00fczikle tan\u0131\u015ft\u0131. Babas\u0131n\u0131n \u00e7ald\u0131\u011f\u0131 mey ve zurna ile b\u00fcy\u00fcyen minik Ali, davula merak sard\u0131. \u015eimdi 6 ya\u015f\u0131nda olan Ali Bas\u0131k, babas\u0131yla birlikte geldi\u011fi Tunceli\u2019de bir parkta davul \u00e7ald\u0131.Seyit R\u0131za Meydan\u0131\u2019ndaki parkta, prova yapan baba ile o\u011flun etraf\u0131n\u0131 bir anda saran onlarca ki\u015fi, minik Ali\u2019nin davulla yapt\u0131\u011f\u0131 \u015fovu cep telefonlar\u0131yla kay\u0131t alt\u0131na ald\u0131. \u00d6nce boyu kadar b\u00fcy\u00fck davul ard\u0131ndan da k\u00fc\u00e7\u00fck davulla babas\u0131n\u0131n \u00e7ald\u0131\u011f\u0131 zurnaya profesyonellere ta\u015f \u00e7\u0131karacak \u015fekilde e\u015flik eden minik Ali\u2019nin \u015fovu, izleyenleri mest etti.<\/p>\n<p>3 ya\u015f\u0131ndan beri davul \u00e7ald\u0131\u011f\u0131n\u0131 belirten minik Ali, en b\u00fcy\u00fck hayalinin pilot olmak oldu\u011funu ve pilot olmas\u0131 halinde u\u00e7akta da davul \u00e7almak istedi\u011fini s\u00f6yledi.<\/p>\n<p>O\u011flunun 7 ayl\u0131k d\u00fcnyaya geldi\u011fini ve 45 g\u00fcn boyunca kuv\u00f6zde kald\u0131\u011f\u0131n\u0131 belirten baba Ali Bas\u0131k,&#8221; Ben de kendisine k\u00fc\u00e7\u00fck bir davul ald\u0131m ve mahallede kap\u0131n\u0131n \u00f6n\u00fcnde kendi kendine \u00e7almaya ba\u015flad\u0131. Bakt\u0131m ritim tutturuyor.  Benim mey ve zurna dersleri verdi\u011fim yerdeki \u00e7al\u0131\u015fmalar\u0131n da etkisinde kald\u0131. Ara ara tan\u0131d\u0131klar\u0131n d\u00fc\u011f\u00fcnlerine g\u00f6t\u00fcr\u00fcyorum. D\u00fc\u011f\u00fcnlerde Ali davul \u00e7al\u0131yor. \u00d6ncesinde prova alm\u0131yoruz. Ben \u00e7ald\u0131\u011f\u0131m esnada direkt e\u015flik ediyor\u201d dedi.<\/p>\n<p>Kendisinin de m\u00fczi\u011fe ilgisinin \u00e7ocuklukta ba\u015flad\u0131\u011f\u0131n\u0131 dile getiren baba Bas\u0131k, \u201c\u00c7ocukken teneke \u00e7al\u0131yordum. Bug\u00fcnk\u00fc \u00e7ocuklar \u00e7ok \u015fansl\u0131. Ali\u2019nin davulu var. Ben, tenekeden kendime davul yapm\u0131\u015ft\u0131m. Un eleklerinden deriyle yapm\u0131\u015f \u00f6yle \u00f6\u011frenmi\u015ftim.  Ali\u2019nin bug\u00fcn davulu, piyanosu, baterisi, bendiri var. Bir s\u00fcr\u00fc enstr\u00fcman\u0131 var. Ben, zurnay\u0131 da kendi kendime \u00f6\u011frendim. \u00c7er\u00e7ilerden plastik fl\u00fct alm\u0131\u015ft\u0131m. Ba\u015f\u0131na kam\u0131\u015f, ve emzik kenar\u0131 takm\u0131\u015ft\u0131m. Tamamen zurnaya benzetmi\u015ftim. Tamamen kendi kendime \u00f6\u011frendim. O\u011flum aileden \u00f6\u011frenmi\u015f oluyor\u201d diye konu\u015ftu.<\/p>\n<p>O\u011flunun okumas\u0131n\u0131 istedi\u011fini aktaran baba, \u201cOkulun yan\u0131nda m\u00fczik yapmak isterse devam etmesini isterim. \u00dclkemiz, memleketimiz i\u00e7in hay\u0131rl\u0131 bir evlat, iyi bir insan olmas\u0131n\u0131 diliyorum\u201d ifadelerini kulland\u0131.<\/p>\n","protected":false},"excerpt":{"rendered":"<p>6 YA\u015eINDAK\u0130 M\u0130N\u0130K DAVULCU AL\u0130 BASIK\u2019IN BABASIYLA YAPTI\u011eI \u015eOV, \u0130ZLEYENLER\u0130 MEST ETT\u0130.<\/p>\n","protected":false},"author":1,"featured_media":193659,"comment_status":"closed","ping_status":"open","sticky":false,"template":"","format":"standard","meta":{"jetpack_post_was_ever_published":false,"_jetpack_newsletter_access":"","_jetpack_dont_email_post_to_subs":false,"_jetpack_newsletter_tier_id":0,"_jetpack_memberships_contains_paywalled_content":false,"_jetpack_memberships_contains_paid_content":false,"footnotes":"","jetpack_publicize_message":"","jetpack_publicize_feature_enabled":true,"jetpack_social_post_already_shared":true,"jetpack_social_options":{"image_generator_settings":{"template":"highway","default_image_id":0,"font":"","enabled":false},"version":2}},"categories":[1],"tags":[48500,17149,1636,3662],"class_list":["post-193658","post","type-post","status-publish","format-standard","has-post-thumbnail","hentry","category-genel","tag-aliden","tag-davul","tag-minik","tag-sov"],"jetpack_publicize_connections":[],"jetpack_featured_media_url":"https:\/\/i0.wp.com\/www.tvturk.com\/wp-content\/uploads\/2019\/08\/minik-aliden-davul-sov_ba6f3de.jpg?fit=1000%2C666","jetpack_sharing_enabled":true,"jetpack_shortlink":"https:\/\/wp.me\/paKIfm-Onw","_links":{"self":[{"href":"http:\/\/www.tvturk.com\/index.php\/wp-json\/wp\/v2\/posts\/193658","targetHints":{"allow":["GET"]}}],"collection":[{"href":"http:\/\/www.tvturk.com\/index.php\/wp-json\/wp\/v2\/posts"}],"about":[{"href":"http:\/\/www.tvturk.com\/index.php\/wp-json\/wp\/v2\/types\/post"}],"author":[{"embeddable":true,"href":"http:\/\/www.tvturk.com\/index.php\/wp-json\/wp\/v2\/users\/1"}],"replies":[{"embeddable":true,"href":"http:\/\/www.tvturk.com\/index.php\/wp-json\/wp\/v2\/comments?post=193658"}],"version-history":[{"count":0,"href":"http:\/\/www.tvturk.com\/index.php\/wp-json\/wp\/v2\/posts\/193658\/revisions"}],"wp:featuredmedia":[{"embeddable":true,"href":"http:\/\/www.tvturk.com\/index.php\/wp-json\/wp\/v2\/media\/193659"}],"wp:attachment":[{"href":"http:\/\/www.tvturk.com\/index.php\/wp-json\/wp\/v2\/media?parent=193658"}],"wp:term":[{"taxonomy":"category","embeddable":true,"href":"http:\/\/www.tvturk.com\/index.php\/wp-json\/wp\/v2\/categories?post=193658"},{"taxonomy":"post_tag","embeddable":true,"href":"http:\/\/www.tvturk.com\/index.php\/wp-json\/wp\/v2\/tags?post=193658"}],"curies":[{"name":"wp","href":"https:\/\/api.w.org\/{rel}","templated":true}]}}