{"id":193712,"date":"2019-08-20T11:46:43","date_gmt":"2019-08-20T08:46:43","guid":{"rendered":"http:\/\/www.tvturk.com\/index.php\/kadin-dostu-buyuksehir\/"},"modified":"2019-08-20T11:46:43","modified_gmt":"2019-08-20T08:46:43","slug":"kadin-dostu-buyuksehir","status":"publish","type":"post","link":"http:\/\/www.tvturk.com\/index.php\/kadin-dostu-buyuksehir\/","title":{"rendered":"Kad\u0131n dostu B\u00fcy\u00fck\u015fehir"},"content":{"rendered":"<p>Ankara B\u00fcy\u00fck\u015fehir Belediyesi, Ba\u015fkent Ankara\u2019n\u0131n kad\u0131nlar i\u00e7in ayr\u0131cal\u0131kl\u0131 bir kent olmas\u0131 yolunda ad\u0131m ad\u0131m ilerliyor.<\/p>\n<p>Ankara B\u00fcy\u00fck\u015fehir Belediye Ba\u015fkan\u0131 Mansur Yava\u015f\u2019\u0131n, Ankara\u2019y\u0131 kad\u0131nlar i\u00e7in ayr\u0131cal\u0131kl\u0131 kent yapma s\u00f6z\u00fc her ge\u00e7en g\u00fcn ger\u00e7ekle\u015fiyor.<\/p>\n<p>B\u00fcy\u00fck\u015fehir\u2019e \u00f6nemli g\u00f6rev<\/p>\n<p>\u201cYerel E\u015fitlik Eylem Plan\u0131\u201dn\u0131 hayata ge\u00e7iren B\u00fcy\u00fck\u015fehir Belediyesi, bu plan \u00e7er\u00e7evesinde \u00e7al\u0131\u015fmalar\u0131n\u0131 s\u00fcrd\u00fcr\u00fcyor.<\/p>\n<p>Kad\u0131n\u0131n kent ya\u015fam\u0131 i\u00e7erisinde aktif rol alabilmesi i\u00e7in bir\u00e7ok projeyi hayata ge\u00e7iren Ankara B\u00fcy\u00fck\u015fehir Belediyesi, \u015fimdi de \u2018UCLG-MEWA Birle\u015fmi\u015f Kentler ve Yerel Y\u00f6netimler Orta Do\u011fu ve Bat\u0131 Asya B\u00f6lge Te\u015fkilat\u0131 Cinsiyet E\u015fitli\u011fi Komitesi E\u015f Ba\u015fkan\u0131\u2019 oldu.<\/p>\n<p>D\u00fcnyada \u00f6rnek projelere imza at\u0131lacak<\/p>\n<p>Amman B\u00fcy\u00fck\u015fehir Belediyesi\u2019nin ev sahipli\u011finde 9-10 Temmuz 2019 tarihlerinde ger\u00e7ekle\u015ftirilen UCLG-MEWA Kongresi\u2019nde al\u0131nan kararda, Ankara B\u00fcy\u00fck\u015fehir Belediyesi, te\u015fkilat\u0131n 2019-2022 d\u00f6nemi ombudsmanl\u0131\u011f\u0131na se\u00e7ilirken, Kent Diplomasisi ve Yerel Y\u00f6neti\u015fim Komitesi ile Toplumsal Cinsiyet E\u015fitli\u011fi Komitesi\u2019nin de e\u015f ba\u015fkanl\u0131\u011f\u0131na se\u00e7ildi.<\/p>\n<p>UCLG-MEWA Genel Sekreteri Mehmet Duman\u2019\u0131n tebrik ziyaretinde bulundu\u011fu Ba\u015fkan Yava\u015f\u2019a, hem te\u015fkilat hakk\u0131nda hem de yeni d\u00f6nemde planlanan \u00e7al\u0131\u015fmalar hakk\u0131nda g\u00f6r\u00fc\u015f al\u0131\u015fveri\u015finde bulundu.<\/p>\n<p>\u00dc\u00e7 y\u0131l boyunca ombudsmanl\u0131k g\u00f6revini y\u00fcr\u00fcterek s\u00f6z sahibi olacak Ankara B\u00fcy\u00fck\u015fehir Belediyesi, yeni projeler geli\u015ftirerek, MEWA B\u00f6lgesi\u2019nde kad\u0131nlar\u0131n \u00fcretime ve karar alma s\u00fcre\u00e7lerine kat\u0131lmas\u0131 ve e\u011fitim d\u00fczeylerinin art\u0131r\u0131lmas\u0131na y\u00f6nelik e\u011fitim programlar\u0131n\u0131 yayg\u0131nla\u015ft\u0131rma \u00e7al\u0131\u015fmalar\u0131na a\u011f\u0131rl\u0131k verecek.<\/p>\n","protected":false},"excerpt":{"rendered":"<p>ANKARA B\u00dcY\u00dcK\u015eEH\u0130R BELED\u0130YES\u0130, BA\u015eKENT ANKARA\u2019NIN KADINLAR \u0130\u00c7\u0130N AYRICALIKLI B\u0130R KENT OLMASI YOLUNDA ADIM ADIM \u0130LERL\u0130YOR.<\/p>\n","protected":false},"author":1,"featured_media":193713,"comment_status":"closed","ping_status":"open","sticky":false,"template":"","format":"standard","meta":{"jetpack_post_was_ever_published":false,"_jetpack_newsletter_access":"","_jetpack_dont_email_post_to_subs":false,"_jetpack_newsletter_tier_id":0,"_jetpack_memberships_contains_paywalled_content":false,"_jetpack_memberships_contains_paid_content":false,"footnotes":"","jetpack_publicize_message":"","jetpack_publicize_feature_enabled":true,"jetpack_social_post_already_shared":true,"jetpack_social_options":{"image_generator_settings":{"template":"highway","default_image_id":0,"font":"","enabled":false},"version":2}},"categories":[1],"tags":[191,2637,108],"class_list":["post-193712","post","type-post","status-publish","format-standard","has-post-thumbnail","hentry","category-genel","tag-buyuksehir","tag-dostu","tag-kadin"],"jetpack_publicize_connections":[],"jetpack_featured_media_url":"https:\/\/i0.wp.com\/www.tvturk.com\/wp-content\/uploads\/2019\/08\/kadin-dostu-buyuksehir_28ac89c.jpg?fit=1000%2C590","jetpack_sharing_enabled":true,"jetpack_shortlink":"https:\/\/wp.me\/paKIfm-Ooo","_links":{"self":[{"href":"http:\/\/www.tvturk.com\/index.php\/wp-json\/wp\/v2\/posts\/193712","targetHints":{"allow":["GET"]}}],"collection":[{"href":"http:\/\/www.tvturk.com\/index.php\/wp-json\/wp\/v2\/posts"}],"about":[{"href":"http:\/\/www.tvturk.com\/index.php\/wp-json\/wp\/v2\/types\/post"}],"author":[{"embeddable":true,"href":"http:\/\/www.tvturk.com\/index.php\/wp-json\/wp\/v2\/users\/1"}],"replies":[{"embeddable":true,"href":"http:\/\/www.tvturk.com\/index.php\/wp-json\/wp\/v2\/comments?post=193712"}],"version-history":[{"count":0,"href":"http:\/\/www.tvturk.com\/index.php\/wp-json\/wp\/v2\/posts\/193712\/revisions"}],"wp:featuredmedia":[{"embeddable":true,"href":"http:\/\/www.tvturk.com\/index.php\/wp-json\/wp\/v2\/media\/193713"}],"wp:attachment":[{"href":"http:\/\/www.tvturk.com\/index.php\/wp-json\/wp\/v2\/media?parent=193712"}],"wp:term":[{"taxonomy":"category","embeddable":true,"href":"http:\/\/www.tvturk.com\/index.php\/wp-json\/wp\/v2\/categories?post=193712"},{"taxonomy":"post_tag","embeddable":true,"href":"http:\/\/www.tvturk.com\/index.php\/wp-json\/wp\/v2\/tags?post=193712"}],"curies":[{"name":"wp","href":"https:\/\/api.w.org\/{rel}","templated":true}]}}