{"id":193740,"date":"2019-08-20T12:16:59","date_gmt":"2019-08-20T09:16:59","guid":{"rendered":"http:\/\/www.tvturk.com\/index.php\/gelisme-cagindaki-her-4-cocuktan-birinde-gorme-bozuklugu-yasaniyor\/"},"modified":"2019-08-20T12:16:59","modified_gmt":"2019-08-20T09:16:59","slug":"gelisme-cagindaki-her-4-cocuktan-birinde-gorme-bozuklugu-yasaniyor","status":"publish","type":"post","link":"http:\/\/www.tvturk.com\/index.php\/gelisme-cagindaki-her-4-cocuktan-birinde-gorme-bozuklugu-yasaniyor\/","title":{"rendered":"&#8220;Geli\u015fme \u00e7a\u011f\u0131ndaki her 4 \u00e7ocuktan birinde g\u00f6rme bozuklu\u011fu ya\u015fan\u0131yor&#8221;"},"content":{"rendered":"<p>\u00c7ocuklarda s\u0131k kar\u015f\u0131la\u015f\u0131lan sa\u011fl\u0131k sorunlar\u0131ndan birinin de g\u00f6rme bozuklu\u011fu oldu\u011funu belirten Op. Dr. Bilgehan Sezgin Asena, istatistiklere g\u00f6re geli\u015fme \u00e7a\u011f\u0131ndaki her 4 \u00e7ocuktan birinde g\u00f6rme bozuklu\u011fu ya\u015fand\u0131\u011f\u0131 ifade ederek, g\u00f6z bozuklu\u011fu olan \u00e7ocuklar\u0131n sosyal ve bedensel geli\u015fimlerinin olumsuz etkilenebilece\u011fini s\u00f6yledi.<\/p>\n<p>Op. Dr. Bilgehan Sezgin Asena, \u00e7ocuklarda g\u00f6z sa\u011fl\u0131\u011f\u0131na dikkat \u00e7ekti. Problemin \u00f6nlenmesi i\u00e7in d\u00fczenli g\u00f6z sa\u011fl\u0131\u011f\u0131na \u00f6zen g\u00f6sterilmesi gerekti\u011fini ifade eden Asena, g\u00f6z bozuklu\u011fu olan \u00e7ocuklar\u0131n sosyal ve bedensel geli\u015fimlerinin olumsuz etkilenebilece\u011fini s\u00f6yledi.<\/p>\n<p>3 ya\u015f\u0131na kadar en az bir kez olmak \u00fczere; sonraki ya\u015flarda da 2 y\u0131lda bir g\u00f6z muayenesi yapt\u0131r\u0131lmas\u0131 gerekti\u011fini anlatan Asena, okula ba\u015flamadan \u00f6nce de \u00e7ocuklarda g\u00f6z muayenesinin mutlaka tekrarlanmas\u0131 gerekti\u011fini ifade etti.<\/p>\n<p>Ka\u015fkalo\u011flu G\u00f6z Hastanesi Ba\u015fhekimi Op. Dr. Bilgehan Sezgin Asena, &#8220;Okul \u00f6ncesi \u00e7ocuklarda d\u00fczenli yap\u0131lan g\u00f6z muayeneleri erken tan\u0131 a\u00e7\u0131s\u0131ndan b\u00fcy\u00fck \u00f6nem ta\u015f\u0131yor. Aileler, bu konuda dikkatli davranmal\u0131. G\u00f6z sa\u011fl\u0131\u011f\u0131, \u00e7ocu\u011fun bedensel geli\u015fiminin yan\u0131 s\u0131ra; e\u011fitim hayat\u0131 a\u00e7\u0131s\u0131ndan da b\u00fcy\u00fck \u00f6nem ta\u015f\u0131yor; \u00e7\u00fcnk\u00fc \u00f6\u011frenmenin y\u00fczde 80\u2019i g\u00f6rme duyusuyla sa\u011flan\u0131yor. \u00d6zellikle g\u00f6z tembelli\u011finin okul \u00f6ncesinde belirlenmesi gerekiyor. Bazen \u00e7ocuklardaki g\u00f6z sorunlar\u0131 okulda \u00f6\u011fretmenlerinin dikkatiyle ortaya \u00e7\u0131k\u0131yor ve o sayede muayeneye geliniyor. Halbuki, g\u00f6z tembelli\u011fi 8-9 ya\u015f\u0131ndan sonra giderilemeyen bir bozukluktur. Bu a\u00e7\u0131dan d\u00fczenli g\u00f6z muayenesi ve erken tan\u0131 \u00f6nem ta\u015f\u0131yor&#8221; diye konu\u015ftu.<\/p>\n<p>Erken tan\u0131 \u00f6nemli<\/p>\n<p>Erken belirlendi\u011fi takdirde g\u00f6z tembelli\u011fi tedavisinin m\u00fcmk\u00fcn oldu\u011funu belirten Op. Dr. Bilgehan Sezgin Asena, okul \u00f6ncesindeki \u00e7ocuklar\u0131n ailelerine b\u00fcy\u00fck g\u00f6rev d\u00fc\u015ft\u00fc\u011f\u00fcn\u00fc kaydetti.<\/p>\n<p>G\u00f6z kaymas\u0131 ve \u015fa\u015f\u0131l\u0131k gibi problemlerin ailelerce fark edilebildi\u011fini fakat k\u0131rma kusuru diye tabir edilen sorunlar\u0131n ancak muayenede anla\u015f\u0131labildi\u011fini dile getiren Asena, &#8220;G\u00f6rme bozuklu\u011fu ya\u015fayan \u00e7ocuklar kendi g\u00f6rme d\u00fczeylerinin normal oldu\u011funu d\u00fc\u015f\u00fcn\u00fcyor. Bir de hen\u00fcz konu\u015famayan k\u00fc\u00e7\u00fck \u00e7ocuklarda \u00e7ocu\u011fun kendini ifade edememesi nedeniyle fark edilebilecek kadar belirgin g\u00f6z problemlerinin bile te\u015fhisi ge\u00e7 d\u00f6neme kalabiliyor. Bu noktada ailelere b\u00fcy\u00fck g\u00f6rev d\u00fc\u015f\u00fcyor. Konu\u015fma d\u00f6nemi \u00f6ncesindeki \u00e7ocuklarda, \u00f6zel muayene y\u00f6ntemleri kullan\u0131larak, \u00e7ocukta bir g\u00f6z kusuru olup olmad\u0131\u011f\u0131n\u0131 anlayabiliyoruz&#8221; diye konu\u015ftu.<\/p>\n<p>G\u00f6z problemi olmayan \u00e7ocuklar\u0131n 2 y\u0131lda bir, g\u00f6zl\u00fck kullanan \u00e7ocuklar\u0131n ise 6 ayda bir mutlaka g\u00f6z muayenesi yapt\u0131rmas\u0131n\u0131n \u00f6nem ta\u015f\u0131d\u0131\u011f\u0131n\u0131n alt\u0131n\u0131 \u00e7izen Op. Dr. Bilgehan Sezgin Asena, g\u00f6z rahats\u0131zl\u0131klar\u0131 olan ailelerin bu konuda daha dikkatli olmas\u0131 gerekti\u011fini s\u00f6zlerine ekledi.<\/p>\n","protected":false},"excerpt":{"rendered":"<p>\u00c7OCUKLARDA SIK KAR\u015eILA\u015eILAN SA\u011eLIK SORUNLARINDAN B\u0130R\u0130N\u0130N DE G\u00d6RME BOZUKLU\u011eU OLDU\u011eUNU BEL\u0130RTEN OP. DR. B\u0130LGEHAN SEZG\u0130N ASENA, \u0130STAT\u0130ST\u0130KLERE G\u00d6RE GEL\u0130\u015eME \u00c7A\u011eINDAK\u0130 HER 4 \u00c7OCUKTAN B\u0130R\u0130NDE G\u00d6RME BOZUKLU\u011eU YA\u015eANDI\u011eI \u0130FADE EDEREK, G\u00d6Z BOZUKLU\u011eU OLAN \u00c7OCUKLARIN SOSYAL VE BEDENSEL GEL\u0130\u015e\u0130MLER\u0130N\u0130N OLUMSUZ ETK\u0130LENEB\u0130LECE\u011e\u0130N\u0130 S\u00d6YLED\u0130.<\/p>\n","protected":false},"author":1,"featured_media":193741,"comment_status":"closed","ping_status":"open","sticky":false,"template":"","format":"standard","meta":{"jetpack_post_was_ever_published":false,"_jetpack_newsletter_access":"","_jetpack_dont_email_post_to_subs":false,"_jetpack_newsletter_tier_id":0,"_jetpack_memberships_contains_paywalled_content":false,"_jetpack_memberships_contains_paid_content":false,"footnotes":"","jetpack_publicize_message":"","jetpack_publicize_feature_enabled":true,"jetpack_social_post_already_shared":true,"jetpack_social_options":{"image_generator_settings":{"template":"highway","default_image_id":0,"font":"","enabled":false},"version":2}},"categories":[1],"tags":[7139,12680,30360,21199,5085,8240,73,184],"class_list":["post-193740","post","type-post","status-publish","format-standard","has-post-thumbnail","hentry","category-genel","tag-birinde","tag-bozuklugu","tag-cagindaki","tag-cocuktan","tag-gelisme","tag-gorme","tag-her","tag-yasaniyor"],"jetpack_publicize_connections":[],"jetpack_featured_media_url":"https:\/\/i0.wp.com\/www.tvturk.com\/wp-content\/uploads\/2019\/08\/gelisme-cagindaki-her-4-cocuktan-birinde-gorme-bozuklugu-yasaniyor_20ee66a.jpg?fit=791%2C1000","jetpack_sharing_enabled":true,"jetpack_shortlink":"https:\/\/wp.me\/paKIfm-OoQ","_links":{"self":[{"href":"http:\/\/www.tvturk.com\/index.php\/wp-json\/wp\/v2\/posts\/193740","targetHints":{"allow":["GET"]}}],"collection":[{"href":"http:\/\/www.tvturk.com\/index.php\/wp-json\/wp\/v2\/posts"}],"about":[{"href":"http:\/\/www.tvturk.com\/index.php\/wp-json\/wp\/v2\/types\/post"}],"author":[{"embeddable":true,"href":"http:\/\/www.tvturk.com\/index.php\/wp-json\/wp\/v2\/users\/1"}],"replies":[{"embeddable":true,"href":"http:\/\/www.tvturk.com\/index.php\/wp-json\/wp\/v2\/comments?post=193740"}],"version-history":[{"count":0,"href":"http:\/\/www.tvturk.com\/index.php\/wp-json\/wp\/v2\/posts\/193740\/revisions"}],"wp:featuredmedia":[{"embeddable":true,"href":"http:\/\/www.tvturk.com\/index.php\/wp-json\/wp\/v2\/media\/193741"}],"wp:attachment":[{"href":"http:\/\/www.tvturk.com\/index.php\/wp-json\/wp\/v2\/media?parent=193740"}],"wp:term":[{"taxonomy":"category","embeddable":true,"href":"http:\/\/www.tvturk.com\/index.php\/wp-json\/wp\/v2\/categories?post=193740"},{"taxonomy":"post_tag","embeddable":true,"href":"http:\/\/www.tvturk.com\/index.php\/wp-json\/wp\/v2\/tags?post=193740"}],"curies":[{"name":"wp","href":"https:\/\/api.w.org\/{rel}","templated":true}]}}