{"id":193742,"date":"2019-08-20T12:17:14","date_gmt":"2019-08-20T09:17:14","guid":{"rendered":"http:\/\/www.tvturk.com\/index.php\/denizlispor-antalyaspor-maci-hazirliklarina-basladi\/"},"modified":"2019-08-20T12:17:14","modified_gmt":"2019-08-20T09:17:14","slug":"denizlispor-antalyaspor-maci-hazirliklarina-basladi","status":"publish","type":"post","link":"http:\/\/www.tvturk.com\/index.php\/denizlispor-antalyaspor-maci-hazirliklarina-basladi\/","title":{"rendered":"Denizlispor, Antalyaspor ma\u00e7\u0131 haz\u0131rl\u0131klar\u0131na ba\u015flad\u0131"},"content":{"rendered":"<p>S\u00fcper Lig\u2019de bu hafta sonu Antalyaspor\u2019un konu\u011fu olacak olan Yukatel Denizlispor kar\u015f\u0131la\u015fman\u0131n haz\u0131rl\u0131klar\u0131na ba\u015flad\u0131.<\/p>\n<p>Ye\u015fil-siyahl\u0131 ekip S\u00fcper Lig\u2019in 2. haftas\u0131nda deplasmanda Antalyaspor ile kar\u015f\u0131 kar\u015f\u0131ya gelecek. Horoz kar\u015f\u0131la\u015fma \u00f6ncesi ilk antrenman\u0131n\u0131 Haluk Ulusoy Tesisleri\u2019nde yapt\u0131. Teknik Direkt\u00f6r Y\u00fccel \u0130ldiz g\u00f6zetimindeki tak\u0131m teknik ve kondisyon a\u011f\u0131rl\u0131kl\u0131 \u00e7al\u0131\u015ft\u0131.<\/p>\n<p>Denizlispor, ligin ilk haftas\u0131nda ge\u00e7ti\u011fimiz sezonun \u015fampiyonu Galatasaray\u2019\u0131 2-0 ma\u011flup etmi\u015fti.<\/p>\n","protected":false},"excerpt":{"rendered":"<p>S\u00dcPER L\u0130G\u2019DE BU HAFTA SONU ANTALYASPOR\u2019UN KONU\u011eU OLACAK OLAN YUKATEL DEN\u0130ZL\u0130SPOR KAR\u015eILA\u015eMANIN HAZIRLIKLARINA BA\u015eLADI.<\/p>\n","protected":false},"author":1,"featured_media":193743,"comment_status":"closed","ping_status":"open","sticky":false,"template":"","format":"standard","meta":{"jetpack_post_was_ever_published":false,"_jetpack_newsletter_access":"","_jetpack_dont_email_post_to_subs":false,"_jetpack_newsletter_tier_id":0,"_jetpack_memberships_contains_paywalled_content":false,"_jetpack_memberships_contains_paid_content":false,"footnotes":"","jetpack_publicize_message":"","jetpack_publicize_feature_enabled":true,"jetpack_social_post_already_shared":true,"jetpack_social_options":{"image_generator_settings":{"template":"highway","default_image_id":0,"font":"","enabled":false},"version":2}},"categories":[657],"tags":[5058,55,6694,778,777],"class_list":["post-193742","post","type-post","status-publish","format-standard","has-post-thumbnail","hentry","category-spor","tag-antalyaspor","tag-basladi","tag-denizlispor","tag-hazirliklarina","tag-maci"],"jetpack_publicize_connections":[],"jetpack_featured_media_url":"https:\/\/i0.wp.com\/www.tvturk.com\/wp-content\/uploads\/2019\/08\/denizlispor-antalyaspor-maci-hazirliklarina-basladi_8a0055f.jpg?fit=1000%2C667","jetpack_sharing_enabled":true,"jetpack_shortlink":"https:\/\/wp.me\/paKIfm-OoS","_links":{"self":[{"href":"http:\/\/www.tvturk.com\/index.php\/wp-json\/wp\/v2\/posts\/193742","targetHints":{"allow":["GET"]}}],"collection":[{"href":"http:\/\/www.tvturk.com\/index.php\/wp-json\/wp\/v2\/posts"}],"about":[{"href":"http:\/\/www.tvturk.com\/index.php\/wp-json\/wp\/v2\/types\/post"}],"author":[{"embeddable":true,"href":"http:\/\/www.tvturk.com\/index.php\/wp-json\/wp\/v2\/users\/1"}],"replies":[{"embeddable":true,"href":"http:\/\/www.tvturk.com\/index.php\/wp-json\/wp\/v2\/comments?post=193742"}],"version-history":[{"count":0,"href":"http:\/\/www.tvturk.com\/index.php\/wp-json\/wp\/v2\/posts\/193742\/revisions"}],"wp:featuredmedia":[{"embeddable":true,"href":"http:\/\/www.tvturk.com\/index.php\/wp-json\/wp\/v2\/media\/193743"}],"wp:attachment":[{"href":"http:\/\/www.tvturk.com\/index.php\/wp-json\/wp\/v2\/media?parent=193742"}],"wp:term":[{"taxonomy":"category","embeddable":true,"href":"http:\/\/www.tvturk.com\/index.php\/wp-json\/wp\/v2\/categories?post=193742"},{"taxonomy":"post_tag","embeddable":true,"href":"http:\/\/www.tvturk.com\/index.php\/wp-json\/wp\/v2\/tags?post=193742"}],"curies":[{"name":"wp","href":"https:\/\/api.w.org\/{rel}","templated":true}]}}