{"id":193748,"date":"2019-08-20T12:31:58","date_gmt":"2019-08-20T09:31:58","guid":{"rendered":"http:\/\/www.tvturk.com\/index.php\/en-sevilen-fotograflar-cocuklarin-egitimine-katki-olacak\/"},"modified":"2019-08-20T12:31:58","modified_gmt":"2019-08-20T09:31:58","slug":"en-sevilen-fotograflar-cocuklarin-egitimine-katki-olacak","status":"publish","type":"post","link":"http:\/\/www.tvturk.com\/index.php\/en-sevilen-fotograflar-cocuklarin-egitimine-katki-olacak\/","title":{"rendered":"En sevilen foto\u011fraflar, \u00e7ocuklar\u0131n e\u011fitimine katk\u0131 olacak"},"content":{"rendered":"<p>Foto\u011fraf bask\u0131 k\u00fclt\u00fcr\u00fcn\u00fcn gelecek ku\u015faklara aktar\u0131lmas\u0131 i\u00e7in \u0130stanbul, Londra ve Paris\u2019te a\u00e7\u0131lacak sergide yer alan foto\u011fraflar, \u00e7ocuklar\u0131n e\u011fitimine de katk\u0131 olacak.<\/p>\n<p>\u201cEn b\u00fcy\u00fck foto\u011fraf sergisi\u201d olarak adland\u0131r\u0131lan PrintLife\u2019\u0131n \u0130stanbul aya\u011f\u0131, 4-13 Ekim tarihleri aras\u0131nda 2 bin adet foto\u011fraf\u0131n sergilenmesiyle ger\u00e7ekle\u015ftirilecek.<\/p>\n<p>Fujifilm T\u00fcrkiye taraf\u0131ndan d\u00fczenlenen sergide yer alan foto\u011fraflar\u0131n sergilenen her bir karesi i\u00e7in \u00e7ocuklar\u0131n e\u011fitimine katk\u0131da bulunulacak. Ayr\u0131ca, sergilenen foto\u011fraf\u0131n y\u00fcksek kaliteli bir bask\u0131s\u0131na da \u00fccretsiz olarak sahip olunabilecek.<\/p>\n<p>\u201cHer foto\u011fraf bas\u0131lmaya de\u011ferdir\u201d prensibiyle hareket eden PrintLife\u2019ta herhangi bir tema bulunmuyor. Foto\u011fraf\u0131n se\u00e7ici kurul taraf\u0131ndan de\u011ferlendirilmesi ve etik olarak payla\u015f\u0131lmaya de\u011fer bulunmas\u0131 yeterli.<\/p>\n","protected":false},"excerpt":{"rendered":"<p>FOTO\u011eRAF BASKI K\u00dcLT\u00dcR\u00dcN\u00dcN GELECEK KU\u015eAKLARA AKTARILMASI \u0130\u00c7\u0130N \u0130STANBUL, LONDRA VE PAR\u0130S\u2019TE A\u00c7ILACAK SERG\u0130DE YER ALAN FOTO\u011eRAFLAR, \u00c7OCUKLARIN E\u011e\u0130T\u0130M\u0130NE DE KATKI OLACAK.<\/p>\n","protected":false},"author":1,"featured_media":193749,"comment_status":"closed","ping_status":"open","sticky":false,"template":"","format":"standard","meta":{"jetpack_post_was_ever_published":false,"_jetpack_newsletter_access":"","_jetpack_dont_email_post_to_subs":false,"_jetpack_newsletter_tier_id":0,"_jetpack_memberships_contains_paywalled_content":false,"_jetpack_memberships_contains_paid_content":false,"footnotes":"","jetpack_publicize_message":"","jetpack_publicize_feature_enabled":true,"jetpack_social_post_already_shared":true,"jetpack_social_options":{"image_generator_settings":{"template":"highway","default_image_id":0,"font":"","enabled":false},"version":2}},"categories":[1],"tags":[4136,6207,44659,7053,1189,6060],"class_list":["post-193748","post","type-post","status-publish","format-standard","has-post-thumbnail","hentry","category-genel","tag-cocuklarin","tag-egitimine","tag-fotograflar","tag-katki","tag-olacak","tag-sevilen"],"jetpack_publicize_connections":[],"jetpack_featured_media_url":"https:\/\/i0.wp.com\/www.tvturk.com\/wp-content\/uploads\/2019\/08\/en-sevilen-fotograflar-cocuklarin-egitimine-katki-olacak_b220302.jpg?fit=1000%2C665","jetpack_sharing_enabled":true,"jetpack_shortlink":"https:\/\/wp.me\/paKIfm-OoY","_links":{"self":[{"href":"http:\/\/www.tvturk.com\/index.php\/wp-json\/wp\/v2\/posts\/193748","targetHints":{"allow":["GET"]}}],"collection":[{"href":"http:\/\/www.tvturk.com\/index.php\/wp-json\/wp\/v2\/posts"}],"about":[{"href":"http:\/\/www.tvturk.com\/index.php\/wp-json\/wp\/v2\/types\/post"}],"author":[{"embeddable":true,"href":"http:\/\/www.tvturk.com\/index.php\/wp-json\/wp\/v2\/users\/1"}],"replies":[{"embeddable":true,"href":"http:\/\/www.tvturk.com\/index.php\/wp-json\/wp\/v2\/comments?post=193748"}],"version-history":[{"count":0,"href":"http:\/\/www.tvturk.com\/index.php\/wp-json\/wp\/v2\/posts\/193748\/revisions"}],"wp:featuredmedia":[{"embeddable":true,"href":"http:\/\/www.tvturk.com\/index.php\/wp-json\/wp\/v2\/media\/193749"}],"wp:attachment":[{"href":"http:\/\/www.tvturk.com\/index.php\/wp-json\/wp\/v2\/media?parent=193748"}],"wp:term":[{"taxonomy":"category","embeddable":true,"href":"http:\/\/www.tvturk.com\/index.php\/wp-json\/wp\/v2\/categories?post=193748"},{"taxonomy":"post_tag","embeddable":true,"href":"http:\/\/www.tvturk.com\/index.php\/wp-json\/wp\/v2\/tags?post=193748"}],"curies":[{"name":"wp","href":"https:\/\/api.w.org\/{rel}","templated":true}]}}