{"id":193780,"date":"2019-08-20T13:17:32","date_gmt":"2019-08-20T10:17:32","guid":{"rendered":"http:\/\/www.tvturk.com\/index.php\/egzamayla-22-yildir-mucadele-kadin-hastaligi-antalyada-yendi\/"},"modified":"2019-08-20T13:17:32","modified_gmt":"2019-08-20T10:17:32","slug":"egzamayla-22-yildir-mucadele-kadin-hastaligi-antalyada-yendi","status":"publish","type":"post","link":"http:\/\/www.tvturk.com\/index.php\/egzamayla-22-yildir-mucadele-kadin-hastaligi-antalyada-yendi\/","title":{"rendered":"Egzamayla 22 y\u0131ld\u0131r m\u00fccadele kad\u0131n, hastal\u0131\u011f\u0131 Antalya\u2019da yendi"},"content":{"rendered":"<p>Yakla\u015f\u0131k 22 y\u0131ld\u0131r egzama hastal\u0131\u011f\u0131yla m\u00fccadele eden ve bir\u00e7ok tedaviye ra\u011fmen sonu\u00e7 elde edemeyen 43 ya\u015f\u0131ndaki kad\u0131n, son olarak geldi\u011fi Antalya\u2019n\u0131n Alanya il\u00e7esinde akupunktur ve ozon gibi tedavilerle iyile\u015ferek eski sa\u011fl\u0131\u011f\u0131na kavu\u015ftu.<\/p>\n<p>\u0130stanbul\u2019da ya\u015fayan 43 ya\u015f\u0131ndaki Devrim Gedikli, yakla\u015f\u0131k 22 y\u0131ld\u0131r egzama (deri hastal\u0131\u011f\u0131) hastal\u0131\u011f\u0131 nedeniyle \u00e7e\u015fitli hastanelere giderek \u015fifa arad\u0131. Bir\u00e7ok tedaviye ra\u011fmen egzaman\u0131n y\u00fcz ve boyun b\u00f6lgesindeki art\u0131\u015f\u0131ndan endi\u015felenen Gedikli, internetten ara\u015ft\u0131rmalar yapt\u0131. Ara\u015ft\u0131rmalar\u0131n ard\u0131ndan Gedikli, Alanya\u2019da \u00f6zel bir sa\u011fl\u0131k merkezine geldi. Burada Dr. Recep \u00c7elik taraf\u0131ndan tedaviye al\u0131nan Gedikli\u2019ye akupunktur ve ozon gibi \u00e7e\u015fitli uygulamalar yap\u0131ld\u0131. Yakla\u015f\u0131k 7 ayd\u0131r tedavisi s\u00fcren Gedikli, sa\u011fl\u0131\u011f\u0131na kavu\u015ftu.<\/p>\n<p>\u201cGitti\u011fim doktorlar bu hastal\u0131kla ya\u015famam\u0131 s\u00f6yledi\u201d<\/p>\n<p>Yakla\u015f\u0131k 22 y\u0131ld\u0131r egzama hastal\u0131\u011f\u0131yla m\u00fccadele eden Gedikli, buraya tedavi i\u00e7in \u0130stanbul\u2019dan geldi\u011fini aktard\u0131. Son 1 y\u0131ld\u0131r egzama hastan\u0131n v\u00fccudunda a\u015f\u0131r\u0131 derecede art\u0131\u015f g\u00f6sterdi\u011fini s\u00f6yleyen Gedikli, &#8220;Egzama sadece y\u00fcz\u00fcmde varken boyumda ve ensemde olu\u015fmaya ba\u015flad\u0131. Gitti\u011fim doktorlar bu hastal\u0131kla ya\u015famam\u0131 s\u00f6yledi ama bence bir tedavisi var diye d\u00fc\u015f\u00fcnd\u00fcm. Recep beyi 2 y\u0131ld\u0131r internetten ara\u015ft\u0131r\u0131yordum. Tedavi etti\u011fi hastalarla bire bir g\u00f6r\u00fc\u015ft\u00fcm ve tavsiye ettiler. Bana diyetine uyarsan tedaviye ba\u015fla diye tavsiyede bulundular. Bende geldim 7 ayd\u0131r tedavi g\u00f6r\u00fcyorum. Sonu\u00e7 olarak 7 ayd\u0131r kortizon kullanm\u0131yorum. Baya bir yol katlettik. \u015euanda egzaman\u0131n y\u00fcze 75\u2019ini atlatt\u0131k. Y\u00fczde 25\u2019lik bir dilimi kald\u0131 ama 7 ayd\u0131r kortizon denen hi\u00e7bir ila\u00e7 kullanm\u0131yorum. \u00c7ok memnunum\u201d dedi.<\/p>\n<p>\u201c\u015euanda tamamen iyile\u015fti\u201d<\/p>\n<p>Devrim Gedikli\u2019nin muayene i\u00e7in kendilerine \u015fubat ay\u0131nda geldi\u011fini ifade eden Doktor Recep \u00c7elik ise, \u201dV\u00fccudunun belirli b\u00f6lgelerinde egzama rahats\u0131zl\u0131\u011f\u0131 vard\u0131. \u00d6zellikle y\u00fcz ve boyun b\u00f6lgesinde a\u015f\u0131r\u0131 derecedeydi. Kendi ifadesine g\u00f6re 22 y\u0131ld\u0131r egzamas\u0131 olan bir hasta \u00c7e\u015fitli yerlere gitmi\u015f tedavide sonu\u00e7 bulamay\u0131nca son olarak biz tedavisine ba\u015flad\u0131k. Tedavisi yakla\u015f\u0131k 7 ay s\u00fcrd\u00fc. Bu s\u00fcre\u00e7 i\u00e7inde zaman zaman iyi oldu zaman zaman da egzamas\u0131nda art\u0131\u015flar sapland\u0131. Egzama art\u0131\u015flar\u0131n\u0131n sebebi de kendi ya\u015fad\u0131\u011f\u0131 streslere ba\u011fl\u0131yd\u0131. Bir taraftan annesinin rahats\u0131z olu\u015fu di\u011fer taraftan ise baz\u0131 arkada\u015flar\u0131n\u0131n iyile\u015femeyece\u011fini s\u00f6ylemesiydi.  \u015euanda tamamen iyile\u015fti. Normal hayat\u0131na devam edecektir\u201d diye konu\u015ftu.<\/p>\n","protected":false},"excerpt":{"rendered":"<p>YAKLA\u015eIK 22 YILDIR EGZAMA HASTALI\u011eIYLA M\u00dcCADELE EDEN VE B\u0130R\u00c7OK TEDAV\u0130YE RA\u011eMEN SONU\u00c7 ELDE EDEMEYEN 43 YA\u015eINDAK\u0130 KADIN, SON OLARAK GELD\u0130\u011e\u0130 ANTALYA\u2019NIN ALANYA \u0130L\u00c7ES\u0130NDE AKUPUNKTUR VE OZON G\u0130B\u0130 TEDAV\u0130LERLE \u0130Y\u0130LE\u015eEREK ESK\u0130 SA\u011eLI\u011eINA KAVU\u015eTU.<\/p>\n","protected":false},"author":1,"featured_media":193781,"comment_status":"closed","ping_status":"open","sticky":false,"template":"","format":"standard","meta":{"jetpack_post_was_ever_published":false,"_jetpack_newsletter_access":"","_jetpack_dont_email_post_to_subs":false,"_jetpack_newsletter_tier_id":0,"_jetpack_memberships_contains_paywalled_content":false,"_jetpack_memberships_contains_paid_content":false,"footnotes":"","jetpack_publicize_message":"","jetpack_publicize_feature_enabled":true,"jetpack_social_post_already_shared":true,"jetpack_social_options":{"image_generator_settings":{"template":"highway","default_image_id":0,"font":"","enabled":false},"version":2}},"categories":[1],"tags":[1327,48546,13970,108,888,6693,1682],"class_list":["post-193780","post","type-post","status-publish","format-standard","has-post-thumbnail","hentry","category-genel","tag-antalyada","tag-egzamayla","tag-hastaligi","tag-kadin","tag-mucadele","tag-yendi","tag-yildir"],"jetpack_publicize_connections":[],"jetpack_featured_media_url":"https:\/\/i0.wp.com\/www.tvturk.com\/wp-content\/uploads\/2019\/08\/egzamayla-22-yildir-mucadele-kadin-hastaligi-antalyada-yendi_54b4f63.jpg?fit=1000%2C653","jetpack_sharing_enabled":true,"jetpack_shortlink":"https:\/\/wp.me\/paKIfm-Opu","_links":{"self":[{"href":"http:\/\/www.tvturk.com\/index.php\/wp-json\/wp\/v2\/posts\/193780","targetHints":{"allow":["GET"]}}],"collection":[{"href":"http:\/\/www.tvturk.com\/index.php\/wp-json\/wp\/v2\/posts"}],"about":[{"href":"http:\/\/www.tvturk.com\/index.php\/wp-json\/wp\/v2\/types\/post"}],"author":[{"embeddable":true,"href":"http:\/\/www.tvturk.com\/index.php\/wp-json\/wp\/v2\/users\/1"}],"replies":[{"embeddable":true,"href":"http:\/\/www.tvturk.com\/index.php\/wp-json\/wp\/v2\/comments?post=193780"}],"version-history":[{"count":0,"href":"http:\/\/www.tvturk.com\/index.php\/wp-json\/wp\/v2\/posts\/193780\/revisions"}],"wp:featuredmedia":[{"embeddable":true,"href":"http:\/\/www.tvturk.com\/index.php\/wp-json\/wp\/v2\/media\/193781"}],"wp:attachment":[{"href":"http:\/\/www.tvturk.com\/index.php\/wp-json\/wp\/v2\/media?parent=193780"}],"wp:term":[{"taxonomy":"category","embeddable":true,"href":"http:\/\/www.tvturk.com\/index.php\/wp-json\/wp\/v2\/categories?post=193780"},{"taxonomy":"post_tag","embeddable":true,"href":"http:\/\/www.tvturk.com\/index.php\/wp-json\/wp\/v2\/tags?post=193780"}],"curies":[{"name":"wp","href":"https:\/\/api.w.org\/{rel}","templated":true}]}}