{"id":193794,"date":"2019-08-20T13:32:05","date_gmt":"2019-08-20T10:32:05","guid":{"rendered":"http:\/\/www.tvturk.com\/index.php\/turkiyenin-en-ilginc-tarim-fuari-sivasta-acildi\/"},"modified":"2019-08-20T13:32:05","modified_gmt":"2019-08-20T10:32:05","slug":"turkiyenin-en-ilginc-tarim-fuari-sivasta-acildi","status":"publish","type":"post","link":"http:\/\/www.tvturk.com\/index.php\/turkiyenin-en-ilginc-tarim-fuari-sivasta-acildi\/","title":{"rendered":"T\u00fcrkiye\u2019nin en ilgin\u00e7 tar\u0131m fuar\u0131 Sivas\u2019ta a\u00e7\u0131ld\u0131"},"content":{"rendered":"<p>Sivas\u2019ta a\u00e7\u0131lan T\u00fcrkiye\u2019nin en ilgin\u00e7 tar\u0131m fuar\u0131nda, tar\u0131mda as\u0131rlar \u00f6nce kullan\u0131lan ara\u00e7 gere\u00e7ler ile g\u00fcn\u00fcm\u00fczde kullan\u0131lan ara\u00e7 gere\u00e7ler sergilendi.<\/p>\n<p>Sivas Kongresinin 100. Y\u0131l d\u00f6n\u00fcm\u00fc etkinlikleri kapsam\u0131nda, ge\u00e7mi\u015ften g\u00fcn\u00fcm\u00fcze tar\u0131mda kullan\u0131lan ara\u00e7 ve gere\u00e7ler sergilendi. Kongre M\u00fczesinde ger\u00e7ekle\u015fen ilgin\u00e7 serginin haz\u0131rl\u0131klar\u0131 geceden ba\u015flad\u0131. Sergi i\u00e7in tonlarca a\u011f\u0131rl\u0131ktaki dibek ta\u015flar\u0131 alana getirilerek vin\u00e7ler yard\u0131m\u0131 ile yerlerine yerle\u015ftirildi. Kent meydanlar\u0131nda g\u00f6rmeye al\u0131\u015f\u0131k olunmayan bi\u00e7erd\u00f6verler ve trakt\u00f6rler sergi alan\u0131nda yerini ald\u0131. Sergilenecek canl\u0131 hayvanlar i\u00e7in \u00e7itler olu\u015fturuldu.<\/p>\n<p>Serinin a\u00e7\u0131l\u0131\u015f\u0131 ise bug\u00fcn d\u00fczenlenen t\u00f6renle ger\u00e7ekle\u015fti. \u00c7ok say\u0131da ki\u015finin kat\u0131ld\u0131\u011f\u0131 t\u00f6rende konu\u015fan Sivas Valisi Salih Ayhan, 100. Y\u0131l kutlama etkinlikleri ile sadece insanlar\u0131 e\u011flendirmeyi de\u011fil, ge\u00e7mi\u015fi yad edip gelece\u011fe umutla bakmay\u0131 ama\u00e7lad\u0131klar\u0131n\u0131 dile getirdi. Ayhan, a\u00e7\u0131lan sergi ile tar\u0131mdaki 100 y\u0131ll\u0131k de\u011fi\u015fimin g\u00f6zler \u00f6n\u00fcne serildi\u011fini de s\u00f6zlerine ekledi.<\/p>\n<p>70  y\u0131ll\u0131k trakt\u00f6r \u00e7al\u0131\u015ft\u0131<\/p>\n<p>Sergide yer alan Muzaffer Topba\u015f\u2019a ait 70 y\u0131ll\u0131k trakt\u00f6r ziyaret\u00e7ilerin ilgisini \u00e7ekti. 1950 model olan trakt\u00f6r\u00fcn \u00e7al\u0131\u015fmas\u0131 ise \u015fa\u015fk\u0131nl\u0131\u011fa neden oldu. Topba\u015f, trakt\u00f6r\u00fcn 1950 model oldu\u011funu ve 35 y\u0131ld\u0131r kendisinde bulundu\u011funu belirterek bak\u0131mlar\u0131n\u0131 d\u00fczenli yapt\u0131\u011f\u0131n\u0131 belirti.<\/p>\n<p>Sergide bir as\u0131r \u00f6nce tar\u0131msa faaliyetlerde kullan\u0131lan ara\u00e7 ve gere\u00e7ler dikkat \u00e7ekti. Ziyaret\u00e7iler serginin kendilerini ge\u00e7mi\u015fe g\u00f6t\u00fcrd\u00fc\u011f\u00fcn\u00fc belirtip, te\u015fekk\u00fcr ettiler.  Sergide en \u00e7ok ilgisi ise buca\u011f\u0131lar ve di\u011fer tar\u0131m hayvanlar\u0131 g\u00f6rd\u00fc.<\/p>\n","protected":false},"excerpt":{"rendered":"<p>S\u0130VAS\u2019TA A\u00c7ILAN T\u00dcRK\u0130YE\u2019N\u0130N EN \u0130LG\u0130N\u00c7 TARIM FUARINDA, TARIMDA ASIRLAR \u00d6NCE KULLANILAN ARA\u00c7 GERE\u00c7LER \u0130LE G\u00dcN\u00dcM\u00dcZDE KULLANILAN ARA\u00c7 GERE\u00c7LER SERG\u0130LEND\u0130.<\/p>\n","protected":false},"author":1,"featured_media":193795,"comment_status":"closed","ping_status":"open","sticky":false,"template":"","format":"standard","meta":{"jetpack_post_was_ever_published":false,"_jetpack_newsletter_access":"","_jetpack_dont_email_post_to_subs":false,"_jetpack_newsletter_tier_id":0,"_jetpack_memberships_contains_paywalled_content":false,"_jetpack_memberships_contains_paid_content":false,"footnotes":"","jetpack_publicize_message":"","jetpack_publicize_feature_enabled":true,"jetpack_social_post_already_shared":true,"jetpack_social_options":{"image_generator_settings":{"template":"highway","default_image_id":0,"font":"","enabled":false},"version":2}},"categories":[1],"tags":[288,2924,585,3765,2403,177],"class_list":["post-193794","post","type-post","status-publish","format-standard","has-post-thumbnail","hentry","category-genel","tag-acildi","tag-fuari","tag-ilginc","tag-sivasta","tag-tarim","tag-turkiyenin"],"jetpack_publicize_connections":[],"jetpack_featured_media_url":"https:\/\/i0.wp.com\/www.tvturk.com\/wp-content\/uploads\/2019\/08\/turkiyenin-en-ilginc-tarim-fuari-sivasta-acildi_611d6eb.jpg?fit=1000%2C666","jetpack_sharing_enabled":true,"jetpack_shortlink":"https:\/\/wp.me\/paKIfm-OpI","_links":{"self":[{"href":"http:\/\/www.tvturk.com\/index.php\/wp-json\/wp\/v2\/posts\/193794","targetHints":{"allow":["GET"]}}],"collection":[{"href":"http:\/\/www.tvturk.com\/index.php\/wp-json\/wp\/v2\/posts"}],"about":[{"href":"http:\/\/www.tvturk.com\/index.php\/wp-json\/wp\/v2\/types\/post"}],"author":[{"embeddable":true,"href":"http:\/\/www.tvturk.com\/index.php\/wp-json\/wp\/v2\/users\/1"}],"replies":[{"embeddable":true,"href":"http:\/\/www.tvturk.com\/index.php\/wp-json\/wp\/v2\/comments?post=193794"}],"version-history":[{"count":0,"href":"http:\/\/www.tvturk.com\/index.php\/wp-json\/wp\/v2\/posts\/193794\/revisions"}],"wp:featuredmedia":[{"embeddable":true,"href":"http:\/\/www.tvturk.com\/index.php\/wp-json\/wp\/v2\/media\/193795"}],"wp:attachment":[{"href":"http:\/\/www.tvturk.com\/index.php\/wp-json\/wp\/v2\/media?parent=193794"}],"wp:term":[{"taxonomy":"category","embeddable":true,"href":"http:\/\/www.tvturk.com\/index.php\/wp-json\/wp\/v2\/categories?post=193794"},{"taxonomy":"post_tag","embeddable":true,"href":"http:\/\/www.tvturk.com\/index.php\/wp-json\/wp\/v2\/tags?post=193794"}],"curies":[{"name":"wp","href":"https:\/\/api.w.org\/{rel}","templated":true}]}}