{"id":193800,"date":"2019-08-20T13:33:19","date_gmt":"2019-08-20T10:33:19","guid":{"rendered":"http:\/\/www.tvturk.com\/index.php\/eskisehirsporda-istifa-eden-osman-tas-yeniden-baskan-oldu\/"},"modified":"2019-08-20T13:33:19","modified_gmt":"2019-08-20T10:33:19","slug":"eskisehirsporda-istifa-eden-osman-tas-yeniden-baskan-oldu","status":"publish","type":"post","link":"http:\/\/www.tvturk.com\/index.php\/eskisehirsporda-istifa-eden-osman-tas-yeniden-baskan-oldu\/","title":{"rendered":"Eski\u015fehirspor\u2019da istifa eden Osman Ta\u015f yeniden ba\u015fkan oldu"},"content":{"rendered":"<p>TFF 1. Lig ekiplerinden Eski\u015fehirspor\u2019da ge\u00e7ti\u011fimiz g\u00fcnlerde kul\u00fcp ba\u015fkanl\u0131\u011f\u0131ndan istifa etti\u011fini a\u00e7\u0131klayan Osman Ta\u015f g\u00f6revine geri d\u00f6nd\u00fc.<\/p>\n<p>Eski\u015fehirspor\u2019da g\u00fcnlerdir bo\u015f duran ba\u015fkanl\u0131k koltu\u011funa Osman Ta\u015f tekrar oturdu. Bas\u0131n mensuplar\u0131na a\u00e7\u0131klamalarda bulunan Ta\u015f, iyi g\u00fcn dostu olmad\u0131\u011f\u0131n\u0131 belirterek siyah &#8211; k\u0131rm\u0131z\u0131l\u0131 camiaya geri d\u00f6nd\u00fc\u011f\u00fcn\u00fc ifade etti. Ba\u015fkan Ta\u015f, &#8220;Bundan 2 hafta \u00f6nce ayr\u0131lma s\u00fcrem vard\u0131. Ben iyi g\u00fcn dostu de\u011filim. Zoru seven bir insan\u0131m ve kesinlikle buraya 1-2 ay kendimi marka yapmaya gelmedim. O y\u00fczden Eski\u015fehirsporlu oldu\u011fum i\u00e7in geri geliyorum. Ben g\u00f6z g\u00f6re g\u00f6re Eski\u015fehirspor\u2019un k\u00fcme d\u00fc\u015fmesini istemiyorum. \u0130stifa karar defterine i\u015flenmedi. \u0130nsanlar Eski\u015fehirspor\u2019un belli bir yere varmamas\u0131 i\u00e7in elinden gelen her \u015feyi yap\u0131yor. B\u0131rakal\u0131m art\u0131k dedikodular\u0131. Eski\u015fehirspor yok oluyor&#8221; diye konu\u015ftu.<\/p>\n","protected":false},"excerpt":{"rendered":"<p>TFF 1. L\u0130G EK\u0130PLER\u0130NDEN ESK\u0130\u015eEH\u0130RSPOR\u2019DA GE\u00c7T\u0130\u011e\u0130M\u0130Z G\u00dcNLERDE KUL\u00dcP BA\u015eKANLI\u011eINDAN \u0130ST\u0130FA EDEN OSMAN TA\u015e G\u00d6REV\u0130NE GER\u0130 D\u00d6ND\u00dc.<\/p>\n","protected":false},"author":1,"featured_media":193801,"comment_status":"closed","ping_status":"open","sticky":false,"template":"","format":"standard","meta":{"jetpack_post_was_ever_published":false,"_jetpack_newsletter_access":"","_jetpack_dont_email_post_to_subs":false,"_jetpack_newsletter_tier_id":0,"_jetpack_memberships_contains_paywalled_content":false,"_jetpack_memberships_contains_paid_content":false,"footnotes":"","jetpack_publicize_message":"","jetpack_publicize_feature_enabled":true,"jetpack_social_post_already_shared":true,"jetpack_social_options":{"image_generator_settings":{"template":"highway","default_image_id":0,"font":"","enabled":false},"version":2}},"categories":[657],"tags":[100,2393,2066,31,77,3356,5641,720],"class_list":["post-193800","post","type-post","status-publish","format-standard","has-post-thumbnail","hentry","category-spor","tag-baskan","tag-eden","tag-eskisehirsporda","tag-istifa","tag-oldu","tag-osman","tag-tas","tag-yeniden"],"jetpack_publicize_connections":[],"jetpack_featured_media_url":"https:\/\/i0.wp.com\/www.tvturk.com\/wp-content\/uploads\/2019\/08\/eskisehirsporda-istifa-eden-osman-tas-yeniden-baskan-oldu_34a7f98.jpg?fit=1000%2C666","jetpack_sharing_enabled":true,"jetpack_shortlink":"https:\/\/wp.me\/paKIfm-OpO","_links":{"self":[{"href":"http:\/\/www.tvturk.com\/index.php\/wp-json\/wp\/v2\/posts\/193800","targetHints":{"allow":["GET"]}}],"collection":[{"href":"http:\/\/www.tvturk.com\/index.php\/wp-json\/wp\/v2\/posts"}],"about":[{"href":"http:\/\/www.tvturk.com\/index.php\/wp-json\/wp\/v2\/types\/post"}],"author":[{"embeddable":true,"href":"http:\/\/www.tvturk.com\/index.php\/wp-json\/wp\/v2\/users\/1"}],"replies":[{"embeddable":true,"href":"http:\/\/www.tvturk.com\/index.php\/wp-json\/wp\/v2\/comments?post=193800"}],"version-history":[{"count":0,"href":"http:\/\/www.tvturk.com\/index.php\/wp-json\/wp\/v2\/posts\/193800\/revisions"}],"wp:featuredmedia":[{"embeddable":true,"href":"http:\/\/www.tvturk.com\/index.php\/wp-json\/wp\/v2\/media\/193801"}],"wp:attachment":[{"href":"http:\/\/www.tvturk.com\/index.php\/wp-json\/wp\/v2\/media?parent=193800"}],"wp:term":[{"taxonomy":"category","embeddable":true,"href":"http:\/\/www.tvturk.com\/index.php\/wp-json\/wp\/v2\/categories?post=193800"},{"taxonomy":"post_tag","embeddable":true,"href":"http:\/\/www.tvturk.com\/index.php\/wp-json\/wp\/v2\/tags?post=193800"}],"curies":[{"name":"wp","href":"https:\/\/api.w.org\/{rel}","templated":true}]}}