{"id":193814,"date":"2019-08-20T14:16:27","date_gmt":"2019-08-20T11:16:27","guid":{"rendered":"http:\/\/www.tvturk.com\/index.php\/vali-guzeloglu-seffaf-acik-hesap-veren-belediyeciligi-tum-vatandaslarima-taahhut-ediyorum\/"},"modified":"2019-08-20T14:16:27","modified_gmt":"2019-08-20T11:16:27","slug":"vali-guzeloglu-seffaf-acik-hesap-veren-belediyeciligi-tum-vatandaslarima-taahhut-ediyorum","status":"publish","type":"post","link":"http:\/\/www.tvturk.com\/index.php\/vali-guzeloglu-seffaf-acik-hesap-veren-belediyeciligi-tum-vatandaslarima-taahhut-ediyorum\/","title":{"rendered":"Vali G\u00fczelo\u011flu: \u201c\u015eeffaf, a\u00e7\u0131k, hesap veren belediyecili\u011fi t\u00fcm vatanda\u015flar\u0131ma taahh\u00fct ediyorum\u201d"},"content":{"rendered":"<p>\u0130\u00e7i\u015fleri Bakanl\u0131\u011f\u0131\u2019nca Diyarbak\u0131r B\u00fcy\u00fck\u015fehir Belediye Ba\u015fkan Vekilli\u011fi g\u00f6revine getirilen Vali Hasan Basri G\u00fczelo\u011flu, \u201cBen \u015feffaf, a\u00e7\u0131k, hesap veren belediyecili\u011fi t\u00fcm vatanda\u015flar\u0131ma taahh\u00fct ediyorum\u201d dedi.<\/p>\n<p>\u0130\u00e7i\u015fleri Bakanl\u0131\u011f\u0131 karar\u0131nca Diyarbak\u0131r B\u00fcy\u00fck\u015fehir Belediye Ba\u015fkan Vekilli\u011fi g\u00f6revine getirilen Diyarbak\u0131r Valisi Hasan Basri G\u00fczelo\u011flu, \u0130hlas haber Ajans\u0131 (\u0130HA) muhabirine yapacaklar\u0131 \u00e7al\u0131\u015fmalar ile ilgili bilgi verdi. D\u00fcn Diyarbak\u0131r\u2019\u0131n da i\u00e7inde bulundu\u011fu 3 b\u00fcy\u00fck\u015fehir belediye ba\u015fkan\u0131n\u0131n g\u00f6revden al\u0131nd\u0131\u011f\u0131n\u0131 s\u00f6yledi. Vali G\u00fczelo\u011flu, \u201cBu ba\u011flamda \u0130\u00e7i\u015fleri Bakanl\u0131\u011f\u0131m\u0131z taraf\u0131ndan Diyarbak\u0131r B\u00fcy\u00fck\u015fehir Belediyesi Ba\u015fkan\u0131, tespit edilen soru\u015fturmalar ve konular \u00e7er\u00e7evesinde g\u00f6revden uzakla\u015ft\u0131r\u0131larak ben Diyarbak\u0131r B\u00fcy\u00fck\u015fehir Belediyesi Ba\u015fkan Vekili olarak g\u00f6revlendirildim. \u00d6ncelikle \u00e7ok onurlu ve sorumlu g\u00f6reve Diyarbak\u0131r Valili\u011finin yan\u0131nda B\u00fcy\u00fck\u015fehir Belediye Ba\u015fkan Vekilli\u011fine atanman\u0131n b\u00fcy\u00fck bir heyecan\u0131n\u0131 ve sorumlulu\u011funu ta\u015f\u0131yorum. Amac\u0131m\u0131z milleti hizmet i\u00e7in var olan, kaynaklar\u0131, imkanlar\u0131 milletin hayat\u0131n\u0131 g\u00fczelle\u015ftirmek, her alanda hizmet vermek olan belediyemizin art\u0131k ter\u00f6r \u00f6rg\u00fct\u00fc ve PKK uzant\u0131lar\u0131n\u0131n kulland\u0131\u011f\u0131 maddi ve manevi destek ald\u0131klar\u0131 Kandil\u2019e kadar uzanan lojistik destek olarak \u00e7\u0131karmak milletin emrine ve hizmetine tahsis etmektir\u201d diye konu\u015ftu.<\/p>\n<p>\u201c\u015eehit aileleri b\u00fcy\u00fck haks\u0131zl\u0131\u011fa u\u011frad\u0131\u201d<\/p>\n<p>En \u00f6nemli de\u011ferlerden olan \u015fehit ailelerinin bu d\u00f6nemde \u00e7ok b\u00fcy\u00fck haks\u0131zl\u0131\u011fa u\u011frad\u0131\u011f\u0131n\u0131 kaydeden Vali G\u00fczelo\u011flu, \u015f\u00f6yle devam etti:<\/p>\n<p>\u201c\u0130\u015f akitleri feshedildi, feshedilmeyenler ise adeta s\u00fcrg\u00fcn tabi edilecek g\u00f6revlere g\u00f6nderildiler. Kurum i\u00e7erisinde mobbinge tabi tutularak \u00e7al\u0131\u015fma alanlar\u0131 ve nefes alma imkanlar\u0131 k\u0131s\u0131tland\u0131. Bunu kabul etmemiz m\u00fcmk\u00fcn de\u011fil, \u00f6te yandan belediye uygulamalar\u0131nda \u015fanl\u0131 bayra\u011f\u0131m\u0131z\u0131 logolardan, kimlik kartlar\u0131ndan tan\u0131t\u0131c\u0131 sosyal medya ve eserlerden \u00e7\u0131kart\u0131lmas\u0131n\u0131 ya\u015fad\u0131k. Diyarbak\u0131r\u2019\u0131 fetheden aziz bir komutan\u0131n ismi bizim onay vermememize ra\u011fmen yasal olarak ta yetileri olmamalar\u0131na ra\u011fmen tabeladan s\u00f6k\u00fcld\u00fc, yerine bir ter\u00f6r su\u00e7lusu ismi verildi. Cami imar plan\u0131nda cami yap\u0131m yerlerinin imarlar\u0131 iptal edildi. Bizim kendilerine devretti\u011fimiz yemye\u015fil, tertemiz, \u00e7i\u00e7ek ve g\u00fczel kokan bir \u015fehir, kirli suyu akmayan tozla bula\u015fan bir hale geldi. Valili\u011fimize son 4 ayda inan\u0131lmaz \u015fikayet geldi. \u015eehit ailelerimiz dahil ge\u00e7mi\u015fte haks\u0131zl\u0131\u011fa u\u011frayan herkesin en k\u0131sa zamanda haklar\u0131 kendilerine takdim edilecek. Hizmeti her alanda 24 saat kesintisiz s\u00fcrekli ve halka yak\u0131n verece\u011fiz. Benim ve b\u00fct\u00fcn arkada\u015flar\u0131m\u0131z\u0131n Diyarbak\u0131r\u2019\u0131n emrinde ve hizmetinde oldu\u011funu vurgulamak istiyorum. Son d\u00f6nemde Cumhurba\u015fkan\u0131m\u0131z Recep Tayyip Erdo\u011fan Diyarbak\u0131r\u2019a sevgisi ve ilgisi devam eden dev projeleri var, Silvan projesinden ba\u015flayarak tar\u0131m, sanayi ve sosyal anlamda Diyarbak\u0131r\u2019\u0131n de\u011fi\u015fim s\u00fcrecinin i\u00e7erisinde oldu\u011funu biliyoruz. Hem vali hem de belediye ba\u015fkan\u0131 olarak b\u00fct\u00fcn bu projelerin en k\u0131sa s\u00fcre i\u00e7erisinde kente kazan\u0131ma d\u00f6nmesi ve insan\u0131m\u0131z\u0131 mutlulu\u011fa ta\u015f\u0131mas\u0131 noktas\u0131nda bir heyecan\u0131m\u0131z olacak. Ben \u015feffaf, a\u00e7\u0131k, hesap veren ve verilebilir hizmet \u00f6ncelikli bir belediyecili\u011fi t\u00fcm vatanda\u015flar\u0131ma taahh\u00fct ediyorum.\u201d<\/p>\n","protected":false},"excerpt":{"rendered":"<p>\u0130\u00c7\u0130\u015eLER\u0130 BAKANLI\u011eI\u2019NCA D\u0130YARBAKIR B\u00dcY\u00dcK\u015eEH\u0130R BELED\u0130YE BA\u015eKAN VEK\u0130LL\u0130\u011e\u0130 G\u00d6REV\u0130NE GET\u0130R\u0130LEN VAL\u0130 HASAN BASR\u0130 G\u00dcZELO\u011eLU, \u201cBEN \u015eEFFAF, A\u00c7IK, HESAP VEREN BELED\u0130YEC\u0130L\u0130\u011e\u0130 T\u00dcM VATANDA\u015eLARIMA TAAHH\u00dcT ED\u0130YORUM\u201d DED\u0130.<\/p>\n","protected":false},"author":1,"featured_media":193815,"comment_status":"closed","ping_status":"open","sticky":false,"template":"","format":"standard","meta":{"jetpack_post_was_ever_published":false,"_jetpack_newsletter_access":"","_jetpack_dont_email_post_to_subs":false,"_jetpack_newsletter_tier_id":0,"_jetpack_memberships_contains_paywalled_content":false,"_jetpack_memberships_contains_paid_content":false,"footnotes":"","jetpack_publicize_message":"","jetpack_publicize_feature_enabled":true,"jetpack_social_post_already_shared":true,"jetpack_social_options":{"image_generator_settings":{"template":"highway","default_image_id":0,"font":"","enabled":false},"version":2}},"categories":[1],"tags":[1104,9804,72,28160,559,13841,48328,1325,148,48555,5726],"class_list":["post-193814","post","type-post","status-publish","format-standard","has-post-thumbnail","hentry","category-genel","tag-seffaf","tag-acik","tag-belediyeciligi","tag-ediyorum","tag-guzeloglu","tag-hesap","tag-taahhut","tag-tum","tag-vali","tag-vatandaslarima","tag-veren"],"jetpack_publicize_connections":[],"jetpack_featured_media_url":"https:\/\/i0.wp.com\/www.tvturk.com\/wp-content\/uploads\/2019\/08\/vali-guzeloglu-seffaf-acik-hesap-veren-belediyeciligi-tum-vatandaslarima-taahhut-ediyorum_966fd8f.jpg?fit=655%2C1000","jetpack_sharing_enabled":true,"jetpack_shortlink":"https:\/\/wp.me\/paKIfm-Oq2","_links":{"self":[{"href":"http:\/\/www.tvturk.com\/index.php\/wp-json\/wp\/v2\/posts\/193814","targetHints":{"allow":["GET"]}}],"collection":[{"href":"http:\/\/www.tvturk.com\/index.php\/wp-json\/wp\/v2\/posts"}],"about":[{"href":"http:\/\/www.tvturk.com\/index.php\/wp-json\/wp\/v2\/types\/post"}],"author":[{"embeddable":true,"href":"http:\/\/www.tvturk.com\/index.php\/wp-json\/wp\/v2\/users\/1"}],"replies":[{"embeddable":true,"href":"http:\/\/www.tvturk.com\/index.php\/wp-json\/wp\/v2\/comments?post=193814"}],"version-history":[{"count":0,"href":"http:\/\/www.tvturk.com\/index.php\/wp-json\/wp\/v2\/posts\/193814\/revisions"}],"wp:featuredmedia":[{"embeddable":true,"href":"http:\/\/www.tvturk.com\/index.php\/wp-json\/wp\/v2\/media\/193815"}],"wp:attachment":[{"href":"http:\/\/www.tvturk.com\/index.php\/wp-json\/wp\/v2\/media?parent=193814"}],"wp:term":[{"taxonomy":"category","embeddable":true,"href":"http:\/\/www.tvturk.com\/index.php\/wp-json\/wp\/v2\/categories?post=193814"},{"taxonomy":"post_tag","embeddable":true,"href":"http:\/\/www.tvturk.com\/index.php\/wp-json\/wp\/v2\/tags?post=193814"}],"curies":[{"name":"wp","href":"https:\/\/api.w.org\/{rel}","templated":true}]}}