{"id":193824,"date":"2019-08-20T14:17:19","date_gmt":"2019-08-20T11:17:19","guid":{"rendered":"http:\/\/www.tvturk.com\/index.php\/yeni-malatyasporda-m-basaksehir-macindaki-futbol-memnun-etti\/"},"modified":"2019-08-20T14:17:19","modified_gmt":"2019-08-20T11:17:19","slug":"yeni-malatyasporda-m-basaksehir-macindaki-futbol-memnun-etti","status":"publish","type":"post","link":"http:\/\/www.tvturk.com\/index.php\/yeni-malatyasporda-m-basaksehir-macindaki-futbol-memnun-etti\/","title":{"rendered":"Yeni Malatyaspor\u2019da M. Ba\u015fak\u015fehir ma\u00e7\u0131ndaki futbol memnun etti"},"content":{"rendered":"<p>Yeni Malatyaspor Sportif Direkt\u00f6r\u00fc Ali Ravc\u0131, ligin ilk haftas\u0131nda M.Ba\u015fak\u015fehir kar\u015f\u0131s\u0131nda ald\u0131klar\u0131 3-0\u2019l\u0131k galibiyetle ilgili yapt\u0131\u011f\u0131 a\u00e7\u0131klamada, \u201cAld\u0131\u011f\u0131m\u0131z sonu\u00e7 elbette ki \u00f6nemli ama daha da \u00f6nemlisi sergiledi\u011fimiz futbol. Ma\u00e7\u0131n ba\u015f\u0131ndan sonuna kadar pozitif ve umut vaat eden bir g\u00f6r\u00fcnt\u00fcm\u00fcz vard\u0131\u201d dedi.<\/p>\n<p>Yeni Malatyaspor\u2019da Medipol Ba\u015fak\u015fehir ma\u00e7\u0131nda al\u0131nan 3-0\u2019l\u0131k galibiyetin sevinci s\u00fcr\u00fcyor. Sar\u0131-k\u0131rm\u0131z\u0131l\u0131lar\u0131n sportif direkt\u00f6r\u00fc Ali Ravc\u0131, lige iyi ba\u015flad\u0131klar\u0131 i\u00e7in mutlu olduklar\u0131n\u0131 s\u00f6yledi. Tak\u0131mdaki son durumla ilgili \u0130HA\u2019ya konu\u015fan Ravc\u0131, M.Ba\u015fak\u015fehir kar\u015f\u0131s\u0131nda oynad\u0131klar\u0131 futbolun kendilerine umut verdi\u011fini de ifade etti.<\/p>\n<p>\u201cUmut vaat eden bir g\u00f6r\u00fcnt\u00fcm\u00fcz vard\u0131\u201d<\/p>\n<p>Sezona iyi ba\u015flaman\u0131n \u00f6nemine vurgu yapan Ravc\u0131, \u201cSezonun ilk ma\u00e7lar\u0131 genelde zor olur. Saham\u0131zda bu ligin \u015fampiyonluk adaylar\u0131ndan Ba\u015fak\u015fehir\u2019i a\u011f\u0131rlad\u0131k. Ma\u00e7\u0131n ba\u015f\u0131ndan sonuna kadar pozitif ve umut vaat eden bir g\u00f6r\u00fcnt\u00fcm\u00fcz vard\u0131. Ald\u0131\u011f\u0131m\u0131z sonu\u00e7 elbette ki \u00f6nemli ama daha da \u00f6nemlisi sergiledi\u011fimiz futbol. Kolay de\u011fil Avrupa\u2019da 4 m\u00fcsabaka oynay\u0131p lige motive olmak. Bu anlamda ba\u015fta Sergen hocam\u0131z olmak \u00fczere, futbolcu karde\u015flerimizi ve trib\u00fcndeki taraftar\u0131m\u0131z\u0131 tebrik ediyorum. Taraftar\u0131m\u0131z da Partizan ma\u00e7\u0131ndaki oyunu g\u00f6rd\u00fckten sonra Ba\u015fak\u015fehir ma\u00e7\u0131n\u0131n saatine bakmadan yan\u0131m\u0131zda oldular\u201d dedi.<\/p>\n<p>\u201cBelli bir noktaya geldi\u011fimiz futbolcular var\u201d<\/p>\n<p>Ravc\u0131, kadrolar\u0131na birka\u00e7 takviye daha yapacaklar\u0131n\u0131 da belirterek, \u015funlar\u0131 s\u00f6yledi:<\/p>\n<p>\u201cKadromuz genel anlamda oynad\u0131\u011f\u0131 5 resmi ma\u00e7ta bizleri memnun etti ancak eksiklerimizi de daha yak\u0131ndan g\u00f6rd\u00fck. Lig uzun bir maraton ve bu i\u015fin sakatl\u0131\u011f\u0131 var, formsuzlu\u011fu var. Y\u00f6netimimiz de bunu d\u00fc\u015f\u00fcnerek transferde belli mevkilere oyuncu aray\u0131\u015f\u0131n\u0131 h\u0131zland\u0131rd\u0131. G\u00f6r\u00fc\u015ft\u00fc\u011f\u00fcm\u00fcz ve belli bir noktaya geldi\u011fimiz futbolcular var. Bu isimleri Trabzonspor ma\u00e7\u0131ndan sonraki haftaya yeti\u015ftirmek istiyoruz.\u201d<\/p>\n","protected":false},"excerpt":{"rendered":"<p>YEN\u0130 MALATYASPOR SPORT\u0130F D\u0130REKT\u00d6R\u00dc AL\u0130 RAVCI, \u201cALDI\u011eIMIZ SONU\u00c7 ELBETTE K\u0130 \u00d6NEML\u0130 AMA DAHA DA \u00d6NEML\u0130S\u0130 SERG\u0130LED\u0130\u011e\u0130M\u0130Z FUTBOL. MA\u00c7IN BA\u015eINDAN SONUNA KADAR POZ\u0130T\u0130F VE UMUT VAAT EDEN B\u0130R G\u00d6R\u00dcNT\u00dcM\u00dcZ VARDI\u201d DED\u0130.<\/p>\n","protected":false},"author":1,"featured_media":193825,"comment_status":"closed","ping_status":"open","sticky":false,"template":"","format":"standard","meta":{"jetpack_post_was_ever_published":false,"_jetpack_newsletter_access":"","_jetpack_dont_email_post_to_subs":false,"_jetpack_newsletter_tier_id":0,"_jetpack_memberships_contains_paywalled_content":false,"_jetpack_memberships_contains_paid_content":false,"footnotes":"","jetpack_publicize_message":"","jetpack_publicize_feature_enabled":true,"jetpack_social_post_already_shared":true,"jetpack_social_options":{"image_generator_settings":{"template":"highway","default_image_id":0,"font":"","enabled":false},"version":2}},"categories":[657],"tags":[6004,207,1461,33638,3855,3085,87],"class_list":["post-193824","post","type-post","status-publish","format-standard","has-post-thumbnail","hentry","category-spor","tag-basaksehir","tag-etti","tag-futbol","tag-macindaki","tag-malatyasporda","tag-memnun","tag-yeni"],"jetpack_publicize_connections":[],"jetpack_featured_media_url":"https:\/\/i0.wp.com\/www.tvturk.com\/wp-content\/uploads\/2019\/08\/yeni-malatyasporda-m-basaksehir-macindaki-futbol-memnun-etti_bbd480e.jpg?fit=1000%2C666","jetpack_sharing_enabled":true,"jetpack_shortlink":"https:\/\/wp.me\/paKIfm-Oqc","_links":{"self":[{"href":"http:\/\/www.tvturk.com\/index.php\/wp-json\/wp\/v2\/posts\/193824","targetHints":{"allow":["GET"]}}],"collection":[{"href":"http:\/\/www.tvturk.com\/index.php\/wp-json\/wp\/v2\/posts"}],"about":[{"href":"http:\/\/www.tvturk.com\/index.php\/wp-json\/wp\/v2\/types\/post"}],"author":[{"embeddable":true,"href":"http:\/\/www.tvturk.com\/index.php\/wp-json\/wp\/v2\/users\/1"}],"replies":[{"embeddable":true,"href":"http:\/\/www.tvturk.com\/index.php\/wp-json\/wp\/v2\/comments?post=193824"}],"version-history":[{"count":0,"href":"http:\/\/www.tvturk.com\/index.php\/wp-json\/wp\/v2\/posts\/193824\/revisions"}],"wp:featuredmedia":[{"embeddable":true,"href":"http:\/\/www.tvturk.com\/index.php\/wp-json\/wp\/v2\/media\/193825"}],"wp:attachment":[{"href":"http:\/\/www.tvturk.com\/index.php\/wp-json\/wp\/v2\/media?parent=193824"}],"wp:term":[{"taxonomy":"category","embeddable":true,"href":"http:\/\/www.tvturk.com\/index.php\/wp-json\/wp\/v2\/categories?post=193824"},{"taxonomy":"post_tag","embeddable":true,"href":"http:\/\/www.tvturk.com\/index.php\/wp-json\/wp\/v2\/tags?post=193824"}],"curies":[{"name":"wp","href":"https:\/\/api.w.org\/{rel}","templated":true}]}}