{"id":193838,"date":"2019-08-20T14:32:38","date_gmt":"2019-08-20T11:32:38","guid":{"rendered":"http:\/\/www.tvturk.com\/index.php\/trabzonspor-aek-maci-hazirliklarini-surdurdu\/"},"modified":"2019-08-20T14:32:38","modified_gmt":"2019-08-20T11:32:38","slug":"trabzonspor-aek-maci-hazirliklarini-surdurdu","status":"publish","type":"post","link":"http:\/\/www.tvturk.com\/index.php\/trabzonspor-aek-maci-hazirliklarini-surdurdu\/","title":{"rendered":"Trabzonspor, AEK ma\u00e7\u0131 haz\u0131rl\u0131klar\u0131n\u0131 s\u00fcrd\u00fcrd\u00fc"},"content":{"rendered":"<p>UEFA Avrupa Ligi Play-off turunda Yunanistan deplasman\u0131nda AEK ile kar\u015f\u0131la\u015facak olan Trabzonspor, bu ma\u00e7\u0131n haz\u0131rl\u0131klar\u0131n\u0131 TFF Hasan Do\u011fan Milli Tak\u0131mlar Kamp ve E\u011fitim Tesisleri\u2019nde yapt\u0131\u011f\u0131 antrenmanla s\u00fcrd\u00fcrd\u00fc.<\/p>\n<p>UEFA Avrupa Ligi Play-off turunda per\u015fembe g\u00fcn\u00fc deplasmanda AEK ile kar\u015f\u0131la\u015facak olan Trabzonspor bu ma\u00e7\u0131n haz\u0131rl\u0131klar\u0131n\u0131 \u0130stanbul\u2019da s\u00fcrd\u00fcrd\u00fc. Bordo-mavililer, Teknik Direkt\u00f6r \u00dcnal Karaman y\u00f6netiminde TFF Hasan Do\u011fan Milli Tak\u0131mlar Kamp ve E\u011fitim Tesisleri\u2019nde ger\u00e7ekle\u015fen antrenmanda taktiksel \u00e7al\u0131\u015fmalar yapt\u0131. Antrenman sonras\u0131 TFF Ba\u015fkan\u0131 Nihat \u00d6zdemir ve Y\u00f6netim Kurulu \u00dcyeleri ile Siirt Valisi Ali Fuat Atik, \u00dcnal Karaman ile g\u00f6r\u00fc\u015ferek AEK ma\u00e7\u0131 \u00f6ncesi ba\u015far\u0131lar diledi. Bordo-mavili tak\u0131m, AEK ma\u00e7\u0131n\u0131n \u0130stanbul haz\u0131rl\u0131klar\u0131n\u0131 tamamlad\u0131 ve bug\u00fcn Atina\u2019ya hareket edecek.<\/p>\n<p>Trabzonspor\u2019da AEK ma\u00e7\u0131n\u0131n kamp kadrosunda ise \u015fu isimler yer ald\u0131:<\/p>\n<p>\u201cU\u011furcan, Erce Karde\u015fler, Arda Akbulut, H\u00fcseyin, Majid, Fernandes, Campi, Pereira, Novak, Sosa, Abdulkadir Parmak, Ob, Mikel, Do\u011fan Erdo\u011fan,  Ahmet Canbaz, Abd\u00fclkadir \u00d6m\u00fcr, Yusuf Sar\u0131, Anthony Nwakaeme, Donis Avdijaj, Ekuban ve S\u00f6rloth.\u201d<\/p>\n","protected":false},"excerpt":{"rendered":"<p>UEFA AVRUPA L\u0130G\u0130 PLAY-OFF TURUNDA YUNAN\u0130STAN DEPLASMANINDA AEK \u0130LE KAR\u015eILA\u015eACAK OLAN TRABZONSPOR, BU MA\u00c7IN HAZIRLIKLARINI TFF HASAN DO\u011eAN M\u0130LL\u0130 TAKIMLAR KAMP VE E\u011e\u0130T\u0130M TES\u0130SLER\u0130\u2019NDE YAPTI\u011eI ANTRENMANLA S\u00dcRD\u00dcRD\u00dc.<\/p>\n","protected":false},"author":1,"featured_media":193839,"comment_status":"closed","ping_status":"open","sticky":false,"template":"","format":"standard","meta":{"jetpack_post_was_ever_published":false,"_jetpack_newsletter_access":"","_jetpack_dont_email_post_to_subs":false,"_jetpack_newsletter_tier_id":0,"_jetpack_memberships_contains_paywalled_content":false,"_jetpack_memberships_contains_paid_content":false,"footnotes":"","jetpack_publicize_message":"","jetpack_publicize_feature_enabled":true,"jetpack_social_post_already_shared":true,"jetpack_social_options":{"image_generator_settings":{"template":"highway","default_image_id":0,"font":"","enabled":false},"version":2}},"categories":[657],"tags":[48563,2628,777,2629,916],"class_list":["post-193838","post","type-post","status-publish","format-standard","has-post-thumbnail","hentry","category-spor","tag-aek","tag-hazirliklarini","tag-maci","tag-surdurdu","tag-trabzonspor"],"jetpack_publicize_connections":[],"jetpack_featured_media_url":"https:\/\/i0.wp.com\/www.tvturk.com\/wp-content\/uploads\/2019\/08\/trabzonspor-aek-maci-hazirliklarini-surdurdu_30b6420.jpg?fit=1000%2C700","jetpack_sharing_enabled":true,"jetpack_shortlink":"https:\/\/wp.me\/paKIfm-Oqq","_links":{"self":[{"href":"http:\/\/www.tvturk.com\/index.php\/wp-json\/wp\/v2\/posts\/193838","targetHints":{"allow":["GET"]}}],"collection":[{"href":"http:\/\/www.tvturk.com\/index.php\/wp-json\/wp\/v2\/posts"}],"about":[{"href":"http:\/\/www.tvturk.com\/index.php\/wp-json\/wp\/v2\/types\/post"}],"author":[{"embeddable":true,"href":"http:\/\/www.tvturk.com\/index.php\/wp-json\/wp\/v2\/users\/1"}],"replies":[{"embeddable":true,"href":"http:\/\/www.tvturk.com\/index.php\/wp-json\/wp\/v2\/comments?post=193838"}],"version-history":[{"count":0,"href":"http:\/\/www.tvturk.com\/index.php\/wp-json\/wp\/v2\/posts\/193838\/revisions"}],"wp:featuredmedia":[{"embeddable":true,"href":"http:\/\/www.tvturk.com\/index.php\/wp-json\/wp\/v2\/media\/193839"}],"wp:attachment":[{"href":"http:\/\/www.tvturk.com\/index.php\/wp-json\/wp\/v2\/media?parent=193838"}],"wp:term":[{"taxonomy":"category","embeddable":true,"href":"http:\/\/www.tvturk.com\/index.php\/wp-json\/wp\/v2\/categories?post=193838"},{"taxonomy":"post_tag","embeddable":true,"href":"http:\/\/www.tvturk.com\/index.php\/wp-json\/wp\/v2\/tags?post=193838"}],"curies":[{"name":"wp","href":"https:\/\/api.w.org\/{rel}","templated":true}]}}