{"id":193848,"date":"2019-08-20T14:47:20","date_gmt":"2019-08-20T11:47:20","guid":{"rendered":"http:\/\/www.tvturk.com\/index.php\/fenerbahce-ara-vermedi\/"},"modified":"2019-08-20T14:47:20","modified_gmt":"2019-08-20T11:47:20","slug":"fenerbahce-ara-vermedi","status":"publish","type":"post","link":"http:\/\/www.tvturk.com\/index.php\/fenerbahce-ara-vermedi\/","title":{"rendered":"Fenerbah\u00e7e ara vermedi"},"content":{"rendered":"<p>Fenerbah\u00e7e, S\u00fcper Lig\u2019in ikinci haftas\u0131nda cumartesi g\u00fcn\u00fc Ba\u015fak\u015fehir ile deplasmanda oynayaca\u011f\u0131 ma\u00e7\u0131n haz\u0131rl\u0131klar\u0131na sabah saatlerinde yapt\u0131\u011f\u0131 antrenmanla ba\u015flad\u0131.<\/p>\n<p>Fenerbah\u00e7e Can Bartu Tesisleri\u2019nde, Teknik Direkt\u00f6r Ersun Yanal y\u00f6netiminde ger\u00e7ekle\u015ftirilen antrenman saat 11.30\u2019da ba\u015flad\u0131. Gazi\u015fehir Gaziantep ma\u00e7\u0131nda ilk 11 ba\u015flayan futbolcular rejenerasyon \u00e7al\u0131\u015fmas\u0131yla antrenman\u0131 tamamlarken, di\u011fer oyuncular ko\u015fu, \u0131s\u0131nma ve koordinasyon hareketleriyle idmana ba\u015flad\u0131. Pas \u00e7al\u0131\u015fmalar\u0131yla devam eden antrenman, bireysel \u00e7al\u0131\u015fmalarla sona erdi.<\/p>\n<p>Sar\u0131-lacivertliler, Ba\u015fak\u015fehir ma\u00e7\u0131 haz\u0131rl\u0131klar\u0131n\u0131 yar\u0131n yapaca\u011f\u0131 antrenmanla s\u00fcrd\u00fcrecek.<\/p>\n","protected":false},"excerpt":{"rendered":"<p>FENERBAH\u00c7E, S\u00dcPER L\u0130G&#8217;\u0130N \u0130K\u0130NC\u0130 HAFTASINDA CUMARTES\u0130 G\u00dcN\u00dc BA\u015eAK\u015eEH\u0130R \u0130LE DEPLASMANDA OYNAYACA\u011eI MA\u00c7IN HAZIRLIKLARINA SABAH SAATLER\u0130NDE YAPTI\u011eI ANTRENMANLA BA\u015eLADI.<\/p>\n","protected":false},"author":1,"featured_media":193849,"comment_status":"closed","ping_status":"open","sticky":false,"template":"","format":"standard","meta":{"jetpack_post_was_ever_published":false,"_jetpack_newsletter_access":"","_jetpack_dont_email_post_to_subs":false,"_jetpack_newsletter_tier_id":0,"_jetpack_memberships_contains_paywalled_content":false,"_jetpack_memberships_contains_paid_content":false,"footnotes":"","jetpack_publicize_message":"","jetpack_publicize_feature_enabled":true,"jetpack_social_post_already_shared":true,"jetpack_social_options":{"image_generator_settings":{"template":"highway","default_image_id":0,"font":"","enabled":false},"version":2}},"categories":[657],"tags":[112,2626,2744],"class_list":["post-193848","post","type-post","status-publish","format-standard","has-post-thumbnail","hentry","category-spor","tag-ara","tag-fenerbahce","tag-vermedi"],"jetpack_publicize_connections":[],"jetpack_featured_media_url":"https:\/\/i0.wp.com\/www.tvturk.com\/wp-content\/uploads\/2019\/08\/fenerbahce-ara-vermedi_9896622.jpg?fit=1000%2C714","jetpack_sharing_enabled":true,"jetpack_shortlink":"https:\/\/wp.me\/paKIfm-OqA","_links":{"self":[{"href":"http:\/\/www.tvturk.com\/index.php\/wp-json\/wp\/v2\/posts\/193848","targetHints":{"allow":["GET"]}}],"collection":[{"href":"http:\/\/www.tvturk.com\/index.php\/wp-json\/wp\/v2\/posts"}],"about":[{"href":"http:\/\/www.tvturk.com\/index.php\/wp-json\/wp\/v2\/types\/post"}],"author":[{"embeddable":true,"href":"http:\/\/www.tvturk.com\/index.php\/wp-json\/wp\/v2\/users\/1"}],"replies":[{"embeddable":true,"href":"http:\/\/www.tvturk.com\/index.php\/wp-json\/wp\/v2\/comments?post=193848"}],"version-history":[{"count":0,"href":"http:\/\/www.tvturk.com\/index.php\/wp-json\/wp\/v2\/posts\/193848\/revisions"}],"wp:featuredmedia":[{"embeddable":true,"href":"http:\/\/www.tvturk.com\/index.php\/wp-json\/wp\/v2\/media\/193849"}],"wp:attachment":[{"href":"http:\/\/www.tvturk.com\/index.php\/wp-json\/wp\/v2\/media?parent=193848"}],"wp:term":[{"taxonomy":"category","embeddable":true,"href":"http:\/\/www.tvturk.com\/index.php\/wp-json\/wp\/v2\/categories?post=193848"},{"taxonomy":"post_tag","embeddable":true,"href":"http:\/\/www.tvturk.com\/index.php\/wp-json\/wp\/v2\/tags?post=193848"}],"curies":[{"name":"wp","href":"https:\/\/api.w.org\/{rel}","templated":true}]}}