{"id":193852,"date":"2019-08-20T14:47:27","date_gmt":"2019-08-20T11:47:27","guid":{"rendered":"http:\/\/www.tvturk.com\/index.php\/fenerbahceye-mosesdan-kotu-haber-geldi\/"},"modified":"2019-08-20T14:47:27","modified_gmt":"2019-08-20T11:47:27","slug":"fenerbahceye-mosesdan-kotu-haber-geldi","status":"publish","type":"post","link":"http:\/\/www.tvturk.com\/index.php\/fenerbahceye-mosesdan-kotu-haber-geldi\/","title":{"rendered":"Fenerbah\u00e7e\u2019ye Moses\u2019dan k\u00f6t\u00fc haber geldi"},"content":{"rendered":"<p>S\u00fcper Lig\u2019in ilk haftas\u0131nda oynanan Gazi\u015fehir Gaziantep ma\u00e7\u0131nda bir gol bir de asist yapan Moses\u2019in adalesinde y\u0131rt\u0131k tespit edildi. Ba\u015far\u0131l\u0131 futbolcunun 5 hafta sahalardan uzak kalmas\u0131 bekleniyor.<\/p>\n<p>S\u00fcper Lig\u2019de 2019-2020 sezonuna 5-0\u2019l\u0131k Gazi\u015fehir Gaziantep galibiyetiyle ba\u015flayan Fenerbah\u00e7e\u2019ye Victor Moses\u2019dan k\u00f6t\u00fc haber geldi. D\u00fcn Kad\u0131k\u00f6y\u2019de oynanan m\u00fccadelede 1 gol, 1 asistlik performansa imza atan ayr\u0131ca 1 de penalt\u0131 ka\u00e7\u0131ran Moses\u2019in \u00f6n \u00fcst adalesinde k\u0131sm\u0131 y\u0131rt\u0131k tespit edildi. Gazi\u015fehir ma\u00e7\u0131n\u0131n 74. dakikas\u0131nda Dirar\u2019\u0131n att\u0131\u011f\u0131 golde asisti yaparken \u00e7ime tak\u0131larak sakatlanan ve yerini Ferdi Kad\u0131o\u011flu\u2019na b\u0131rakan Nijeryal\u0131 y\u0131ld\u0131z\u0131n 5 hafta sahalardan uzak kalmas\u0131 bekleniyor.<\/p>\n","protected":false},"excerpt":{"rendered":"<p>S\u00dcPER L\u0130G&#8217;\u0130N \u0130LK HAFTASINDA OYNANAN GAZ\u0130\u015eEH\u0130R GAZ\u0130ANTEP MA\u00c7INDA B\u0130R GOL B\u0130R DE AS\u0130ST YAPAN MOSES\u2019\u0130N ADALES\u0130NDE YIRTIK TESP\u0130T ED\u0130LD\u0130. BA\u015eARILI FUTBOLCUNUN 5 HAFTA SAHALARDAN UZAK KALMASI BEKLEN\u0130YOR.<\/p>\n","protected":false},"author":1,"featured_media":193853,"comment_status":"closed","ping_status":"open","sticky":false,"template":"","format":"standard","meta":{"jetpack_post_was_ever_published":false,"_jetpack_newsletter_access":"","_jetpack_dont_email_post_to_subs":false,"_jetpack_newsletter_tier_id":0,"_jetpack_memberships_contains_paywalled_content":false,"_jetpack_memberships_contains_paid_content":false,"footnotes":"","jetpack_publicize_message":"","jetpack_publicize_feature_enabled":true,"jetpack_social_post_already_shared":true,"jetpack_social_options":{"image_generator_settings":{"template":"highway","default_image_id":0,"font":"","enabled":false},"version":2}},"categories":[657],"tags":[8562,5182,127,1545,48571],"class_list":["post-193852","post","type-post","status-publish","format-standard","has-post-thumbnail","hentry","category-spor","tag-kotu","tag-fenerbahceye","tag-geldi","tag-haber","tag-mosesdan"],"jetpack_publicize_connections":[],"jetpack_featured_media_url":"https:\/\/i0.wp.com\/www.tvturk.com\/wp-content\/uploads\/2019\/08\/fenerbahceye-mosesdan-kotu-haber-geldi_1bd66cc.jpg?fit=1000%2C692","jetpack_sharing_enabled":true,"jetpack_shortlink":"https:\/\/wp.me\/paKIfm-OqE","_links":{"self":[{"href":"http:\/\/www.tvturk.com\/index.php\/wp-json\/wp\/v2\/posts\/193852","targetHints":{"allow":["GET"]}}],"collection":[{"href":"http:\/\/www.tvturk.com\/index.php\/wp-json\/wp\/v2\/posts"}],"about":[{"href":"http:\/\/www.tvturk.com\/index.php\/wp-json\/wp\/v2\/types\/post"}],"author":[{"embeddable":true,"href":"http:\/\/www.tvturk.com\/index.php\/wp-json\/wp\/v2\/users\/1"}],"replies":[{"embeddable":true,"href":"http:\/\/www.tvturk.com\/index.php\/wp-json\/wp\/v2\/comments?post=193852"}],"version-history":[{"count":0,"href":"http:\/\/www.tvturk.com\/index.php\/wp-json\/wp\/v2\/posts\/193852\/revisions"}],"wp:featuredmedia":[{"embeddable":true,"href":"http:\/\/www.tvturk.com\/index.php\/wp-json\/wp\/v2\/media\/193853"}],"wp:attachment":[{"href":"http:\/\/www.tvturk.com\/index.php\/wp-json\/wp\/v2\/media?parent=193852"}],"wp:term":[{"taxonomy":"category","embeddable":true,"href":"http:\/\/www.tvturk.com\/index.php\/wp-json\/wp\/v2\/categories?post=193852"},{"taxonomy":"post_tag","embeddable":true,"href":"http:\/\/www.tvturk.com\/index.php\/wp-json\/wp\/v2\/tags?post=193852"}],"curies":[{"name":"wp","href":"https:\/\/api.w.org\/{rel}","templated":true}]}}