{"id":193856,"date":"2019-08-20T14:47:50","date_gmt":"2019-08-20T11:47:50","guid":{"rendered":"http:\/\/www.tvturk.com\/index.php\/alanya-hep-universitesinden-engelsiz-egitime-katki\/"},"modified":"2019-08-20T14:47:50","modified_gmt":"2019-08-20T11:47:50","slug":"alanya-hep-universitesinden-engelsiz-egitime-katki","status":"publish","type":"post","link":"http:\/\/www.tvturk.com\/index.php\/alanya-hep-universitesinden-engelsiz-egitime-katki\/","title":{"rendered":"Alanya Hep \u00dcniversitesi\u2019nden, engelsiz e\u011fitime katk\u0131"},"content":{"rendered":"<p>Alanya Hamdullah Emin Pa\u015fa \u00dcniversitesi ile Patika Derne\u011fi aras\u0131nda, \u201cEngelsiz \u00dcniversite\u201d \u0130\u015fbirli\u011fi ve Uygulama Protokol\u00fc imzaland\u0131. Alanya HEP \u00dcniversitesi Rekt\u00f6r\u00fc Prof.Dr. Mehmet Durdu \u00d6ner ve Patika Derne\u011fi Ba\u015fkan\u0131 Levent Benal taraf\u0131ndan imzalanarak y\u00fcr\u00fcrl\u00fc\u011fe giren protokol, \u00fcniversite e\u011fitimine devam etmek isteyen engelli \u00f6\u011frencilere \u00f6nemli f\u0131rsatlar sunacak.<\/p>\n<p>\u201cEngelsiz Kent Alanya\u201d projesine \u00f6nemli katk\u0131lar sunan Patika Derne\u011fi ve Alanya HEP \u00dcniversitesi imzalad\u0131klar\u0131 protokol ile engelli bireyler i\u00e7in, \u00fcniversite e\u011fitiminin \u00f6n\u00fcndeki s\u0131n\u0131rlar\u0131 kald\u0131rma yolunda \u00f6nemli bir ad\u0131m att\u0131. Engelsiz \u00fcniversite olma kapsam\u0131nda;  \u00fcniversite \u00f6\u011frencilerine mek\u00e2nsal eri\u015filebilirlik, e\u011fitimde eri\u015filebilirlik, sosyal k\u00fclt\u00fcrel etkinliklere eri\u015filebilirlik sa\u011flanacak. Ayr\u0131ca ortak ger\u00e7ekle\u015ftirilecek hibe ve burs programlar\u0131 ile f\u0131rsat e\u015fitli\u011fine katk\u0131lar da bulunulacak. Protokol kapsam\u0131nda; e\u011fitim s\u00fcresince staj<\/p>\n<p>deste\u011fi, e\u011fitim sonras\u0131 istihdam deste\u011fi gibi engelli \u00f6\u011frencilerin gelece\u011fine y\u00f6nelik destek s\u00fcre\u00e7leri de planlanacak.<\/p>\n<p>Ama\u00e7 \u00f6\u011frencilere f\u0131rsat e\u015fitli\u011fi<\/p>\n<p>Alanya Hamdullah Eminpa\u015fa \u00dcniversitesi Rekt\u00f6r\u00fc Prof.Dr.  Mehmet Durdu \u00d6ner, Patika Derne\u011fi ile yap\u0131lan anla\u015fman\u0131n i\u00e7eri\u011fi ile ilgili bilgiler aktard\u0131. \u00dcniversite i\u00e7erisinde engelli \u00f6\u011frencilerin \u00f6\u011frenim hayatlar\u0131n\u0131 kolayla\u015ft\u0131rmay\u0131, gerekli fiziksel ve akademik ortam\u0131n haz\u0131rlanmas\u0131n\u0131 ama\u00e7lad\u0131klar\u0131n\u0131 aktaran Prof.Dr. \u00d6ner, \u201c\u00dcniversite olarak engelli bireylerin topluma kazand\u0131r\u0131lma \u00e7al\u0131\u015fmalar\u0131n\u0131 destekliyoruz.  Patika Derne\u011fi ile bu kapsam da bir protokol imzalad\u0131k. Birinci \u00f6nceli\u011fimiz engelsiz e\u011fitim, engelsiz eri\u015fimdir. Bu hedef ve \u00f6nceliklerimizi \u00fcniversite i\u00e7erisinde uygulamaya koyaca\u011f\u0131z. Turizm ve \u0130\u015fletme b\u00f6l\u00fcm\u00fcm\u00fcz \u00f6nc\u00fcl\u00fc\u011f\u00fcnde Alanya\u2019da engelsiz turizmi geli\u015ftirmek i\u00e7in ara\u015ft\u0131rmalar yaparak hem engelli turistler a\u00e7\u0131s\u0131ndan Alanya\u2019y\u0131 bir cazibe merkezi haline getirmek, hem de engelli bireylerin turizm sekt\u00f6r\u00fcnde daha fazla istihdam edilmesini arzu ediyoruz. Gastronomi ve Mutfak Sanatlar\u0131 B\u00f6l\u00fcm\u00fcm\u00fczde engelsiz mutfak etkinlikleri ger\u00e7ekle\u015ftirerek engelli bireylerin topluma kazand\u0131r\u0131lmas\u0131n\u0131n yan\u0131 s\u0131ra engelli bireylerimizle ortak \u00e7al\u0131\u015fmalar yapan \u00f6\u011frencilerimizin engelli fark\u0131ndal\u0131\u011f\u0131n\u0131 artt\u0131rmay\u0131 hedeflemekteyiz.  Mimarl\u0131k B\u00f6l\u00fcm\u00fcm\u00fcz, engelsiz \u015fehir projelerinin geli\u015ftirilmesine katk\u0131lar koyacak.  Bilgisayar M\u00fchendisli\u011fi B\u00f6l\u00fcm\u00fcm\u00fcz ise, engelli bireylere yaz\u0131l\u0131msal destek verip,  \u00f6zellikle k\u00fct\u00fcphanelerden daha fazla yararlanmas\u0131na katk\u0131lar sa\u011flayaca\u011f\u0131z. \u0130leti\u015fim Tasar\u0131m\u0131 ve Y\u00f6netimi B\u00f6l\u00fcm\u00fcm\u00fcz de dernek ile ortak yap\u0131lacak sosyal sorumluluk projelerine katk\u0131 sa\u011flamay\u0131 ama\u00e7lamaktad\u0131r. Bunlar\u0131n yan\u0131nda \u00dcniversite olarak Patika Derne\u011fi\u2019nin d\u00fczenleyece\u011fi ve kat\u0131laca\u011f\u0131 bilimsel etkinliklere \u00fcniversite olarak akademik destek verme konusunda anla\u015fm\u0131\u015f bulunmaktay\u0131z\u201d ifadelerini kulland\u0131.<\/p>\n<p>Patika Engelsiz Ya\u015fam G\u00f6n\u00fcll\u00fcleri Derne\u011fi Ba\u015fkan\u0131 Levent Benal da, protokol\u00fcn \u00f6nemine de\u011findi. Engelli \u00f6\u011frencilerin hayatlar\u0131n\u0131 kolayla\u015ft\u0131ran projeleri her zaman desteklediklerini vurgulayan Benal, &#8220;Engelsiz \u00fcniversite yolunda b\u00fcy\u00fck gayret g\u00f6steren Alanya HEP \u00dcniversitesi ile protokol imzalamaktan dolay\u0131 mutluyuz. Alanya HEP \u00dcniversitesine ba\u011fl\u0131 enstit\u00fcler, fak\u00fclteler ve y\u00fcksekokullarda \u00f6\u011frenim g\u00f6ren \u00f6\u011frencilerin ve \u00e7al\u0131\u015fan personelin engelli fark\u0131ndal\u0131\u011f\u0131n\u0131n art\u0131r\u0131lmas\u0131, \u00fcniversite s\u0131n\u0131rlar\u0131 i\u00e7erisinde eri\u015filebilirlik sorununun minimum seviyeye indirilmesi; engelli akademik personelin, \u00f6\u011frencilerin ve \u00e7al\u0131\u015fanlar\u0131n daha etkin ve verimli \u00e7al\u0131\u015fmalar\u0131n\u0131n \u00f6n\u00fcndeki bariyerlerin kald\u0131r\u0131larak e\u011fitimde ve i\u015f hayat\u0131ndaki e\u015fitli\u011fin maksimum d\u00fczeylere \u00e7\u0131kar\u0131lmas\u0131n\u0131 ama\u00e7l\u0131yoruz.  Engelli bireyler; hayat\u0131n her alan\u0131nda oldu\u011fu gibi, e\u011fitim hayat\u0131nda b\u00fcy\u00fck sorunlarla kar\u015f\u0131la\u015f\u0131yor. Engelli \u00f6\u011frencilerimizin e\u011fitim kalitelerini art\u0131rmak, ya\u015fam alanlar\u0131n\u0131 kolayla\u015ft\u0131rmak, onlar\u0131n istihdam edilmesine katk\u0131 sunmak istiyoruz. Ger\u00e7ekle\u015ftirdi\u011fimiz protokol sayesinde, bilgi ve birikimlerimizi yasal \u00e7er\u00e7evede uygulamaya koyaca\u011f\u0131z. K\u00fclt\u00fcrel organizasyonlar d\u00fczenleyerek, engelsiz ya\u015fam ve engelsiz \u00fcniversite fark\u0131ndal\u0131\u011f\u0131n\u0131n artmas\u0131na \u00f6ncelik verece\u011fiz&#8221; diye konu\u015ftu.<\/p>\n","protected":false},"excerpt":{"rendered":"<p>ALANYA HAMDULLAH EM\u0130N PA\u015eA \u00dcN\u0130VERS\u0130TES\u0130 \u0130LE PAT\u0130KA DERNE\u011e\u0130 ARASINDA, \u201cENGELS\u0130Z \u00dcN\u0130VERS\u0130TE\u201d \u0130\u015eB\u0130RL\u0130\u011e\u0130 VE UYGULAMA PROTOKOL\u00dc \u0130MZALANDI.<\/p>\n","protected":false},"author":1,"featured_media":193857,"comment_status":"closed","ping_status":"open","sticky":false,"template":"","format":"standard","meta":{"jetpack_post_was_ever_published":false,"_jetpack_newsletter_access":"","_jetpack_dont_email_post_to_subs":false,"_jetpack_newsletter_tier_id":0,"_jetpack_memberships_contains_paywalled_content":false,"_jetpack_memberships_contains_paid_content":false,"footnotes":"","jetpack_publicize_message":"","jetpack_publicize_feature_enabled":true,"jetpack_social_post_already_shared":true,"jetpack_social_options":{"image_generator_settings":{"template":"highway","default_image_id":0,"font":"","enabled":false},"version":2}},"categories":[1],"tags":[1769,2916,7590,4864,7053,10089],"class_list":["post-193856","post","type-post","status-publish","format-standard","has-post-thumbnail","hentry","category-genel","tag-alanya","tag-egitime","tag-engelsiz","tag-hep","tag-katki","tag-universitesinden"],"jetpack_publicize_connections":[],"jetpack_featured_media_url":"https:\/\/i0.wp.com\/www.tvturk.com\/wp-content\/uploads\/2019\/08\/alanya-hep-universitesinden-engelsiz-egitime-katki_e18e31c.jpg?fit=1000%2C696","jetpack_sharing_enabled":true,"jetpack_shortlink":"https:\/\/wp.me\/paKIfm-OqI","_links":{"self":[{"href":"http:\/\/www.tvturk.com\/index.php\/wp-json\/wp\/v2\/posts\/193856","targetHints":{"allow":["GET"]}}],"collection":[{"href":"http:\/\/www.tvturk.com\/index.php\/wp-json\/wp\/v2\/posts"}],"about":[{"href":"http:\/\/www.tvturk.com\/index.php\/wp-json\/wp\/v2\/types\/post"}],"author":[{"embeddable":true,"href":"http:\/\/www.tvturk.com\/index.php\/wp-json\/wp\/v2\/users\/1"}],"replies":[{"embeddable":true,"href":"http:\/\/www.tvturk.com\/index.php\/wp-json\/wp\/v2\/comments?post=193856"}],"version-history":[{"count":0,"href":"http:\/\/www.tvturk.com\/index.php\/wp-json\/wp\/v2\/posts\/193856\/revisions"}],"wp:featuredmedia":[{"embeddable":true,"href":"http:\/\/www.tvturk.com\/index.php\/wp-json\/wp\/v2\/media\/193857"}],"wp:attachment":[{"href":"http:\/\/www.tvturk.com\/index.php\/wp-json\/wp\/v2\/media?parent=193856"}],"wp:term":[{"taxonomy":"category","embeddable":true,"href":"http:\/\/www.tvturk.com\/index.php\/wp-json\/wp\/v2\/categories?post=193856"},{"taxonomy":"post_tag","embeddable":true,"href":"http:\/\/www.tvturk.com\/index.php\/wp-json\/wp\/v2\/tags?post=193856"}],"curies":[{"name":"wp","href":"https:\/\/api.w.org\/{rel}","templated":true}]}}