{"id":193874,"date":"2019-08-20T15:31:53","date_gmt":"2019-08-20T12:31:53","guid":{"rendered":"http:\/\/www.tvturk.com\/index.php\/milletvekili-aydemirin-babasi-son-yolculuguna-ugurlandi\/"},"modified":"2019-08-20T15:31:53","modified_gmt":"2019-08-20T12:31:53","slug":"milletvekili-aydemirin-babasi-son-yolculuguna-ugurlandi","status":"publish","type":"post","link":"http:\/\/www.tvturk.com\/index.php\/milletvekili-aydemirin-babasi-son-yolculuguna-ugurlandi\/","title":{"rendered":"Milletvekili Aydemir\u2019in babas\u0131 son yolculu\u011funa u\u011furland\u0131"},"content":{"rendered":"<p>AK Parti Manisa Milletvekili U\u011fur Aydemir ve Akhisar Hilaliye K\u00fclliyesi\u2019nin \u00f6\u011freticilerden Muammer Aydemir\u2019in babas\u0131 H\u00fcseyin Aydemir son yolculu\u011funa u\u011furland\u0131. H\u00fcseyin Aydemir\u2019in cenaze namaz\u0131n\u0131 bir di\u011fer o\u011flu Muammer Aydemir k\u0131ld\u0131r\u0131rken cenazeye AK Parti, MHP ve CHP milletvekilleri de kat\u0131larak taziyelerini iletti.<\/p>\n<p>Akhisar Mustafa Kirazo\u011flu Devlet Hastanesinde tedavi g\u00f6r\u00fcrken d\u00fcn hayat\u0131n\u0131 kaybeden 78 ya\u015f\u0131ndaki H\u00fcseyin Aydemir\u2019in \u00f6\u011fle namaz\u0131n\u0131 m\u00fcteakip Hilaliye Camisi\u2019nde k\u0131l\u0131nan cenaze namaz\u0131na, Manisa Valisi Ahmet Deniz, Akhisar Kaymakam\u0131 Sabit Kaya, Garnizon Komutan\u0131 Hava \u0130stihkam Albay Mehmet \u015eahin, AK Parti MKYK \u00dcyesi ve Manisa Milletvekili Murat Baybatur, AK Parti Manisa Milletvekilleri \u0130smail Bilen, Tamer Akkal, CHP Manisa Milletvekili Ahmet Vehbi Bak\u0131rl\u0131o\u011flu, MHP Grup Ba\u015fkanvekili ve Manisa Milletvekili Erkan Ak\u00e7ay, Manisa B\u00fcy\u00fck\u015fehir Belediye Ba\u015fkan\u0131 Cengiz Erg\u00fcn, Akhisar Belediye Ba\u015fkan\u0131 Besim Dutlulu, \u0130l\u00e7e Belediye Ba\u015fkanlar\u0131, \u0130l ve \u0130l\u00e7e siyasi parti temsilcileri eski milletvekilleri ve \u00e7ok say\u0131da vatanda\u015f kat\u0131ld\u0131.<\/p>\n<p>\u00d6te yandan H\u00fcseyin Aydemir\u2019in cenaze t\u00f6renini o\u011flu Muammer Aydemir k\u0131ld\u0131r\u0131rken t\u00fcm cemaatten helallik istedi. Cenaze t\u00f6reni ard\u0131ndan merhum H\u00fcseyin Aydemir, Akhisar Yeni Mezarl\u0131\u011f\u0131na defnedildi.<\/p>\n","protected":false},"excerpt":{"rendered":"<p>AK PART\u0130 MAN\u0130SA M\u0130LLETVEK\u0130L\u0130 U\u011eUR AYDEM\u0130R VE AKH\u0130SAR H\u0130LAL\u0130YE K\u00dcLL\u0130YES\u0130\u2019NDE \u00d6\u011eRET\u0130C\u0130LERDEN MUAMMER AYDEM\u0130R\u2019\u0130N BABASI H\u00dcSEY\u0130N AYDEM\u0130R SON YOLCULU\u011eUNA U\u011eURLANDI.<\/p>\n","protected":false},"author":1,"featured_media":193875,"comment_status":"closed","ping_status":"open","sticky":false,"template":"","format":"standard","meta":{"jetpack_post_was_ever_published":false,"_jetpack_newsletter_access":"","_jetpack_dont_email_post_to_subs":false,"_jetpack_newsletter_tier_id":0,"_jetpack_memberships_contains_paywalled_content":false,"_jetpack_memberships_contains_paid_content":false,"footnotes":"","jetpack_publicize_message":"","jetpack_publicize_feature_enabled":true,"jetpack_social_post_already_shared":true,"jetpack_social_options":{"image_generator_settings":{"template":"highway","default_image_id":0,"font":"","enabled":false},"version":2}},"categories":[1],"tags":[48582,1841,542,1240,2516,2515],"class_list":["post-193874","post","type-post","status-publish","format-standard","has-post-thumbnail","hentry","category-genel","tag-aydemirin","tag-babasi","tag-milletvekili","tag-son","tag-ugurlandi","tag-yolculuguna"],"jetpack_publicize_connections":[],"jetpack_featured_media_url":"https:\/\/i0.wp.com\/www.tvturk.com\/wp-content\/uploads\/2019\/08\/milletvekili-aydemirin-babasi-son-yolculuguna-ugurlandi_836712c.jpg?fit=1000%2C668","jetpack_sharing_enabled":true,"jetpack_shortlink":"https:\/\/wp.me\/paKIfm-Or0","_links":{"self":[{"href":"http:\/\/www.tvturk.com\/index.php\/wp-json\/wp\/v2\/posts\/193874","targetHints":{"allow":["GET"]}}],"collection":[{"href":"http:\/\/www.tvturk.com\/index.php\/wp-json\/wp\/v2\/posts"}],"about":[{"href":"http:\/\/www.tvturk.com\/index.php\/wp-json\/wp\/v2\/types\/post"}],"author":[{"embeddable":true,"href":"http:\/\/www.tvturk.com\/index.php\/wp-json\/wp\/v2\/users\/1"}],"replies":[{"embeddable":true,"href":"http:\/\/www.tvturk.com\/index.php\/wp-json\/wp\/v2\/comments?post=193874"}],"version-history":[{"count":0,"href":"http:\/\/www.tvturk.com\/index.php\/wp-json\/wp\/v2\/posts\/193874\/revisions"}],"wp:featuredmedia":[{"embeddable":true,"href":"http:\/\/www.tvturk.com\/index.php\/wp-json\/wp\/v2\/media\/193875"}],"wp:attachment":[{"href":"http:\/\/www.tvturk.com\/index.php\/wp-json\/wp\/v2\/media?parent=193874"}],"wp:term":[{"taxonomy":"category","embeddable":true,"href":"http:\/\/www.tvturk.com\/index.php\/wp-json\/wp\/v2\/categories?post=193874"},{"taxonomy":"post_tag","embeddable":true,"href":"http:\/\/www.tvturk.com\/index.php\/wp-json\/wp\/v2\/tags?post=193874"}],"curies":[{"name":"wp","href":"https:\/\/api.w.org\/{rel}","templated":true}]}}