{"id":193876,"date":"2019-08-20T15:31:59","date_gmt":"2019-08-20T12:31:59","guid":{"rendered":"http:\/\/www.tvturk.com\/index.php\/isyurtlari-kurumundan-hukumlulere-altin-bilezik\/"},"modified":"2019-08-20T15:31:59","modified_gmt":"2019-08-20T12:31:59","slug":"isyurtlari-kurumundan-hukumlulere-altin-bilezik","status":"publish","type":"post","link":"http:\/\/www.tvturk.com\/index.php\/isyurtlari-kurumundan-hukumlulere-altin-bilezik\/","title":{"rendered":"\u0130\u015fyurtlar\u0131 Kurumundan h\u00fck\u00fcml\u00fclere &#8220;alt\u0131n bilezik&#8221;"},"content":{"rendered":"<p>\u0130\u015fyurtlar\u0131nda mesleki e\u011fitim alan ve \u00e7e\u015fitli meslek dallar\u0131nda s\u0131navlara kat\u0131larak kaflafl\u0131k, ustal\u0131k ve mesleki yeterlilik belgesi almaya hak hazanan y\u00fck\u00fcml\u00fcler d\u00fczenlenen t\u00f6renle belgelerini ald\u0131.<\/p>\n<p>Ankara Sincan Ceza \u0130nfaz Kurumu Kamp\u00fcs\u00fcnde ger\u00e7ekle\u015ftirilen belge teslim t\u00f6renine, Mesleki Yeterlilik Kurumu Ba\u015fkan\u0131 Adem Ceylan, Milli E\u011fitim Bakanl\u0131\u011f\u0131 Mesleki ve Teknik E\u011fitim Genel M\u00fcd\u00fcr\u00fc Prof. Dr. Kemal Var\u0131n Numano\u011flu, Ceza \u0130nfaz Kurumlar\u0131 ile Tutukevleri Kurumu Ba\u015fkan\u0131 Murat Atan, Mesleki ve Teknik E\u011fitim Genel M\u00fcd\u00fcrl\u00fc\u011f\u00fc Daire Ba\u015fkan\u0131 \u015eennur \u00c7etin, TOBB MEYBEM Genel M\u00fcd\u00fcr\u00fc Ahmet Sayg\u0131n Baban, kurum y\u00f6neticileri, personeller ve belge alacak h\u00fck\u00fcml\u00fcler kat\u0131ld\u0131.<\/p>\n<p>H\u00fck\u00fcml\u00fclerin sal\u0131verilmelerinden sonra hayatlar\u0131n\u0131 s\u00fcrd\u00fcrmek i\u00e7in bir meslek ve sanat \u00f6\u011frenmelerini sa\u011flamak veya var olan mesleklerini geli\u015ftirmek amac\u0131yla d\u00fczenlenen bu kurslarda al\u0131nan belgeler uluslararas\u0131 ge\u00e7erlili\u011fe sahip, i\u015fyurtlar\u0131 kurumu h\u00fck\u00fcml\u00fclerin mahkum olduklar\u0131 zaman i\u00e7erisinde &#8220;alt\u0131n bilezik&#8221; kazanmalar\u0131n\u0131 sa\u011fl\u0131yor.<\/p>\n<p>D\u00fczenlenen t\u00f6rende konu\u015fan Mesleki Yeterlilik Kurumu Ba\u015fkan\u0131 Adem Ceylan, mesleklerin, \u00e7al\u0131\u015fma hayat\u0131n\u0131n beklentilerini kar\u015f\u0131layacak nitelikte standartlar\u0131n ve yeterliliklerinin belirlenmesi konusunda payda\u015flar\u0131yla, \u00e7al\u0131\u015fma hayat\u0131n\u0131n sosyal taraflar\u0131yla, Milli E\u011fitim Bakanl\u0131\u011f\u0131 ba\u015fta olmak \u00fczere Y\u00fcksek \u00d6\u011fretim Kurumlar\u0131yla (Y\u00d6K) etkin ve koordinasyona dayal\u0131 faaliyetler y\u00fcr\u00fctt\u00fcklerini aktararak, &#8220;Bu \u00e7er\u00e7evede \u015fuana kadar 929 ulusal meslek standart\u0131, 483 ulusal yeterlilik haz\u0131rlanmak suretiyle y\u00fcr\u00fcrl\u00fc\u011fe konmu\u015ftur. Bu ulusal meslek standartlar\u0131 ve yeterlilikler bir taraftan mesleki ve teknik e\u011fitimde, e\u011fitim m\u00fcfredat\u0131 olarak kullan\u0131l\u0131rken di\u011fer taraftan uluslararas\u0131 akreditasyona sahip s\u0131nav belgelendirme kurulu\u015flar\u0131m\u0131z taraf\u0131ndan \u00f6l\u00e7me ve de\u011ferlendirmeye esasa d\u00f6k\u00fcmanlar olarak kullan\u0131lmaktad\u0131r&#8221; ifadelerini kulland\u0131.<\/p>\n<p>Ama\u00e7lar\u0131n\u0131n nitelikli i\u015f g\u00fcc\u00fcn\u00fcn, nitelikli hizmet veya \u00fcr\u00fcne katk\u0131 sa\u011flamak oldu\u011funu belirten Ceylan, &#8220;\u00d6zellikle yat\u0131r\u0131mc\u0131lar\u0131m\u0131za gerek sanayi sekt\u00f6r\u00fcnde, gerekse hizmet sekt\u00f6r\u00fcnde hem ulusal hem de uluslararas\u0131 alanda kalite ve fiyat rekabeti i\u00e7erisinde, bunun temel ko\u015fullar\u0131ndan en \u00f6nemliside nitelikli i\u015f g\u00fcc\u00fc, nitelikli i\u015f g\u00fcc\u00fcyle olu\u015fturulacak hizmet veya \u00fcr\u00fcn daha kaliteli ve daha ucuza elde edilmek \u00fczere alan\u0131nda ciddi bir rekabet g\u00fcc\u00fcn\u00fc elde etmi\u015f olacakt\u0131r&#8221; diye konu\u015ftu.<\/p>\n<p>\u0130\u015fyurtlar\u0131 taraf\u0131ndan yetkililendirilen 207 uluslararas\u0131 akreditasyona sahip s\u0131nav belgelendirme kurulu\u015fuyla belgelendirme faaliyetlerini y\u00fcr\u00fctt\u00fcklerini aktaran Ceylan, &#8220;Bu kurulu\u015flar\u0131m\u0131z taraf\u0131ndan yap\u0131lan s\u0131navlar sonucunda 710 bin ki\u015fi mesleki yeterlilik belgesine kavu\u015ftu. \u00d6zellikle Avrupa yeterlilikler \u00e7er\u00e7evesine referanslanan T\u00fcrkiye yeterliliklerinden sonra bu i\u015f g\u00fcc\u00fcn\u00fcn ba\u015fta Avrupa \u00fclkeleri olmak \u00fczere uluslararas\u0131 alanda serbest dola\u015f\u0131m a\u00e7\u0131s\u0131ndan da \u00f6nemli etki yapaca\u011f\u0131n\u0131 d\u00fc\u015f\u00fcn\u00fcyoruz&#8221; \u015feklinde konu\u015ftu.<\/p>\n<p>Konu\u015fmalar\u0131n ard\u0131ndan, s\u0131navlar\u0131 ba\u015far\u0131yla ge\u00e7erek belge almaya hak kazanan h\u00fck\u00fcml\u00fclere belgeleri verildi. Duvar ustas\u0131 olarak belge almaya hak kazanan M\u00fcrsel \u00c7il, daha \u00f6nce mobilya sekt\u00f6r\u00fcnde \u00e7al\u0131\u015ft\u0131\u011f\u0131n\u0131 ifade ederek, &#8220;Bu sekt\u00f6r\u00fc bilmiyordum, burada \u00f6\u011frendim. Tecr\u00fcbe sahibi, usta oldum. Bunu da belgelendirip ta\u00e7land\u0131rm\u0131\u015f olduk. D\u0131\u015far\u0131daki firmalar ve \u015firketler okul diplamas\u0131 gibi zaruri oldu\u011fu i\u00e7in bu belgeleri istiyor. S\u0131navlara girdik, tecr\u00fcbelerimizi belgelendirmi\u015f olduk. \u0130\u00e7erideki zaman\u0131 bo\u015fa ge\u00e7irmemi\u015f olduk, \u00f6\u011frenmenin ya\u015f\u0131 yok, \u00f6\u011frendik art\u0131 meslek sahibi olduk. Bu mesle\u011fi di\u011ferine tercih ederim. \u00c7\u0131kt\u0131\u011f\u0131mda bu mesle\u011fe devam edece\u011fim&#8221; dedi.<\/p>\n<p>Cezas\u0131n\u0131n son iki haftas\u0131 oldu\u011funu belirten Sava\u015f \u00c7oban ise &#8220;\u0130\u015fyurtlar\u0131nda mesleki yeterlilik s\u0131nav\u0131na girdik. Belgemizi ald\u0131k. Sa\u011f olsun m\u00fcd\u00fcrlerimiz, yard\u0131mc\u0131 oldular. \u015eu anda T\u00fcrkiye\u2019de maalesef d\u0131\u015far\u0131 \u00e7\u0131kt\u0131\u011f\u0131n\u0131zda her tarafta belge isteniyor. Onlar\u0131n sayesinde bizlerde, belge ve meslek sahibi olduk. \u00c7\u0131k\u0131ncada ayn\u0131 devam edece\u011fiz&#8221; diye konu\u015ftu.<\/p>\n<p>\u00d6te yandan, t\u00f6ren sonras\u0131nda Sincan Ceza \u0130nfaz Kurumu Kamp\u00fcs\u00fc i\u00e7erisinde kurulan g\u00fcnde 5 ton kapasitesinde ambalaj at\u0131\u011f\u0131 toplama ve ay\u0131rma tesisi ile y\u0131lda 10 ton kapasitede kompost \u00fcretim yapabilecek tesislerinin a\u00e7\u0131l\u0131\u015f\u0131 yap\u0131ld\u0131. 5 ton kapasiteli ambalaj at\u0131\u011f\u0131 toplama ve ay\u0131rma tesisinde, h\u00fck\u00fcml\u00fc veya tutuklu ko\u011fu\u015flar\u0131nda, ofislerde ve di\u011fer birimlerde kayna\u011f\u0131ndan ayr\u0131 toplanan kar\u0131\u015f\u0131k olarak tesise gelecek ambalaj at\u0131klar\u0131 (pet, ka\u011f\u0131t, plastik, cam ve metal) ayr\u0131\u015ft\u0131rma band\u0131nda \u00e7al\u0131\u015facak, h\u00fck\u00fcml\u00fc veya tutuklular taraf\u0131ndan ka\u011f\u0131t, metal, cam ve plastikler ayr\u0131\u015ft\u0131r\u0131ld\u0131ktan sonra fazla yer kaplamamalar\u0131 i\u00e7in pres makinesinde preslenerek balya haline getirilip kantarda tart\u0131larak lisansl\u0131 geri d\u00f6n\u00fc\u015f\u00fcm tesislerine g\u00f6nderilecek.<\/p>\n<p>Kompost \u00fcretim at\u00f6lyesinde ise, 5 adet kompost makinesi ile yemekhane, ofis ve ko\u011fu\u015flarda; meyve, sebze at\u0131klar\u0131, \u00e7ay posalar\u0131, park ve bah\u00e7elerde olu\u015fan organik at\u0131klar \u00e7\u00f6pe at\u0131lmak yerine kompost makinesinde i\u015flenerek organik kompost g\u00fcbre haline d\u00f6n\u00fc\u015ft\u00fcr\u00fclecek.<\/p>\n<p>Faaliyete ge\u00e7en tesislerde; y\u0131lda bin 825 ton ambalaj at\u0131\u011f\u0131n\u0131n i\u015flenmesi, 15 ton kompost malzemenin \u00fcretilmesi, h\u00fck\u00fcml\u00fc veya tutuklulara at\u0131klar\u0131n geri d\u00f6n\u00fc\u015f\u00fcm\u00fc e\u011fitimi verilerek projenin s\u00fcrd\u00fcr\u00fclebilirli\u011finin sa\u011flanmas\u0131, kamu be\u015feri sermayesinin g\u00fc\u00e7lendirilmesi ve mahkumlar\u0131n tahliye sonras\u0131 istihdam edilebilirliklerinin desteklenmesi, ambalaj at\u0131klar\u0131n\u0131n geri kazan\u0131lmas\u0131 ile \u00e7evre kirlili\u011finin engellenerek \u00e7evreye katk\u0131 sa\u011flanmas\u0131 planlan\u0131yor.<\/p>\n","protected":false},"excerpt":{"rendered":"<p>\u0130\u015eYURTLARINDA MESLEK\u0130 E\u011e\u0130T\u0130M ALAN VE \u00c7E\u015e\u0130TL\u0130 MESLEK DALLARINDA SINAVLARA KATILARAK KAFLAFLIK, USTALIK VE MESLEK\u0130 YETERL\u0130L\u0130K BELGES\u0130 ALMAYA HAK HAZANAN Y\u00dcK\u00dcML\u00dcLER D\u00dcZENLENEN T\u00d6RENLE BELGELER\u0130N\u0130 ALDI.<\/p>\n","protected":false},"author":1,"featured_media":193877,"comment_status":"closed","ping_status":"open","sticky":false,"template":"","format":"standard","meta":{"jetpack_post_was_ever_published":false,"_jetpack_newsletter_access":"","_jetpack_dont_email_post_to_subs":false,"_jetpack_newsletter_tier_id":0,"_jetpack_memberships_contains_paywalled_content":false,"_jetpack_memberships_contains_paid_content":false,"footnotes":"","jetpack_publicize_message":"","jetpack_publicize_feature_enabled":true,"jetpack_social_post_already_shared":true,"jetpack_social_options":{"image_generator_settings":{"template":"highway","default_image_id":0,"font":"","enabled":false},"version":2}},"categories":[1],"tags":[596,45727,3998,48583,14227],"class_list":["post-193876","post","type-post","status-publish","format-standard","has-post-thumbnail","hentry","category-genel","tag-altin","tag-bilezik","tag-hukumlulere","tag-isyurtlari","tag-kurumundan"],"jetpack_publicize_connections":[],"jetpack_featured_media_url":"https:\/\/i0.wp.com\/www.tvturk.com\/wp-content\/uploads\/2019\/08\/isyurtlari-kurumundan-hukumlulere-altin-bilezik_3b775c9.jpg?fit=1000%2C666","jetpack_sharing_enabled":true,"jetpack_shortlink":"https:\/\/wp.me\/paKIfm-Or2","_links":{"self":[{"href":"http:\/\/www.tvturk.com\/index.php\/wp-json\/wp\/v2\/posts\/193876","targetHints":{"allow":["GET"]}}],"collection":[{"href":"http:\/\/www.tvturk.com\/index.php\/wp-json\/wp\/v2\/posts"}],"about":[{"href":"http:\/\/www.tvturk.com\/index.php\/wp-json\/wp\/v2\/types\/post"}],"author":[{"embeddable":true,"href":"http:\/\/www.tvturk.com\/index.php\/wp-json\/wp\/v2\/users\/1"}],"replies":[{"embeddable":true,"href":"http:\/\/www.tvturk.com\/index.php\/wp-json\/wp\/v2\/comments?post=193876"}],"version-history":[{"count":0,"href":"http:\/\/www.tvturk.com\/index.php\/wp-json\/wp\/v2\/posts\/193876\/revisions"}],"wp:featuredmedia":[{"embeddable":true,"href":"http:\/\/www.tvturk.com\/index.php\/wp-json\/wp\/v2\/media\/193877"}],"wp:attachment":[{"href":"http:\/\/www.tvturk.com\/index.php\/wp-json\/wp\/v2\/media?parent=193876"}],"wp:term":[{"taxonomy":"category","embeddable":true,"href":"http:\/\/www.tvturk.com\/index.php\/wp-json\/wp\/v2\/categories?post=193876"},{"taxonomy":"post_tag","embeddable":true,"href":"http:\/\/www.tvturk.com\/index.php\/wp-json\/wp\/v2\/tags?post=193876"}],"curies":[{"name":"wp","href":"https:\/\/api.w.org\/{rel}","templated":true}]}}