{"id":193882,"date":"2019-08-20T15:46:27","date_gmt":"2019-08-20T12:46:27","guid":{"rendered":"http:\/\/www.tvturk.com\/index.php\/boluda-obezite-kanser-dusmani-mor-patates-ilk-kez-topraktan-cikarildi\/"},"modified":"2019-08-20T15:46:27","modified_gmt":"2019-08-20T12:46:27","slug":"boluda-obezite-kanser-dusmani-mor-patates-ilk-kez-topraktan-cikarildi","status":"publish","type":"post","link":"http:\/\/www.tvturk.com\/index.php\/boluda-obezite-kanser-dusmani-mor-patates-ilk-kez-topraktan-cikarildi\/","title":{"rendered":"Bolu\u2019da obezite, kanser d\u00fc\u015fman\u0131 mor patates ilk kez topraktan \u00e7\u0131kar\u0131ld\u0131"},"content":{"rendered":"<p>Bolu\u2019da \u00f6zellikle obezite ile m\u00fccadelede olumlu sonu\u00e7lar veren ve ticari de\u011feri \u00e7ok y\u00fcksek olan mor patatesin \u00fcretimine ba\u015flan\u0131ld\u0131.<\/p>\n<p>Bolu Belediyesi Park ve Bah\u00e7eler M\u00fcd\u00fcrl\u00fc\u011f\u00fc, do\u011fal miras olan ata tohumlar\u0131na sahip \u00e7\u0131kmak amac\u0131yla, Karacasu beldesinde bulunan belediyeye ait serada mor patates yeti\u015ftiricili\u011fine ba\u015flad\u0131. Bolu Belediyesi taraf\u0131ndan tohumluk olarak ge\u00e7ti\u011fimiz aylarda ekimi yap\u0131lan ve g\u00fcn\u00fcm\u00fcz\u00fcn en yayg\u0131n rahats\u0131zl\u0131klar\u0131ndan biri olan obezite ile m\u00fccadelenin olumlu sonu\u00e7lanmas\u0131nda b\u00fcy\u00fck fayda sa\u011flayan, i\u00e7erisinde bar\u0131nd\u0131rd\u0131\u011f\u0131 \u00e7ok say\u0131da vitamin ve minerallerle yararl\u0131 ve ticari de\u011feri y\u00fcksek bir besin olan, mor patatesler ilk kez Belediye Ba\u015fkan Yard\u0131mc\u0131s\u0131 Rasim \u00d6zdemir ve Park ve Bah\u00e7eler M\u00fcd\u00fcr\u00fc Aylin Ayd\u0131n taraf\u0131ndan topraktan \u00e7\u0131kar\u0131ld\u0131.<\/p>\n<p>\u201c\u0130lk defa b\u00f6yle bir \u00e7al\u0131\u015fma yapt\u0131k\u201d<\/p>\n<p>\u00c7ift\u00e7ilere mor patates \u00fcretimi konusunda tavsiyelerde bulunacaklar\u0131n\u0131 ifade eden Rasim \u00d6zdemir, &#8220;Bolu y\u00f6resi bilindi\u011fi gibi patates ile an\u0131lan, patates \u00fcretiminin \u00e7ok oldu\u011fu bir yerdir. Sar\u0131 patatesimiz vard\u0131r d\u00fcnyaca \u00fcnl\u00fc. \u00c7ok lezzetli bir patatestir. Bunun yan\u0131 s\u0131ra Park ve Bah\u00e7eler M\u00fcd\u00fcrl\u00fc\u011f\u00fc olarak ekonomik de\u011feri y\u00fcksek ne yapabiliriz? diye d\u00fc\u015f\u00fcn\u00fcrken mor patates ekimi yapt\u0131k. \u015eimdi de bu patatesleri \u00e7\u0131kartt\u0131k. Ekonomik de\u011feri de \u00e7ok y\u00fcksek. Biz bu konuyla ilgili ilk defa b\u00f6yle bir \u00e7al\u0131\u015fma yapt\u0131k. \u00c7ift\u00e7ilerimize e\u011fer bunun \u00fcretimi uygun olursa onlara da \u00f6n\u00fcm\u00fczdeki y\u0131llarda tavsiye etme y\u00f6ntemine gidece\u011fiz\u201d \u015feklinde konu\u015ftu.<\/p>\n<p>\u201cBunama ve unutkanl\u0131\u011f\u0131 gideriyor\u201d<\/p>\n<p>Mor patatesin obeziteye kar\u015f\u0131 etkili, kalp hastal\u0131klar\u0131na kar\u015f\u0131 koruyucu \u00f6zelli\u011fi ve bunama ve unutkanl\u0131\u011f\u0131 gideren bir \u00f6zelli\u011fe sahip oldu\u011funu belirten Aylin Ayd\u0131n ise \u201cB vitamini, A vitamini ve C vitamini a\u00e7\u0131s\u0131ndan son derece kuvvetli bir besindir. Lif oran\u0131 \u00e7ok y\u00fcksek. Ni\u015fasta oran\u0131 \u00e7ok d\u00fc\u015f\u00fck. \u00c7ok iyi bir karbonhidratt\u0131r. Ayr\u0131ca mor rengine sahip olmas\u0131 nedeniyle do\u011fal bir pigment olarak pastalarda, b\u00f6reklerde, \u00e7ikolatalarda ve bir\u00e7ok \u00e7e\u015fitle sofralar\u0131m\u0131zda g\u00f6rebilece\u011fimiz ticari de\u011feri y\u00fcksek \u00e7ok sa\u011fl\u0131kl\u0131 bir sebze. Tohum olarak biz bunun \u00fcretimine ba\u015flad\u0131k. Tohum olarak bu sene \u00e7o\u011faltmay\u0131 d\u00fc\u015f\u00fcn\u00fcyoruz. Zaten Bolu topra\u011f\u0131 yumrulu bitkilere \u00e7ok yatk\u0131n. Patatesimiz de zaten me\u015fhur. Bu mor patatesin de \u00fcretimini de \u00e7ok kolay yapmaktay\u0131z. Bunu da \u00e7ift\u00e7ilerimize kazand\u0131rmay\u0131 ama\u00e7l\u0131yoruz. Normal patatesten tad\u0131 da farkl\u0131 i\u00e7indeki vitamin olarak da farkl\u0131. Antioksidan de\u011feri \u00e7ok y\u00fcksek. Obeziteye kar\u015f\u0131 etkili. Kalp hastal\u0131klar\u0131na kar\u015f\u0131 koruyucu \u00f6zelli\u011fi var. Ayr\u0131ca bunama ve unutkanl\u0131\u011f\u0131 gideren bir \u00f6zelli\u011fe sahip. Mor besinlerin antioksidan de\u011feri \u00e7ok kuvvetli oldu\u011fu i\u00e7in h\u00fccre koruyucu \u00f6zelli\u011fine sahip\u201d dedi.<\/p>\n","protected":false},"excerpt":{"rendered":"<p>BOLU\u2019DA, \u00d6ZELL\u0130KLE OBEZ\u0130TE \u0130LE M\u00dcCADELEDE OLUMLU SONU\u00c7LAR VEREN VE T\u0130CAR\u0130 DE\u011eER\u0130 \u00c7OK Y\u00dcKEK OLAN MOR PATATES\u0130N \u00dcRET\u0130M\u0130NE BA\u015eLANILDI. BOLU BELED\u0130YES\u0130 TARAFINDAN TOHUMLUK OLARAK YET\u0130\u015eT\u0130R\u0130LEN MOR PATATESLER \u0130LK KEZ TOPRAKTAN \u00c7IKARILDI.<\/p>\n","protected":false},"author":1,"featured_media":193883,"comment_status":"closed","ping_status":"open","sticky":false,"template":"","format":"standard","meta":{"jetpack_post_was_ever_published":false,"_jetpack_newsletter_access":"","_jetpack_dont_email_post_to_subs":false,"_jetpack_newsletter_tier_id":0,"_jetpack_memberships_contains_paywalled_content":false,"_jetpack_memberships_contains_paid_content":false,"footnotes":"","jetpack_publicize_message":"","jetpack_publicize_feature_enabled":true,"jetpack_social_post_already_shared":true,"jetpack_social_options":{"image_generator_settings":{"template":"highway","default_image_id":0,"font":"","enabled":false},"version":2}},"categories":[1],"tags":[4778,2745,3587,24777,37,350,1497,9982,9317,30203],"class_list":["post-193882","post","type-post","status-publish","format-standard","has-post-thumbnail","hentry","category-genel","tag-obezite","tag-boluda","tag-cikarildi","tag-dusmani","tag-ilk","tag-kanser","tag-kez","tag-mor","tag-patates","tag-topraktan"],"jetpack_publicize_connections":[],"jetpack_featured_media_url":"https:\/\/i0.wp.com\/www.tvturk.com\/wp-content\/uploads\/2019\/08\/boluda-obezite-kanser-dusmani-mor-patates-ilk-kez-topraktan-cikarildi_55a5d42.jpg?fit=1000%2C666","jetpack_sharing_enabled":true,"jetpack_shortlink":"https:\/\/wp.me\/paKIfm-Or8","_links":{"self":[{"href":"http:\/\/www.tvturk.com\/index.php\/wp-json\/wp\/v2\/posts\/193882","targetHints":{"allow":["GET"]}}],"collection":[{"href":"http:\/\/www.tvturk.com\/index.php\/wp-json\/wp\/v2\/posts"}],"about":[{"href":"http:\/\/www.tvturk.com\/index.php\/wp-json\/wp\/v2\/types\/post"}],"author":[{"embeddable":true,"href":"http:\/\/www.tvturk.com\/index.php\/wp-json\/wp\/v2\/users\/1"}],"replies":[{"embeddable":true,"href":"http:\/\/www.tvturk.com\/index.php\/wp-json\/wp\/v2\/comments?post=193882"}],"version-history":[{"count":0,"href":"http:\/\/www.tvturk.com\/index.php\/wp-json\/wp\/v2\/posts\/193882\/revisions"}],"wp:featuredmedia":[{"embeddable":true,"href":"http:\/\/www.tvturk.com\/index.php\/wp-json\/wp\/v2\/media\/193883"}],"wp:attachment":[{"href":"http:\/\/www.tvturk.com\/index.php\/wp-json\/wp\/v2\/media?parent=193882"}],"wp:term":[{"taxonomy":"category","embeddable":true,"href":"http:\/\/www.tvturk.com\/index.php\/wp-json\/wp\/v2\/categories?post=193882"},{"taxonomy":"post_tag","embeddable":true,"href":"http:\/\/www.tvturk.com\/index.php\/wp-json\/wp\/v2\/tags?post=193882"}],"curies":[{"name":"wp","href":"https:\/\/api.w.org\/{rel}","templated":true}]}}